{"id":18545,"date":"2018-01-31T07:55:12","date_gmt":"2018-01-31T06:55:12","guid":{"rendered":"http:\/\/www.rwg-bayreuth.de\/home\/?p=18545"},"modified":"2019-01-28T16:52:22","modified_gmt":"2019-01-28T15:52:22","slug":"die-demokratie-braucht-unser-engagement","status":"publish","type":"post","link":"https:\/\/www.rwg-bayreuth.de\/home\/?p=18545","title":{"rendered":"Die Demokratie braucht unser Engagement"},"content":{"rendered":"<div id=\"attachment_18546\" style=\"width: 460px\" class=\"wp-caption aligncenter\"><a href=\"https:\/\/www.rwg-bayreuth.de\/home\/wp-content\/uploads\/2018\/01\/17-18-Kramme-Diskussion-450.jpg\"><img loading=\"lazy\" decoding=\"async\" aria-describedby=\"caption-attachment-18546\" src=\"https:\/\/www.rwg-bayreuth.de\/home\/wp-content\/uploads\/2018\/01\/17-18-Kramme-Diskussion-450.jpg\" alt=\"\" class=\"size-full wp-image-18546\" width=\"450\" height=\"296\" srcset=\"https:\/\/www.rwg-bayreuth.de\/home\/wp-content\/uploads\/2018\/01\/17-18-Kramme-Diskussion-450.jpg 450w, https:\/\/www.rwg-bayreuth.de\/home\/wp-content\/uploads\/2018\/01\/17-18-Kramme-Diskussion-450-250x164.jpg 250w\" sizes=\"(max-width: 450px) 100vw, 450px\" \/><\/a><p id=\"caption-attachment-18546\" class=\"wp-caption-text\">In der Aula kam es zu einem engagierten Meinungsaustausch.<\/p><\/div>\n<p>Einen ganzen Vormittag hatten die Sch\u00fcler der Q11 die Gelegenheit, Politik aus erster Hand zu erleben: Die parlamentarische Staatssekret\u00e4rin bei der Bundesministerin f\u00fcr Arbeit und Soziales und SPD-Abgeordnete des Wahlkreises Bayreuth, Frau Anette Kramme war zu einem Gespr\u00e4ch zu Gast.<\/p>\n<p>Sie folgte der Einladung der Fachschaft Geschichte\/ Sozialkunde des RWG und kam in die Aula der Schule, wo sie sich den zahlreichen Fragen der Oberstufensch\u00fcler zum Thema Demokratieverst\u00e4ndnis sehr aufmerksam und engagiert stellte.<\/p>\n<p>Neben Themen wie dem pers\u00f6nlichen politischen Werdegang der Politikerin interessierte die Sch\u00fcler vor allem der aktuelle Umgang der Parteien mit der AfD im Bundestag und im allgemeinen Politikgeschehen. Vielen Sch\u00fclern lag auch der zunehmende Rechtsextremismus vor allem bei Jugendlichen am Herzen und sie fragten Frau Kramme eindringlich und mehrfach danach, welche Strategien die Politiker in Berlin einsetzen, um diesen zu bek\u00e4mpfen bzw. zu verhindern.<\/p>\n<p>Im Zusammenhang mit der aktuellen Fl\u00fcchtlingsfrage wurde der Wunsch vieler nach mehr sozialer Gerechtigkeit, ob im Hinblick auf die Studien- und Berufsm\u00f6glichkeiten der jungen Fastabiturienten oder im Hinblick auf die deutsche Gesellschaft insgesamt thematisiert und teilweise sehr emotional diskutiert.<\/p>\n<div id=\"attachment_18547\" style=\"width: 460px\" class=\"wp-caption aligncenter\"><a href=\"https:\/\/www.rwg-bayreuth.de\/home\/wp-content\/uploads\/2018\/01\/17-18-Kramme-450.jpg\"><img loading=\"lazy\" decoding=\"async\" aria-describedby=\"caption-attachment-18547\" src=\"https:\/\/www.rwg-bayreuth.de\/home\/wp-content\/uploads\/2018\/01\/17-18-Kramme-450.jpg\" alt=\"\" class=\"size-full wp-image-18547\" width=\"450\" height=\"300\" srcset=\"https:\/\/www.rwg-bayreuth.de\/home\/wp-content\/uploads\/2018\/01\/17-18-Kramme-450.jpg 450w, https:\/\/www.rwg-bayreuth.de\/home\/wp-content\/uploads\/2018\/01\/17-18-Kramme-450-250x167.jpg 250w\" sizes=\"(max-width: 450px) 100vw, 450px\" \/><\/a><p id=\"caption-attachment-18547\" class=\"wp-caption-text\">Anette Kramme nahm sich viel Zeit f\u00fcr das Gespr\u00e4ch mit unseren Sch\u00fclern.<\/p><\/div>\n<p>Frau Kramme beantwortete alle Fragen sehr offen und nahm alle Anliegen unserer Sch\u00fclerInnen sehr ernst, so dass die zwei Stunden Diskussionsrunde schnell verflogen und die Sch\u00fcler einen Hauch der gro\u00dfen weiten politischen Welt in ihrer Schule erleben konnten. Wir danken der Bundestagsabgeordneten f\u00fcr den sehr lehrreichen und abwechslungsreichen Besuch!<\/p>\n<p><em>M. Herrmann-Maier<\/em><\/p>\n","protected":false},"excerpt":{"rendered":"<p>Einen ganzen Vormittag hatten die Sch\u00fcler der Q11 die Gelegenheit, Politik aus erster Hand zu erleben: Die parlamentarische Staatssekret\u00e4rin bei der Bundesministerin f\u00fcr Arbeit und Soziales und SPD-Abgeordnete des Wahlkreises Bayreuth, Frau Anette Kramme war zu einem Gespr\u00e4ch zu Gast. Sie folgte der Einladung der Fachschaft Geschichte\/ Sozialkunde des RWG und kam in die Aula&hellip;<\/p>\n","protected":false},"author":1,"featured_media":18546,"comment_status":"closed","ping_status":"closed","sticky":false,"template":"","format":"standard","meta":{"footnotes":""},"categories":[1],"tags":[51,52],"_links":{"self":[{"href":"https:\/\/www.rwg-bayreuth.de\/home\/index.php?rest_route=\/wp\/v2\/posts\/18545"}],"collection":[{"href":"https:\/\/www.rwg-bayreuth.de\/home\/index.php?rest_route=\/wp\/v2\/posts"}],"about":[{"href":"https:\/\/www.rwg-bayreuth.de\/home\/index.php?rest_route=\/wp\/v2\/types\/post"}],"author":[{"embeddable":true,"href":"https:\/\/www.rwg-bayreuth.de\/home\/index.php?rest_route=\/wp\/v2\/users\/1"}],"replies":[{"embeddable":true,"href":"https:\/\/www.rwg-bayreuth.de\/home\/index.php?rest_route=%2Fwp%2Fv2%2Fcomments&post=18545"}],"version-history":[{"count":3,"href":"https:\/\/www.rwg-bayreuth.de\/home\/index.php?rest_route=\/wp\/v2\/posts\/18545\/revisions"}],"predecessor-version":[{"id":20356,"href":"https:\/\/www.rwg-bayreuth.de\/home\/index.php?rest_route=\/wp\/v2\/posts\/18545\/revisions\/20356"}],"wp:featuredmedia":[{"embeddable":true,"href":"https:\/\/www.rwg-bayreuth.de\/home\/index.php?rest_route=\/wp\/v2\/media\/18546"}],"wp:attachment":[{"href":"https:\/\/www.rwg-bayreuth.de\/home\/index.php?rest_route=%2Fwp%2Fv2%2Fmedia&parent=18545"}],"wp:term":[{"taxonomy":"category","embeddable":true,"href":"https:\/\/www.rwg-bayreuth.de\/home\/index.php?rest_route=%2Fwp%2Fv2%2Fcategories&post=18545"},{"taxonomy":"post_tag","embeddable":true,"href":"https:\/\/www.rwg-bayreuth.de\/home\/index.php?rest_route=%2Fwp%2Fv2%2Ftags&post=18545"}],"curies":[{"name":"wp","href":"https:\/\/api.w.org\/{rel}","templated":true}]}}