{"id":18500,"date":"2018-01-25T18:21:38","date_gmt":"2018-01-25T17:21:38","guid":{"rendered":"http:\/\/www.rwg-bayreuth.de\/home\/?p=18500"},"modified":"2018-01-29T11:55:39","modified_gmt":"2018-01-29T10:55:39","slug":"es-darf-kein-vergessen-geben","status":"publish","type":"post","link":"https:\/\/www.rwg-bayreuth.de\/home\/?p=18500","title":{"rendered":"Es darf kein Vergessen geben"},"content":{"rendered":"<div id=\"attachment_18501\" style=\"width: 460px\" class=\"wp-caption aligncenter\"><a href=\"https:\/\/www.rwg-bayreuth.de\/home\/wp-content\/uploads\/2018\/01\/17-18-Gedenkfeier-Goldberg450.jpg\"><img loading=\"lazy\" decoding=\"async\" aria-describedby=\"caption-attachment-18501\" class=\"size-full wp-image-18501\" src=\"https:\/\/www.rwg-bayreuth.de\/home\/wp-content\/uploads\/2018\/01\/17-18-Gedenkfeier-Goldberg450.jpg\" alt=\"\" width=\"450\" height=\"321\" srcset=\"https:\/\/www.rwg-bayreuth.de\/home\/wp-content\/uploads\/2018\/01\/17-18-Gedenkfeier-Goldberg450.jpg 450w, https:\/\/www.rwg-bayreuth.de\/home\/wp-content\/uploads\/2018\/01\/17-18-Gedenkfeier-Goldberg450-250x178.jpg 250w\" sizes=\"(max-width: 450px) 100vw, 450px\" \/><\/a><p id=\"caption-attachment-18501\" class=\"wp-caption-text\">Rabbiner David Goldberg sprach vor der Gedenktafel mit den Namen der ermordeten j\u00fcdischen Mitsch\u00fclerinnen ein Gebet.<\/p><\/div>\n<p>Mit einer Gedenkfeier und der Enth\u00fcllung einer Erinnerungstafel gedachte unsere Schule ihrer j\u00fcdischen Mitsch\u00fclerinnen. Insgesamt 184 Namen von M\u00e4dchen sind belegt, die seit der Schulgr\u00fcndung unsere Schule besucht haben, von 46 ist bekannt, dass sie den Holocaust nicht \u00fcberlebt haben, von vielen anderen verliert sich die Spur.<\/p>\n<p>\u201eNie wieder darf in Frage gestellt werden, dass alle Menschen die gleiche W\u00fcrde haben, nie wieder darf es Ausgrenzung, Rassismus, Antisemitismus geben \u2013 nicht in unserer Stadt, nicht in unserem Land,\u201c res\u00fcmierte Oberb\u00fcrgermeisterin Brigitte Merk-Erbe die Lehre, die daraus zu ziehen ist.<\/p>\n<div id=\"attachment_18502\" style=\"width: 460px\" class=\"wp-caption aligncenter\"><a href=\"https:\/\/www.rwg-bayreuth.de\/home\/wp-content\/uploads\/2018\/01\/17-18-Gedenkfeier-Graf450.jpg\"><img loading=\"lazy\" decoding=\"async\" aria-describedby=\"caption-attachment-18502\" class=\"size-full wp-image-18502\" src=\"https:\/\/www.rwg-bayreuth.de\/home\/wp-content\/uploads\/2018\/01\/17-18-Gedenkfeier-Graf450.jpg\" alt=\"\" width=\"450\" height=\"301\" srcset=\"https:\/\/www.rwg-bayreuth.de\/home\/wp-content\/uploads\/2018\/01\/17-18-Gedenkfeier-Graf450.jpg 450w, https:\/\/www.rwg-bayreuth.de\/home\/wp-content\/uploads\/2018\/01\/17-18-Gedenkfeier-Graf450-250x167.jpg 250w\" sizes=\"(max-width: 450px) 100vw, 450px\" \/><\/a><p id=\"caption-attachment-18502\" class=\"wp-caption-text\">Schulleiterin Ursula Graf verlangte, dass es keine Ressentiments gegen andere geben darf.<\/p><\/div>\n<p>Man kann es auch ausdr\u00fccken wie Schulleiterin Ursula Graf: \u201eDiese Sch\u00fclerinnen wurden hier in dieser Schule verfolgt, die Verantwortung daf\u00fcr ist nicht verhandelbar.\u201c In ihrer Gru\u00dfansprache hatte sie daran erinnert, dass das 150-j\u00e4hrige Schuljubil\u00e4um, welches das RWG 2017 begehen konnte, eigentlich ein fr\u00f6hliches Fest war. Aber auch die dunkle Seite der Schulgeschichte d\u00fcrfe nicht \u00fcbergangen werden und ihr wolle sich das RWG stellen. Sie w\u00fcnsche sich einen Umgang mit anderen ohne Vorurteile und Ressentiments. Hier seien die Eltern, die Familien, aber auch in besonderem Ma\u00dfe die Schule und die Lehrer gefordert, ihrer erzieherischen Verantwortung nachzukommen. Am RWG heute w\u00fcrden Sch\u00fcler aller Herkunft und aller Religionsgemeinschaften unterrichtet und die Schule wolle f\u00fcr eine Schule ohne Rassismus, daf\u00fcr aber mit Verst\u00e4ndnis und Toleranz stehen.<\/p>\n<div id=\"attachment_18503\" style=\"width: 460px\" class=\"wp-caption aligncenter\"><a href=\"https:\/\/www.rwg-bayreuth.de\/home\/wp-content\/uploads\/2018\/01\/17-18-Gedenkfeier-Gothart-4505.jpg\"><img loading=\"lazy\" decoding=\"async\" aria-describedby=\"caption-attachment-18503\" class=\"size-full wp-image-18503\" src=\"https:\/\/www.rwg-bayreuth.de\/home\/wp-content\/uploads\/2018\/01\/17-18-Gedenkfeier-Gothart-4505.jpg\" alt=\"\" width=\"450\" height=\"334\" srcset=\"https:\/\/www.rwg-bayreuth.de\/home\/wp-content\/uploads\/2018\/01\/17-18-Gedenkfeier-Gothart-4505.jpg 450w, https:\/\/www.rwg-bayreuth.de\/home\/wp-content\/uploads\/2018\/01\/17-18-Gedenkfeier-Gothart-4505-250x186.jpg 250w\" sizes=\"(max-width: 450px) 100vw, 450px\" \/><\/a><p id=\"caption-attachment-18503\" class=\"wp-caption-text\">Felix Gothart, der Vorsitzende der israelitischen Kultusgemeinde, erinnerte daran, dass der Gedenktag der Jahrestag der Befreiung des Konzentrationslagers Auschwitz sei.<\/p><\/div>\n<p>Der Vorsitzende der Israelitischen Kultusgemeinde Bayreuth, Felix Gothart, erinnerte daran, dass der Gedenktag am RWG fast mit dem Jahrestag der Befreiung des Konzentrationslagers Auschwitz zusammenfalle. Auch wenn viele Erinnerungen verblassten, gelte dies nicht f\u00fcr Schuld und Verantwortung. Der Weg in die zynische Nazi-Barbarei sei ein \u00f6ffentlicher gewesen und keineswegs abrupt: Die Gewalt habe von Anfang an im Licht der \u00d6ffentlichkeit stattgefunden und viele h\u00e4tten dabei weggeschaut. Er sprach seine Sorge aus, dass der Antisemitismus wieder &#8222;salonf\u00e4hig&#8220; werden k\u00f6nnte \u2013 &#8222;in den Feuilletons der Zeitungen oder den Leserbriefseiten der Lokalpresse&#8220;. Dem und dem \u201eschleichenden Vergessen\u201c m\u00fcsse Einhalt geboten werden. Die wahren Helden der Geschichte seien f\u00fcr ihn diejenigen, die \u00fcberlebt h\u00e4tten und die Kraft gefunden h\u00e4tten, nach den traumatischen Erlebnissen der Verfolgung ein neues Leben aufzubauen. \u00dcber Gr\u00e4ben hinweg ausgestreckte H\u00e4nde verdienten es, ergriffen zu werden.<\/p>\n<div id=\"attachment_18504\" style=\"width: 460px\" class=\"wp-caption aligncenter\"><a href=\"https:\/\/www.rwg-bayreuth.de\/home\/wp-content\/uploads\/2018\/01\/17-18-Gedenkfeier-Merk-Erbe-450.jpg\"><img loading=\"lazy\" decoding=\"async\" aria-describedby=\"caption-attachment-18504\" class=\"size-full wp-image-18504\" src=\"https:\/\/www.rwg-bayreuth.de\/home\/wp-content\/uploads\/2018\/01\/17-18-Gedenkfeier-Merk-Erbe-450.jpg\" alt=\"\" width=\"450\" height=\"353\" srcset=\"https:\/\/www.rwg-bayreuth.de\/home\/wp-content\/uploads\/2018\/01\/17-18-Gedenkfeier-Merk-Erbe-450.jpg 450w, https:\/\/www.rwg-bayreuth.de\/home\/wp-content\/uploads\/2018\/01\/17-18-Gedenkfeier-Merk-Erbe-450-250x196.jpg 250w\" sizes=\"(max-width: 450px) 100vw, 450px\" \/><\/a><p id=\"caption-attachment-18504\" class=\"wp-caption-text\">Oberb\u00fcrgermeisterin Brigitte Merk-Erbe stellte die Verfolgung der Sch\u00fclerinnen an der T\u00f6chterschule in den Zusammenhang mit dem Schicksal der Juden in der Stadt.<\/p><\/div>\n<p>Oberb\u00fcrgermeisterin Brigitte Merk-Erbe zeigte in ihrer Ansprache zun\u00e4chst auf, dass das \u201egedeihliche Zusammenleben\u201c der Konfessionen an der damaligen H\u00f6heren T\u00f6chterschule 1933 mit 46 nachweisbaren Opfern unter den j\u00fcdischen Sch\u00fclerinnen geendet habe. Das dunkle Kapitel der Schulgeschichte sei zugleich ein dunkles Kapitel der Stadt: F\u00fcr die erste Deportation aus Bayreuth im Jahr 1941 seien 46 Opfer belegt, von denen nur vier den Holocaust \u00fcberlebten. Die zweite Deportation 1942 kannte gar keine \u00dcberlebenden. Aus Unsicherheit oder Gedankenlosigkeit sei dieser \u2013 wie es in der Festschrift zum Jubil\u00e4um hei\u00dft &#8211; \u201eTiefpunkt der Schulgeschichte\u201c lange \u00fcbergangen worden. Jetzt komme der Gedenktafel und der Auseinandersetzung mit den darauf verewigten Namen als ein Zeichen der Erinnerung eine besondere Bedeutung zu: \u201eDas schulden wir den Opfern, uns selbst und der nachfolgenden Generation\u201c.<\/p>\n<div id=\"attachment_18505\" style=\"width: 460px\" class=\"wp-caption aligncenter\"><a href=\"https:\/\/www.rwg-bayreuth.de\/home\/wp-content\/uploads\/2018\/01\/17-18-Gedenkfeier-SMV450.jpg\"><img loading=\"lazy\" decoding=\"async\" aria-describedby=\"caption-attachment-18505\" class=\"size-full wp-image-18505\" src=\"https:\/\/www.rwg-bayreuth.de\/home\/wp-content\/uploads\/2018\/01\/17-18-Gedenkfeier-SMV450.jpg\" alt=\"\" width=\"450\" height=\"332\" srcset=\"https:\/\/www.rwg-bayreuth.de\/home\/wp-content\/uploads\/2018\/01\/17-18-Gedenkfeier-SMV450.jpg 450w, https:\/\/www.rwg-bayreuth.de\/home\/wp-content\/uploads\/2018\/01\/17-18-Gedenkfeier-SMV450-250x184.jpg 250w\" sizes=\"(max-width: 450px) 100vw, 450px\" \/><\/a><p id=\"caption-attachment-18505\" class=\"wp-caption-text\">Die SMV, vertreten durch Fiona Pondor, Jonas Heinekamp und Kamuran Feger, w\u00fcnschten sich eine Schule ohne Rassismus, aber mit Courage.<\/p><\/div>\n<p>Als Vertreter der Sch\u00fclerschaft erinnerten Fiona Pondor, Jonas Heinekamp und Kamuran Feger daran, dass der Schulleiter w\u00e4hrend der NS-Zeit ein \u00fcberzeugter Verfechter des Regimes gewesen sei. Den Zeitgenossen hielten sie zugute, dass es f\u00fcr sie schwer gewesen sei, die Zusammenh\u00e4nge zu erkennen, weil sie zun\u00e4chst nicht wissen konnten, was Faschismus bedeute. F\u00fcr uns heute gelte das nach den Erfahrungen mit dem Nazi-Regime nicht mehr: K\u00fcnftig gebe es keine Entschuldigung mehr und es liege in unserer Hand, unsere Zukunft zu gestalten \u2013 daf\u00fcr wolle das RWG eine Schule sein ohne Rassismus, aber daf\u00fcr mit Courage.<\/p>\n<div id=\"attachment_18507\" style=\"width: 460px\" class=\"wp-caption aligncenter\"><a href=\"https:\/\/www.rwg-bayreuth.de\/home\/wp-content\/uploads\/2018\/01\/17-18-Gedenkfeier-H\u00fcbschmann-450l.jpg\"><img loading=\"lazy\" decoding=\"async\" aria-describedby=\"caption-attachment-18507\" class=\"size-full wp-image-18507\" src=\"https:\/\/www.rwg-bayreuth.de\/home\/wp-content\/uploads\/2018\/01\/17-18-Gedenkfeier-H\u00fcbschmann-450l.jpg\" alt=\"\" width=\"450\" height=\"344\" srcset=\"https:\/\/www.rwg-bayreuth.de\/home\/wp-content\/uploads\/2018\/01\/17-18-Gedenkfeier-H\u00fcbschmann-450l.jpg 450w, https:\/\/www.rwg-bayreuth.de\/home\/wp-content\/uploads\/2018\/01\/17-18-Gedenkfeier-H\u00fcbschmann-450l-250x191.jpg 250w\" sizes=\"(max-width: 450px) 100vw, 450px\" \/><\/a><p id=\"caption-attachment-18507\" class=\"wp-caption-text\">Dr. Ekkehard H\u00fcbschmann w\u00fcrdigte die Ereignisse aus der Sicht des Historikers, der die Fakten recherchieren muss.<\/p><\/div>\n<p>Dr. Ekkehard H\u00fcbschmann beleuchtete die Dinge aus der Sicht des Historikers, der seine Aufgabe darin sieht, Menschenschicksale zu recherchieren und Fakten zu finden. Hilfreich seien dabei die Jahresberichte und Archivunterlagen der Schule gewesen, aber auch pers\u00f6nliche Kontakte zu Zeitzeugen wie Luise Dietzfelbinger, die an der Schule Sch\u00fclerin und nach dem Krieg Lehrerin war. Keineswegs sei beim Holocaust so b\u00fcrokratisch vorgegangen worden wie man oft kolportiert: Deportationslisten seien oft unzuverl\u00e4ssig, in den Lagern gab es nur Nummern statt Namen. Wer sofort get\u00f6tet wurde, sei gar nicht erfasst worden. Oft gebe es nur den Hinweis \u201everschollen\u201c, was im Klartext bedeute, dass die Person wahrscheinlich get\u00f6tet wurde. Rekonstruktionen von Schicksalen seien oft von Archivverzeichnissen m\u00f6glich: Auch im Bayreuther Stadtarchiv gibt es Aufzeichnungen \u00fcber versteigerte Wohnungen, Mobiliar und Inventar, die transparent machten, was sich in der Zeit zugetragen habe.<\/p>\n<p>Die Enth\u00fcllung der Gedenktafel fand im Direktoratsgang statt: Dort hat die Glastafel mit den eingravierten Namen der 46 Opfer jetzt einen w\u00fcrdigen Platz. Die Enth\u00fcllung nahm Rabbiner David Goldberg vor, der ein Gebet sprach.<\/p>\n<p>F\u00fcr die angemessen feierliche musikalische Umrahmung sorgten Wolfgang Linhardt (Klarinette) und Helmut Mehling (Klavier) mit j\u00fcdischen Weisen. Die Verpflegung der G\u00e4ste lag in den H\u00e4nden der Catering-Gruppe von Annegret Hupe.<\/p>\n<div id=\"attachment_18508\" style=\"width: 460px\" class=\"wp-caption aligncenter\"><a href=\"https:\/\/www.rwg-bayreuth.de\/home\/wp-content\/uploads\/2018\/01\/17-18-Gedenkfeier-Beweirtung-450.jpg\"><img loading=\"lazy\" decoding=\"async\" aria-describedby=\"caption-attachment-18508\" class=\"size-full wp-image-18508\" src=\"https:\/\/www.rwg-bayreuth.de\/home\/wp-content\/uploads\/2018\/01\/17-18-Gedenkfeier-Beweirtung-450.jpg\" alt=\"\" width=\"450\" height=\"364\" srcset=\"https:\/\/www.rwg-bayreuth.de\/home\/wp-content\/uploads\/2018\/01\/17-18-Gedenkfeier-Beweirtung-450.jpg 450w, https:\/\/www.rwg-bayreuth.de\/home\/wp-content\/uploads\/2018\/01\/17-18-Gedenkfeier-Beweirtung-450-250x202.jpg 250w\" sizes=\"(max-width: 450px) 100vw, 450px\" \/><\/a><p id=\"caption-attachment-18508\" class=\"wp-caption-text\">Das Catering-Team k\u00fcmmerte sich um die Bewirtung der G\u00e4ste.<\/p><\/div>\n","protected":false},"excerpt":{"rendered":"<p>Mit einer Gedenkfeier und der Enth\u00fcllung einer Erinnerungstafel gedachte unsere Schule ihrer j\u00fcdischen Mitsch\u00fclerinnen. Insgesamt 184 Namen von M\u00e4dchen sind belegt, die seit der Schulgr\u00fcndung unsere Schule besucht haben, von 46 ist bekannt, dass sie den Holocaust nicht \u00fcberlebt haben, von vielen anderen verliert sich die Spur. \u201eNie wieder darf in Frage gestellt werden, dass&hellip;<\/p>\n","protected":false},"author":2,"featured_media":18501,"comment_status":"closed","ping_status":"closed","sticky":false,"template":"","format":"standard","meta":{"footnotes":""},"categories":[1],"tags":[51],"_links":{"self":[{"href":"https:\/\/www.rwg-bayreuth.de\/home\/index.php?rest_route=\/wp\/v2\/posts\/18500"}],"collection":[{"href":"https:\/\/www.rwg-bayreuth.de\/home\/index.php?rest_route=\/wp\/v2\/posts"}],"about":[{"href":"https:\/\/www.rwg-bayreuth.de\/home\/index.php?rest_route=\/wp\/v2\/types\/post"}],"author":[{"embeddable":true,"href":"https:\/\/www.rwg-bayreuth.de\/home\/index.php?rest_route=\/wp\/v2\/users\/2"}],"replies":[{"embeddable":true,"href":"https:\/\/www.rwg-bayreuth.de\/home\/index.php?rest_route=%2Fwp%2Fv2%2Fcomments&post=18500"}],"version-history":[{"count":13,"href":"https:\/\/www.rwg-bayreuth.de\/home\/index.php?rest_route=\/wp\/v2\/posts\/18500\/revisions"}],"predecessor-version":[{"id":18536,"href":"https:\/\/www.rwg-bayreuth.de\/home\/index.php?rest_route=\/wp\/v2\/posts\/18500\/revisions\/18536"}],"wp:featuredmedia":[{"embeddable":true,"href":"https:\/\/www.rwg-bayreuth.de\/home\/index.php?rest_route=\/wp\/v2\/media\/18501"}],"wp:attachment":[{"href":"https:\/\/www.rwg-bayreuth.de\/home\/index.php?rest_route=%2Fwp%2Fv2%2Fmedia&parent=18500"}],"wp:term":[{"taxonomy":"category","embeddable":true,"href":"https:\/\/www.rwg-bayreuth.de\/home\/index.php?rest_route=%2Fwp%2Fv2%2Fcategories&post=18500"},{"taxonomy":"post_tag","embeddable":true,"href":"https:\/\/www.rwg-bayreuth.de\/home\/index.php?rest_route=%2Fwp%2Fv2%2Ftags&post=18500"}],"curies":[{"name":"wp","href":"https:\/\/api.w.org\/{rel}","templated":true}]}}