{"id":18147,"date":"2017-12-14T11:51:34","date_gmt":"2017-12-14T10:51:34","guid":{"rendered":"http:\/\/www.rwg-bayreuth.de\/home\/?p=18147"},"modified":"2020-02-04T18:40:33","modified_gmt":"2020-02-04T17:40:33","slug":"die-medientutoren-legten-los","status":"publish","type":"post","link":"https:\/\/www.rwg-bayreuth.de\/home\/?p=18147","title":{"rendered":"Die Medientutoren legten los"},"content":{"rendered":"<div id=\"attachment_18150\" style=\"width: 460px\" class=\"wp-caption aligncenter\"><a href=\"https:\/\/www.rwg-bayreuth.de\/home\/wp-content\/uploads\/2017\/12\/17-18-Medientutoren-1-450.jpg\"><img loading=\"lazy\" decoding=\"async\" aria-describedby=\"caption-attachment-18150\" src=\"https:\/\/www.rwg-bayreuth.de\/home\/wp-content\/uploads\/2017\/12\/17-18-Medientutoren-1-450.jpg\" alt=\"\" width=\"450\" height=\"298\" class=\"size-full wp-image-18150\" srcset=\"https:\/\/www.rwg-bayreuth.de\/home\/wp-content\/uploads\/2017\/12\/17-18-Medientutoren-1-450.jpg 450w, https:\/\/www.rwg-bayreuth.de\/home\/wp-content\/uploads\/2017\/12\/17-18-Medientutoren-1-450-250x166.jpg 250w\" sizes=\"(max-width: 450px) 100vw, 450px\" \/><\/a><p id=\"caption-attachment-18150\" class=\"wp-caption-text\">Der Computerraum war der ideale Ort f\u00fcr die Ausbildung der Medientutoren.<\/p><\/div>\n<p>Die neuen Medientutoren haben ihre erste Ausbildungssitzung absolviert. <\/p>\n<p>Aus allen Klassen waren die schon ernannten Medientutoren anwesend. Sie wurden in zwei Gruppen sehr umfassend zum Thema \u201eMedien\u201c geschult. In den Klassenzimmern der sechsten Klassen wurden sie in die technischen Besonderheiten eingewiesen, damit sie mit den Ger\u00e4ten umgehen k\u00f6nnen. Im Altbaucomputerraum bekamen sie eine Einf\u00fchrung in die Mebis Plattform, die (anders als die privaten sozialen Netzwerke) die vom Kultusministerium offiziell bebilligte Austauschplattform f\u00fcr schulisches Lernen und Arbeiten ist.<\/p>\n<div id=\"attachment_18151\" style=\"width: 460px\" class=\"wp-caption aligncenter\"><a href=\"https:\/\/www.rwg-bayreuth.de\/home\/wp-content\/uploads\/2017\/12\/17-18-Medientutoren-2-450.jpg\"><img loading=\"lazy\" decoding=\"async\" aria-describedby=\"caption-attachment-18151\" src=\"https:\/\/www.rwg-bayreuth.de\/home\/wp-content\/uploads\/2017\/12\/17-18-Medientutoren-2-450.jpg\" alt=\"\" width=\"450\" height=\"298\" class=\"size-full wp-image-18151\" srcset=\"https:\/\/www.rwg-bayreuth.de\/home\/wp-content\/uploads\/2017\/12\/17-18-Medientutoren-2-450.jpg 450w, https:\/\/www.rwg-bayreuth.de\/home\/wp-content\/uploads\/2017\/12\/17-18-Medientutoren-2-450-250x166.jpg 250w\" sizes=\"(max-width: 450px) 100vw, 450px\" \/><\/a><p id=\"caption-attachment-18151\" class=\"wp-caption-text\">Herr Mehl zeigte, wie die Medientechnik in den Klassenzimmern funktioniert.<\/p><\/div>\n<p>Sie wurden au\u00dferdem \u00fcber die Aufgaben der Medientutoren eingewiesen und bekamen eine Einf\u00fchrung, was man im Netz mit Filmen und Bildern darf. Zum Abschluss bekam jeder Teilnehmer eine Urkunde \u00fcber die erfolgreiche Teilnahme.<\/p>\n","protected":false},"excerpt":{"rendered":"<p>Die neuen Medientutoren haben ihre erste Ausbildungssitzung absolviert. Aus allen Klassen waren die schon ernannten Medientutoren anwesend. Sie wurden in zwei Gruppen sehr umfassend zum Thema \u201eMedien\u201c geschult. In den Klassenzimmern der sechsten Klassen wurden sie in die technischen Besonderheiten eingewiesen, damit sie mit den Ger\u00e4ten umgehen k\u00f6nnen. Im Altbaucomputerraum bekamen sie eine Einf\u00fchrung in&hellip;<\/p>\n","protected":false},"author":2,"featured_media":18150,"comment_status":"closed","ping_status":"closed","sticky":false,"template":"","format":"standard","meta":{"footnotes":""},"categories":[1],"tags":[51,122],"_links":{"self":[{"href":"https:\/\/www.rwg-bayreuth.de\/home\/index.php?rest_route=\/wp\/v2\/posts\/18147"}],"collection":[{"href":"https:\/\/www.rwg-bayreuth.de\/home\/index.php?rest_route=\/wp\/v2\/posts"}],"about":[{"href":"https:\/\/www.rwg-bayreuth.de\/home\/index.php?rest_route=\/wp\/v2\/types\/post"}],"author":[{"embeddable":true,"href":"https:\/\/www.rwg-bayreuth.de\/home\/index.php?rest_route=\/wp\/v2\/users\/2"}],"replies":[{"embeddable":true,"href":"https:\/\/www.rwg-bayreuth.de\/home\/index.php?rest_route=%2Fwp%2Fv2%2Fcomments&post=18147"}],"version-history":[{"count":2,"href":"https:\/\/www.rwg-bayreuth.de\/home\/index.php?rest_route=\/wp\/v2\/posts\/18147\/revisions"}],"predecessor-version":[{"id":18155,"href":"https:\/\/www.rwg-bayreuth.de\/home\/index.php?rest_route=\/wp\/v2\/posts\/18147\/revisions\/18155"}],"wp:featuredmedia":[{"embeddable":true,"href":"https:\/\/www.rwg-bayreuth.de\/home\/index.php?rest_route=\/wp\/v2\/media\/18150"}],"wp:attachment":[{"href":"https:\/\/www.rwg-bayreuth.de\/home\/index.php?rest_route=%2Fwp%2Fv2%2Fmedia&parent=18147"}],"wp:term":[{"taxonomy":"category","embeddable":true,"href":"https:\/\/www.rwg-bayreuth.de\/home\/index.php?rest_route=%2Fwp%2Fv2%2Fcategories&post=18147"},{"taxonomy":"post_tag","embeddable":true,"href":"https:\/\/www.rwg-bayreuth.de\/home\/index.php?rest_route=%2Fwp%2Fv2%2Ftags&post=18147"}],"curies":[{"name":"wp","href":"https:\/\/api.w.org\/{rel}","templated":true}]}}