{"id":18071,"date":"2017-11-30T18:12:16","date_gmt":"2017-11-30T17:12:16","guid":{"rendered":"http:\/\/www.rwg-bayreuth.de\/home\/?p=18071"},"modified":"2017-12-07T15:17:43","modified_gmt":"2017-12-07T14:17:43","slug":"eifrige-leser-und-aufmerksame-zuhoerer","status":"publish","type":"post","link":"https:\/\/www.rwg-bayreuth.de\/home\/?p=18071","title":{"rendered":"Eifrige Leser und aufmerksame Zuh\u00f6rer"},"content":{"rendered":"<div id=\"attachment_18073\" style=\"width: 460px\" class=\"wp-caption aligncenter\"><a href=\"https:\/\/www.rwg-bayreuth.de\/home\/wp-content\/uploads\/2017\/11\/17-18-Vorlesetag-5.-Klasse-450.jpg\"><img loading=\"lazy\" decoding=\"async\" aria-describedby=\"caption-attachment-18073\" src=\"https:\/\/www.rwg-bayreuth.de\/home\/wp-content\/uploads\/2017\/11\/17-18-Vorlesetag-5.-Klasse-450.jpg\" alt=\"\" width=\"450\" height=\"338\" class=\"size-full wp-image-18073\" srcset=\"https:\/\/www.rwg-bayreuth.de\/home\/wp-content\/uploads\/2017\/11\/17-18-Vorlesetag-5.-Klasse-450.jpg 450w, https:\/\/www.rwg-bayreuth.de\/home\/wp-content\/uploads\/2017\/11\/17-18-Vorlesetag-5.-Klasse-450-250x188.jpg 250w\" sizes=\"(max-width: 450px) 100vw, 450px\" \/><\/a><p id=\"caption-attachment-18073\" class=\"wp-caption-text\">Vorlesen macht Spa\u00df &#8211; und Zuh\u00f6ren nicht weniger.<\/p><\/div>\n<p>&#8222;Heut&#8216; schon etwas vorgelesen?&#8220; &#8211; Das RWG konnte diese Frage am  bundesweiten Vorlesetag mit einem eindeutigen &#8218;Ja!&#8216; beantworten, denn alle Klassen der Unterstufe waren an diesem Tag in jeweils einer Schulstunde an diesem Projekt beteiligt.<\/p>\n<div id=\"attachment_18076\" style=\"width: 460px\" class=\"wp-caption aligncenter\"><a href=\"https:\/\/www.rwg-bayreuth.de\/home\/wp-content\/uploads\/2017\/11\/17-18-Vorlestag-6c-450.jpg\"><img loading=\"lazy\" decoding=\"async\" aria-describedby=\"caption-attachment-18076\" src=\"https:\/\/www.rwg-bayreuth.de\/home\/wp-content\/uploads\/2017\/11\/17-18-Vorlestag-6c-450.jpg\" alt=\"\" width=\"450\" height=\"331\" class=\"size-full wp-image-18076\" srcset=\"https:\/\/www.rwg-bayreuth.de\/home\/wp-content\/uploads\/2017\/11\/17-18-Vorlestag-6c-450.jpg 450w, https:\/\/www.rwg-bayreuth.de\/home\/wp-content\/uploads\/2017\/11\/17-18-Vorlestag-6c-450-250x184.jpg 250w\" sizes=\"(max-width: 450px) 100vw, 450px\" \/><\/a><p id=\"caption-attachment-18076\" class=\"wp-caption-text\">Den Vorlesern wurde interessiert zugeh\u00f6rt.<\/p><\/div>\n<p>Jedes Jahr wird auf Initiative der Stiftung Lesen, der ZEIT und der Deutschen Bahn Stiftung am dritten Freitag im November ein Vorlesetag in ganz Deutschland veranstaltet, an dem sich auch Vertreter aus Politik und Wirtschaft daf\u00fcr einsetzen, dass Kindern aller Bildungsschichten und Altersklassen vorgelesen wird. Der Aufruf wurde in diesem Jahr mit einem (Selfie-)Plakat mit der Aufschrift &#8218;Ich lese vor! Du auch?&#8216; gestartet. \u00dcber 170 000 Lesebegeisterte waren beteiligt.<\/p>\n<div id=\"attachment_18074\" style=\"width: 460px\" class=\"wp-caption aligncenter\"><a href=\"https:\/\/www.rwg-bayreuth.de\/home\/wp-content\/uploads\/2017\/11\/17-18-Vorlesetag-Lesen-450.jpg\"><img loading=\"lazy\" decoding=\"async\" aria-describedby=\"caption-attachment-18074\" src=\"https:\/\/www.rwg-bayreuth.de\/home\/wp-content\/uploads\/2017\/11\/17-18-Vorlesetag-Lesen-450.jpg\" alt=\"\" width=\"450\" height=\"350\" class=\"size-full wp-image-18074\" srcset=\"https:\/\/www.rwg-bayreuth.de\/home\/wp-content\/uploads\/2017\/11\/17-18-Vorlesetag-Lesen-450.jpg 450w, https:\/\/www.rwg-bayreuth.de\/home\/wp-content\/uploads\/2017\/11\/17-18-Vorlesetag-Lesen-450-250x194.jpg 250w\" sizes=\"(max-width: 450px) 100vw, 450px\" \/><\/a><p id=\"caption-attachment-18074\" class=\"wp-caption-text\">Das Lesen ist eine wichtige Kernkompetenz.<\/p><\/div>\n<p>Am RWG \u00fcbten sich im Rahmen des Lesef\u00f6rderungskonzeptes der Unterstufe die F\u00fcnft- bis Siebtkl\u00e4ssler, die diesem Aufruf nachgekommen waren, flei\u00dfig im Vorlesen und Rezitieren: Als Vorleseort geradezu daf\u00fcr geschaffen, wurde das Lesende Klassenzimmer mit f\u00fcr alle Zuh\u00f6rer ausreichenden Sitzgelegenheiten \u2013 bunte Sitzhocker mit B\u00fcchermotiv \u2013 und motivierenden Plakaten ausgestattet; so konnte einen Vormittag lang in gem\u00fctlicher und stimmiger Kulisse vorgetragen werden und neugierig den Geschichten und Abenteuern gelauscht werden, die da dargeboten wurden. <\/p>\n<div id=\"attachment_18072\" style=\"width: 460px\" class=\"wp-caption aligncenter\"><a href=\"https:\/\/www.rwg-bayreuth.de\/home\/wp-content\/uploads\/2017\/11\/17-18-Vorlesen-Frau-Graf-450.jpg\"><img loading=\"lazy\" decoding=\"async\" aria-describedby=\"caption-attachment-18072\" src=\"https:\/\/www.rwg-bayreuth.de\/home\/wp-content\/uploads\/2017\/11\/17-18-Vorlesen-Frau-Graf-450.jpg\" alt=\"\" width=\"640\" height=\"480\" class=\"size-full wp-image-18072\" srcset=\"https:\/\/www.rwg-bayreuth.de\/home\/wp-content\/uploads\/2017\/11\/17-18-Vorlesen-Frau-Graf-450.jpg 640w, https:\/\/www.rwg-bayreuth.de\/home\/wp-content\/uploads\/2017\/11\/17-18-Vorlesen-Frau-Graf-450-450x338.jpg 450w, https:\/\/www.rwg-bayreuth.de\/home\/wp-content\/uploads\/2017\/11\/17-18-Vorlesen-Frau-Graf-450-250x188.jpg 250w\" sizes=\"(max-width: 640px) 100vw, 640px\" \/><\/a><p id=\"caption-attachment-18072\" class=\"wp-caption-text\">Schulleiterin Ursula Graf las aus dem Roman &#8222;Cajus ist ein Dummkopf&#8220;.<\/p><\/div>\n<p>Neben den Sch\u00fclern lie\u00dfen es sich auch die Deutschlehrer-Kollegen der Unterstufenklassen nicht nehmen, in die Rolle des Vorlesers zu schl\u00fcpfen. Selbst unsere Schulleiterin, Frau Graf, stattete der Klasse 6c einen Besuch im Lesenden Klassenzimmer ab und las aus einem ihrer Lieblings-Jugendb\u00fccher. Die Sch\u00fcler konnten bei ihrer Darbietung regelrecht eintauchen in Schulgeschichte(n) vor \u00fcber 2000 Jahren, die Henry Winterfeld in seinem spannenden Roman \u201eCaius ist ein Dummkopf\u201c schildert und in das antike Rom verlagert \u2013 und pl\u00f6tzlich waren dabei auch neu gelernte lateinische Vokabeln kinderleicht angewandt, um eine Inschrift des Buchtitels in lateinischer Sprache (Caius asinus est) zu entschl\u00fcsseln.<\/p>\n<div id=\"attachment_18075\" style=\"width: 460px\" class=\"wp-caption aligncenter\"><a href=\"https:\/\/www.rwg-bayreuth.de\/home\/wp-content\/uploads\/2017\/11\/17-18-Vorlesetag-Englisch-450.jpg\"><img loading=\"lazy\" decoding=\"async\" aria-describedby=\"caption-attachment-18075\" src=\"https:\/\/www.rwg-bayreuth.de\/home\/wp-content\/uploads\/2017\/11\/17-18-Vorlesetag-Englisch-450.jpg\" alt=\"\" width=\"450\" height=\"301\" class=\"size-full wp-image-18075\" srcset=\"https:\/\/www.rwg-bayreuth.de\/home\/wp-content\/uploads\/2017\/11\/17-18-Vorlesetag-Englisch-450.jpg 450w, https:\/\/www.rwg-bayreuth.de\/home\/wp-content\/uploads\/2017\/11\/17-18-Vorlesetag-Englisch-450-250x167.jpg 250w\" sizes=\"(max-width: 450px) 100vw, 450px\" \/><\/a><p id=\"caption-attachment-18075\" class=\"wp-caption-text\">Auch Englischklassen beteiligten sich am Vorlesetag.<\/p><\/div>\n<p>Parallel dazu wurden in den Klassenzimmern der Unterstufe ebenso englische Texte einbezogen; andernorts fungierte das H\u00f6rbuch als ansprechendes Vorlesemedium. <\/p>\n<p>Eines l\u00e4sst sich somit sicher sagen: Ordentliches Vorlesen bleibt nicht nur auf den Deutschunterricht beschr\u00e4nkt. Passende Inhalte und Texte bieten sich \u00fcberall und ein Publikum, vor dem vorgelesen werden kann, findet sich nahezu jederzeit im Alltag \u2013 auch au\u00dferhalb der Klassenzimmert\u00fcre.<\/p>\n<p>S. Track (f\u00fcr die Fachschaft Deutsch)<\/p>\n","protected":false},"excerpt":{"rendered":"<p>&#8222;Heut&#8216; schon etwas vorgelesen?&#8220; &#8211; Das RWG konnte diese Frage am bundesweiten Vorlesetag mit einem eindeutigen &#8218;Ja!&#8216; beantworten, denn alle Klassen der Unterstufe waren an diesem Tag in jeweils einer Schulstunde an diesem Projekt beteiligt. Jedes Jahr wird auf Initiative der Stiftung Lesen, der ZEIT und der Deutschen Bahn Stiftung am dritten Freitag im November&hellip;<\/p>\n","protected":false},"author":2,"featured_media":18073,"comment_status":"closed","ping_status":"closed","sticky":false,"template":"","format":"standard","meta":{"footnotes":""},"categories":[1],"tags":[51],"_links":{"self":[{"href":"https:\/\/www.rwg-bayreuth.de\/home\/index.php?rest_route=\/wp\/v2\/posts\/18071"}],"collection":[{"href":"https:\/\/www.rwg-bayreuth.de\/home\/index.php?rest_route=\/wp\/v2\/posts"}],"about":[{"href":"https:\/\/www.rwg-bayreuth.de\/home\/index.php?rest_route=\/wp\/v2\/types\/post"}],"author":[{"embeddable":true,"href":"https:\/\/www.rwg-bayreuth.de\/home\/index.php?rest_route=\/wp\/v2\/users\/2"}],"replies":[{"embeddable":true,"href":"https:\/\/www.rwg-bayreuth.de\/home\/index.php?rest_route=%2Fwp%2Fv2%2Fcomments&post=18071"}],"version-history":[{"count":2,"href":"https:\/\/www.rwg-bayreuth.de\/home\/index.php?rest_route=\/wp\/v2\/posts\/18071\/revisions"}],"predecessor-version":[{"id":18079,"href":"https:\/\/www.rwg-bayreuth.de\/home\/index.php?rest_route=\/wp\/v2\/posts\/18071\/revisions\/18079"}],"wp:featuredmedia":[{"embeddable":true,"href":"https:\/\/www.rwg-bayreuth.de\/home\/index.php?rest_route=\/wp\/v2\/media\/18073"}],"wp:attachment":[{"href":"https:\/\/www.rwg-bayreuth.de\/home\/index.php?rest_route=%2Fwp%2Fv2%2Fmedia&parent=18071"}],"wp:term":[{"taxonomy":"category","embeddable":true,"href":"https:\/\/www.rwg-bayreuth.de\/home\/index.php?rest_route=%2Fwp%2Fv2%2Fcategories&post=18071"},{"taxonomy":"post_tag","embeddable":true,"href":"https:\/\/www.rwg-bayreuth.de\/home\/index.php?rest_route=%2Fwp%2Fv2%2Ftags&post=18071"}],"curies":[{"name":"wp","href":"https:\/\/api.w.org\/{rel}","templated":true}]}}