{"id":18022,"date":"2017-11-23T15:34:07","date_gmt":"2017-11-23T14:34:07","guid":{"rendered":"http:\/\/www.rwg-bayreuth.de\/home\/?page_id=18022"},"modified":"2019-01-25T18:17:39","modified_gmt":"2019-01-25T17:17:39","slug":"das-wandern-ist-des-schuelers-lust","status":"publish","type":"post","link":"https:\/\/www.rwg-bayreuth.de\/home\/?p=18022","title":{"rendered":"Das Wandern ist des Sch\u00fclers Lust&hellip;"},"content":{"rendered":"<h4>Tag 1: Anreise und Aufstieg zur Niljochh\u00fctte<\/h4>\n<p><a href=\"https:\/\/www.rwg-bayreuth.de\/home\/wp-content\/uploads\/2017\/11\/17-Abifahrt-Wandern-Leki.jpg\"><img loading=\"lazy\" decoding=\"async\" src=\"https:\/\/www.rwg-bayreuth.de\/home\/wp-content\/uploads\/2017\/11\/17-Abifahrt-Wandern-Leki-450x338.jpg\" alt=\"\" width=\"450\" height=\"338\" class=\"alignright size-medium wp-image-18027\" srcset=\"https:\/\/www.rwg-bayreuth.de\/home\/wp-content\/uploads\/2017\/11\/17-Abifahrt-Wandern-Leki-450x338.jpg 450w, https:\/\/www.rwg-bayreuth.de\/home\/wp-content\/uploads\/2017\/11\/17-Abifahrt-Wandern-Leki-768x576.jpg 768w, https:\/\/www.rwg-bayreuth.de\/home\/wp-content\/uploads\/2017\/11\/17-Abifahrt-Wandern-Leki.jpg 1024w, https:\/\/www.rwg-bayreuth.de\/home\/wp-content\/uploads\/2017\/11\/17-Abifahrt-Wandern-Leki-250x188.jpg 250w\" sizes=\"(max-width: 450px) 100vw, 450px\" \/><\/a>Am 16.07.2017 trafen sich 8 Sch\u00fclerInnen mit ihren begleitenden Lehrkr\u00e4ften Frau Rupp und Herrn Lang um 5:30 Uhr vor dem Hauptbahnhof Bayreuth. Jeder, der uns gesehen hat, wusste sicherlich: Die fahren in den Wanderurlaub! Wir schleppten alle schwere Rucks\u00e4cke, hatten wandergerechte Kleidung an und hielten die Zugtickets samt unseren Wanderst\u00f6cken, die uns freundlicherweise leihweise von der Firma LEKI kostenlos zur Verf\u00fcgung gestellt worden waren, bereits in den H\u00e4nden.<\/p>\n<p>Um 6 Uhr stiegen wir in den Zug f\u00fcr die erste Etappe, n\u00e4mlich nach N\u00fcrnberg. Von dort aus fuhren wir mit dem ICE nach M\u00fcnchen. \u00dcber W\u00f6rgl kamen wir dann nach einigen Stationen am bekannten Kitzb\u00fcheler Hahnenkamm an. In Kitzb\u00fchel selbst hatten wir einen etwas l\u00e4ngeren Aufenthalt, den wir dazu nutzten uns die \u201eProminentenstadt der Alpen\u201c anzusehen und uns mit den ersten \u00f6sterreichischen Spezialit\u00e4ten, wie Kaiserschmarrn und Gr\u00f6stl, zu st\u00e4rken. Anschlie\u00dfend fuhren wir mit einem gro\u00dfen Reisebus \u00fcber die wundersch\u00f6nen, vor allem bei Motorradfahren besonders beliebten, Kitzb\u00fcheler P\u00e4sse nach Matrei in Osttirol. Mit dem Venediger-Taxi, ein Mercedes Sprinter, mit dem Wanderer \u00fcber alle m\u00f6glichen Wege zu den H\u00fctten und in die T\u00e4ler bef\u00f6rdert werden, wurden wir dann zu unserem Startpunkt, in das 33-Einwohner-Dorf Marin, gebracht. Dort haben wir uns noch einmal gest\u00e4rkt und mit Sonnencreme eingecremt. Nun ging es endlich los: Nach unserem \u201eSchlachtruf\u201c EEEIIINNN TEEEAAAMMM! begannen wir die ersten Meter zu laufen.<br \/>\n<a href=\"https:\/\/www.rwg-bayreuth.de\/home\/wp-content\/uploads\/2017\/11\/17-Abifahrt-Wandern-Abmarsch.jpg\"><img loading=\"lazy\" decoding=\"async\" src=\"https:\/\/www.rwg-bayreuth.de\/home\/wp-content\/uploads\/2017\/11\/17-Abifahrt-Wandern-Abmarsch-450x338.jpg\" alt=\"\" width=\"450\" height=\"338\" class=\"alignleft size-medium wp-image-18031\" srcset=\"https:\/\/www.rwg-bayreuth.de\/home\/wp-content\/uploads\/2017\/11\/17-Abifahrt-Wandern-Abmarsch-450x338.jpg 450w, https:\/\/www.rwg-bayreuth.de\/home\/wp-content\/uploads\/2017\/11\/17-Abifahrt-Wandern-Abmarsch-768x576.jpg 768w, https:\/\/www.rwg-bayreuth.de\/home\/wp-content\/uploads\/2017\/11\/17-Abifahrt-Wandern-Abmarsch.jpg 1024w, https:\/\/www.rwg-bayreuth.de\/home\/wp-content\/uploads\/2017\/11\/17-Abifahrt-Wandern-Abmarsch-250x188.jpg 250w\" sizes=\"(max-width: 450px) 100vw, 450px\" \/><\/a><\/p>\n<p>Viele Schritte und H\u00f6henmeter weiter erreichten wir dann die Gottschaunalm, bei der wir kurz Rast machten, um unsere Energiereserven mit Buttermilch &#038; Co wieder zu aufzuf\u00fcllen. Vom Almwirt haben wir als Andenken noch Kristalle, die er in seiner Freizeit gerne sammelt, geschenkt bekommen. Nach unz\u00e4hligen Wegweisern kamen wir dann an unserer Unterkunft f\u00fcr die Nacht, der Niljochh\u00fctte, an. Dort nahm uns der serbische Wirt herzlich in Empfang und wir lie\u00dfen den ersten Tag gem\u00fctlich bei einer Frittatensuppe, Geschnetzeltem und einigen Getr\u00e4nkerunden, die uns der \u00fcberaus freundliche H\u00fcttenwirt spendierte, ausklingen, bevor wir uns in unseren fast schon luxuri\u00f6sen Zimmern schlafen legten.<\/p>\n<h4 class=\"clear\">Tag 2: Niljochh\u00fctte \u2013 Bonn-Matreier-H\u00fctte &#8211; Eisseeh\u00fctte<\/h4>\n<p>Am 2. Tag unserer Abifahrt war es mit dem Aufstieg zur Bonn-Matreier-H\u00fctte auf 2745m nat\u00fcrlich f\u00fcr den Tag noch nicht getan. Unser Ziel f\u00fcr die Nacht war die Eisseeh\u00fctte. Eingerechnet hatten wir etwa 3 Stunden Gehzeit und obwohl wir am Anfang noch Scherze dar\u00fcber machten, diese locker zu toppen, sollten wir bald eines besseren belehrt werden. Schon nach nur der H\u00e4lfte der Zeit konnten wir die Eisseeh\u00fctte, welche sich auf 2.521m befindet, sehen und wunderten uns dar\u00fcber, wie lang die auf den Schildern angegebene Gehzeit war\u2026<br \/>\n<a href=\"https:\/\/www.rwg-bayreuth.de\/home\/wp-content\/uploads\/2017\/11\/17-Abifahrt-Wandern-H\u00fctte.jpg\"><img loading=\"lazy\" decoding=\"async\" src=\"https:\/\/www.rwg-bayreuth.de\/home\/wp-content\/uploads\/2017\/11\/17-Abifahrt-Wandern-H\u00fctte-450x338.jpg\" alt=\"\" width=\"450\" height=\"338\" class=\"alignright size-medium wp-image-18034\" srcset=\"https:\/\/www.rwg-bayreuth.de\/home\/wp-content\/uploads\/2017\/11\/17-Abifahrt-Wandern-H\u00fctte-450x338.jpg 450w, https:\/\/www.rwg-bayreuth.de\/home\/wp-content\/uploads\/2017\/11\/17-Abifahrt-Wandern-H\u00fctte-768x576.jpg 768w, https:\/\/www.rwg-bayreuth.de\/home\/wp-content\/uploads\/2017\/11\/17-Abifahrt-Wandern-H\u00fctte.jpg 1024w, https:\/\/www.rwg-bayreuth.de\/home\/wp-content\/uploads\/2017\/11\/17-Abifahrt-Wandern-H\u00fctte-250x188.jpg 250w\" sizes=\"(max-width: 450px) 100vw, 450px\" \/><\/a><br \/>\nWie wir jedoch schnell herausfanden, sah die H\u00fctte nur so aus, als w\u00e4re sie zum Erreichen nahe. Noch etwa 1 \u00be Stunden dauerte es vom ersten \u201eBlickkontakt\u201c bis wir tats\u00e4chlich an unserem Ziel ankamen. Diese Zeit brachten wir jedoch gut mit einigen Witzen und Erz\u00e4hlungen der letzten Tage rum. An der H\u00fctte angekommen erwartete uns ein wunderbarer Ausblick von der Panorama-Terrasse, und nat\u00fcrlich der namensgebende Eissee ein St\u00fcck von der H\u00fctte entfernt. Damit war unsere Etappe f\u00fcr den 2. Tag beendet und wir konnten uns nach dem Abendessen entspannt in unser Lager zur\u00fcckziehen.<\/p>\n<h4 class=\"clear\">Tag 3: Eisseeh\u00fctte &#8211; Johannish\u00fctte<\/h4>\n<p>Der Tag begann wie immer mit dem Fr\u00fchst\u00fcck und danach liefen wir frischgest\u00e4rkt los. Es ging zun\u00e4chst bergauf aber wir machten einige Pausen, in denen wir Murmeltiere beobachteten. Wir befanden uns oberhalb der Baumgrenze und die Steine schimmerten und glitzerten. Herr Lang erkl\u00e4rte uns, dass das daher kommt, dass sich die Steine vorher in einer inneren Schicht des Berges befanden und dass der Glitzer Kalkablagerungen sind. <a href=\"https:\/\/www.rwg-bayreuth.de\/home\/wp-content\/uploads\/2017\/11\/17-Abifahrt-Wandern-Schneefeld.jpg\"><img loading=\"lazy\" decoding=\"async\" src=\"https:\/\/www.rwg-bayreuth.de\/home\/wp-content\/uploads\/2017\/11\/17-Abifahrt-Wandern-Schneefeld-450x338.jpg\" alt=\"\" width=\"450\" height=\"338\" class=\"alignleft size-medium wp-image-18029\" srcset=\"https:\/\/www.rwg-bayreuth.de\/home\/wp-content\/uploads\/2017\/11\/17-Abifahrt-Wandern-Schneefeld-450x338.jpg 450w, https:\/\/www.rwg-bayreuth.de\/home\/wp-content\/uploads\/2017\/11\/17-Abifahrt-Wandern-Schneefeld-768x576.jpg 768w, https:\/\/www.rwg-bayreuth.de\/home\/wp-content\/uploads\/2017\/11\/17-Abifahrt-Wandern-Schneefeld.jpg 1024w, https:\/\/www.rwg-bayreuth.de\/home\/wp-content\/uploads\/2017\/11\/17-Abifahrt-Wandern-Schneefeld-250x188.jpg 250w\" sizes=\"(max-width: 450px) 100vw, 450px\" \/><\/a> Wir merkten, dass wir sehr nah an der Schneegrenze waren, die \u00fcber 3000 Meter liegt, da wir etwas Schnee durchqueren mussten, der sich an gesch\u00fctzten Stellen hartn\u00e4ckig gehalten hatte.  Weiter oben kletterten wir an einem Stahlseil quasi auf allen Vieren hinauf, weil der Weg sehr steil und schmal war, wobei alle Schwindelfreiheit bewiesen.<\/p>\n<p>Oben angekommen befanden wir uns auf dem h\u00f6chsten Gipfel unserer Tour, der Zopetscharte auf 2.958 Metern H\u00f6he! Die Luft war d\u00fcnn aber daf\u00fcr die Aussicht gigantisch! <a href=\"https:\/\/www.rwg-bayreuth.de\/home\/wp-content\/uploads\/2017\/11\/17-Abifahrt-Wandern-h\u00f6chster-Punkt.jpg\"><img loading=\"lazy\" decoding=\"async\" src=\"https:\/\/www.rwg-bayreuth.de\/home\/wp-content\/uploads\/2017\/11\/17-Abifahrt-Wandern-h\u00f6chster-Punkt-450x338.jpg\" alt=\"\" width=\"450\" height=\"338\" class=\"alignright size-medium wp-image-18033\" srcset=\"https:\/\/www.rwg-bayreuth.de\/home\/wp-content\/uploads\/2017\/11\/17-Abifahrt-Wandern-h\u00f6chster-Punkt-450x338.jpg 450w, https:\/\/www.rwg-bayreuth.de\/home\/wp-content\/uploads\/2017\/11\/17-Abifahrt-Wandern-h\u00f6chster-Punkt-768x576.jpg 768w, https:\/\/www.rwg-bayreuth.de\/home\/wp-content\/uploads\/2017\/11\/17-Abifahrt-Wandern-h\u00f6chster-Punkt.jpg 1024w, https:\/\/www.rwg-bayreuth.de\/home\/wp-content\/uploads\/2017\/11\/17-Abifahrt-Wandern-h\u00f6chster-Punkt-250x188.jpg 250w\" sizes=\"(max-width: 450px) 100vw, 450px\" \/><\/a> Nach einem kleinen Fotoshooting stiegen wir wieder hinab, es ging weiter zur Johannish\u00fctte, die auf 2.100 Meter liegt. Am Anfang des Abstiegs erkl\u00e4rte uns Herr Lang, dass es alle 100 H\u00f6henmeter ein Grad k\u00e4lter bzw. w\u00e4rmer wird, und das sp\u00fcrten wir beim Hinunterlaufen der fast 900 H\u00f6henmeter. Au\u00dferdem bekamen wir wieder Wiesen, B\u00e4ume, W\u00e4lder und K\u00fche zusehen. Als wir in unserer Mittagsh\u00fctte, der Johannish\u00fctte, angekommen waren, verk\u00fcndeten unsere Lehrer uns eine Plan\u00e4nderung: Wir blieben auf der H\u00fctte und liefen nicht weiter zur n\u00e4chsten, da es zeitlich sehr eng geworden w\u00e4re. Weil wir alle m\u00fcde waren, haben wir uns gefreut, auch weil die H\u00fctte sehr sch\u00f6n und urig war.<br \/>\n<a href=\"https:\/\/www.rwg-bayreuth.de\/home\/wp-content\/uploads\/2017\/11\/17-Abifahrt-Wandern-Blick-Richtung-Gro\u00dfvenediger.jpg\"><img loading=\"lazy\" decoding=\"async\" src=\"https:\/\/www.rwg-bayreuth.de\/home\/wp-content\/uploads\/2017\/11\/17-Abifahrt-Wandern-Blick-Richtung-Gro\u00dfvenediger-338x450.jpg\" alt=\"\" width=\"338\" height=\"450\" class=\"alignleft size-medium wp-image-18032\" srcset=\"https:\/\/www.rwg-bayreuth.de\/home\/wp-content\/uploads\/2017\/11\/17-Abifahrt-Wandern-Blick-Richtung-Gro\u00dfvenediger-338x450.jpg 338w, https:\/\/www.rwg-bayreuth.de\/home\/wp-content\/uploads\/2017\/11\/17-Abifahrt-Wandern-Blick-Richtung-Gro\u00dfvenediger.jpg 768w, https:\/\/www.rwg-bayreuth.de\/home\/wp-content\/uploads\/2017\/11\/17-Abifahrt-Wandern-Blick-Richtung-Gro\u00dfvenediger-250x333.jpg 250w\" sizes=\"(max-width: 338px) 100vw, 338px\" \/><\/a><\/p>\n<p>W\u00e4hrend des freien Nachmittages machten wir ein power nap im Liegestuhl in der Sonne und spielten Spiele.<\/p>\n<p>Das Abendessen war wie immer sehr lecker und reichlich und so begaben wir uns pappsatt und voller Vorfreude auf den n\u00e4chsten Tag zur H\u00fcttenruhe in unser gemeinsames Zimmer.<\/p>\n<h4 class=\"clear\">Tag 4: Johannish\u00fctte \u2013 Clara H\u00fctte<\/h4>\n<p><a href=\"https:\/\/www.rwg-bayreuth.de\/home\/wp-content\/uploads\/2017\/11\/17-Abifahrt-Wandern-im-Regen.jpg\"><img loading=\"lazy\" decoding=\"async\" src=\"https:\/\/www.rwg-bayreuth.de\/home\/wp-content\/uploads\/2017\/11\/17-Abifahrt-Wandern-im-Regen-450x338.jpg\" alt=\"\" width=\"450\" height=\"338\" class=\"alignright size-medium wp-image-18035\" srcset=\"https:\/\/www.rwg-bayreuth.de\/home\/wp-content\/uploads\/2017\/11\/17-Abifahrt-Wandern-im-Regen-450x338.jpg 450w, https:\/\/www.rwg-bayreuth.de\/home\/wp-content\/uploads\/2017\/11\/17-Abifahrt-Wandern-im-Regen-768x576.jpg 768w, https:\/\/www.rwg-bayreuth.de\/home\/wp-content\/uploads\/2017\/11\/17-Abifahrt-Wandern-im-Regen.jpg 1024w, https:\/\/www.rwg-bayreuth.de\/home\/wp-content\/uploads\/2017\/11\/17-Abifahrt-Wandern-im-Regen-250x188.jpg 250w\" sizes=\"(max-width: 450px) 100vw, 450px\" \/><\/a> Am vierten Tag brachen wir von unserem Quartier Johannish\u00fctte zur Clara H\u00fctte auf. Wir machten uns wie gewohnt auf den Weg, doch schon nach kurzer Zeit erwischte uns der Regen. Zum ersten Mal machte sich also unser komplettes Wanderequipment (Regenjacke, Regenhose, Regenh\u00fclle f\u00fcr den Rucksack) bezahlt und somit war das Wandererlebnis vollkommen.<br \/>\n<a class=\"clear\" href=\"https:\/\/www.rwg-bayreuth.de\/home\/wp-content\/uploads\/2017\/11\/17-Abifahrt-Wandern-Pferdekutsche.jpg\"><img loading=\"lazy\" decoding=\"async\" src=\"https:\/\/www.rwg-bayreuth.de\/home\/wp-content\/uploads\/2017\/11\/17-Abifahrt-Wandern-Pferdekutsche-338x450.jpg\" alt=\"\" width=\"338\" height=\"450\" class=\"alignleft size-medium wp-image-18028\" srcset=\"https:\/\/www.rwg-bayreuth.de\/home\/wp-content\/uploads\/2017\/11\/17-Abifahrt-Wandern-Pferdekutsche-338x450.jpg 338w, https:\/\/www.rwg-bayreuth.de\/home\/wp-content\/uploads\/2017\/11\/17-Abifahrt-Wandern-Pferdekutsche.jpg 768w, https:\/\/www.rwg-bayreuth.de\/home\/wp-content\/uploads\/2017\/11\/17-Abifahrt-Wandern-Pferdekutsche-250x333.jpg 250w\" sizes=\"(max-width: 338px) 100vw, 338px\" \/><\/a> Ausgerechnet heute zog sich der Weg und wir konnten es kaum erwarten die Mittagsgastst\u00e4tte zu erreichen. Frau Rupps Kommentare waren seltsamerweise nicht so aufmunternd wie gewohnt: \u201cDas ist ein wirklich bl\u00f6der Weg heute, der zieht sich ganz sch\u00f6n und geht auch nur steil bergauf.\u201c Leicht entmutigt folgten wir weiter unserem Weg, bis uns eine Pferdekutsche, die uns entgegenkam, ins Auge stach. Wir stellten uns vor, wie sch\u00f6n es doch w\u00e4re damit ans Ziel zu gelangen. M\u00fcde und ersch\u00f6pft liefen wir weiter bis die Kutsche wie aus dem Nichts Halt machte. Die Kutsche war f\u00fcr uns bestellt! Die \u00dcberraschung war Frau Rupp und Herrn Lang gelungen. Die Freude war uns f\u00f6rmlich ins Gesicht geschrieben. Nach angenehmer Fahrt kamen wir nun endlich an der Mittagsst\u00e4tte an und a\u00dfen vorz\u00fcgliche Speisen. Die Stimmung war auf ihrem H\u00f6hepunkt.<br \/>\n<a href=\"https:\/\/www.rwg-bayreuth.de\/home\/wp-content\/uploads\/2017\/11\/17-Abifahrt-Wandern-Umbaltal.jpg\"><img loading=\"lazy\" decoding=\"async\" src=\"https:\/\/www.rwg-bayreuth.de\/home\/wp-content\/uploads\/2017\/11\/17-Abifahrt-Wandern-Umbaltal-338x450.jpg\" alt=\"\" width=\"338\" height=\"450\" class=\"alignright size-medium wp-image-18030\" srcset=\"https:\/\/www.rwg-bayreuth.de\/home\/wp-content\/uploads\/2017\/11\/17-Abifahrt-Wandern-Umbaltal-338x450.jpg 338w, https:\/\/www.rwg-bayreuth.de\/home\/wp-content\/uploads\/2017\/11\/17-Abifahrt-Wandern-Umbaltal.jpg 768w, https:\/\/www.rwg-bayreuth.de\/home\/wp-content\/uploads\/2017\/11\/17-Abifahrt-Wandern-Umbaltal-250x333.jpg 250w\" sizes=\"(max-width: 338px) 100vw, 338px\" \/><\/a><\/p>\n<p>Nach dem Mittagessen ging es auf einer wundersch\u00f6nen Route mit atemberaubendem Ausblick weiter zur Clara H\u00fctte.<\/p>\n<p>Als wir ankamen waren wir von der H\u00fctte \u00fcberw\u00e4ltigt, da sie viel sch\u00f6ner und moderner war als erwartet. Ersch\u00f6pft doch mit einem wohligen Gef\u00fchl gingen wir schlafen und so nahm der gelungene Tag sein Ende.<\/p>\n<h4 class=\"clear\">Tag 5: Clarah\u00fctte \u2013 Abstieg ins Tal<\/h4>\n<p>Dies war leider auch schon der letzte Tag unserer H\u00fcttentour. Nachdem wir uns auf der Clarah\u00fctte wie jeden Morgen mit einem Fr\u00fchst\u00fcck gest\u00e4rkt hatten, machten wir uns auf den Weg ins Tal. Unterwegs kamen wir immer wieder an gro\u00dfen Wasserf\u00e4llen vorbei, die man von Plattformen gut sehen konnte.<\/p>\n<p>Im Tal angekommen verbrachten wir noch zwei Stunden in einem Kletterpark, in dem es viele Parcours mit verschiedenen H\u00f6hen und Schwierigkeitsgraden gab.<br \/>\n<a href=\"https:\/\/www.rwg-bayreuth.de\/home\/wp-content\/uploads\/2017\/11\/17-Abifahrt-Wandern-Kletterpark-Gruppe.jpg\"><img loading=\"lazy\" decoding=\"async\" src=\"https:\/\/www.rwg-bayreuth.de\/home\/wp-content\/uploads\/2017\/11\/17-Abifahrt-Wandern-Kletterpark-Gruppe-450x338.jpg\" alt=\"\" width=\"450\" height=\"338\" class=\"alignleft size-medium wp-image-18026\" style=\"margin-right: 1px\" srcset=\"https:\/\/www.rwg-bayreuth.de\/home\/wp-content\/uploads\/2017\/11\/17-Abifahrt-Wandern-Kletterpark-Gruppe-450x338.jpg 450w, https:\/\/www.rwg-bayreuth.de\/home\/wp-content\/uploads\/2017\/11\/17-Abifahrt-Wandern-Kletterpark-Gruppe-768x576.jpg 768w, https:\/\/www.rwg-bayreuth.de\/home\/wp-content\/uploads\/2017\/11\/17-Abifahrt-Wandern-Kletterpark-Gruppe.jpg 1024w, https:\/\/www.rwg-bayreuth.de\/home\/wp-content\/uploads\/2017\/11\/17-Abifahrt-Wandern-Kletterpark-Gruppe-250x188.jpg 250w\" sizes=\"(max-width: 450px) 100vw, 450px\" \/><\/a><a href=\"https:\/\/www.rwg-bayreuth.de\/home\/wp-content\/uploads\/2017\/11\/17-Abifahrt-Wandern-Kletterpark-Action.jpg\"><img loading=\"lazy\" decoding=\"async\" src=\"https:\/\/www.rwg-bayreuth.de\/home\/wp-content\/uploads\/2017\/11\/17-Abifahrt-Wandern-Kletterpark-Action-338x450.jpg\" alt=\"\" width=\"338\" height=\"450\" class=\"alignright size-medium wp-image-18025\" style=\"margin-left: 1px\" srcset=\"https:\/\/www.rwg-bayreuth.de\/home\/wp-content\/uploads\/2017\/11\/17-Abifahrt-Wandern-Kletterpark-Action-338x450.jpg 338w, https:\/\/www.rwg-bayreuth.de\/home\/wp-content\/uploads\/2017\/11\/17-Abifahrt-Wandern-Kletterpark-Action.jpg 768w, https:\/\/www.rwg-bayreuth.de\/home\/wp-content\/uploads\/2017\/11\/17-Abifahrt-Wandern-Kletterpark-Action-250x333.jpg 250w\" sizes=\"(max-width: 338px) 100vw, 338px\" \/><\/a><\/p>\n<p class=\"clear\">\nAnschlie\u00dfend liefen wir noch eine halbe Stunde nach Hinterbichl, wo sich unsere Pension befand. Als wir auf den Zimmern waren, haben wir erst einmal ein paar Stunden geschlafen, weil wir so ausgepowert von der ganzen Woche waren.<\/p>\n<p>Zum Abendessen haben wir uns in einer Gastst\u00e4tte gegen\u00fcber unserer Pension ein letztes Mal die leckeren \u00f6sterreichischen Spezialit\u00e4ten schmecken lassen. Am n\u00e4chsten Tag ging es dann reibungslos wieder zur\u00fcck nach Bayreuth.<\/p>\n<p><i>Felix Adler, Nina Grellner, Annika Keil, Franziska Nelle, Manuela Polewka, Amelie Salzborn, Nina Schischeg, Eva Zeilmann (alle Q11)<\/i><\/p>\n","protected":false},"excerpt":{"rendered":"<p>Tag 1: Anreise und Aufstieg zur Niljochh\u00fctte Am 16.07.2017 trafen sich 8 Sch\u00fclerInnen mit ihren begleitenden Lehrkr\u00e4ften Frau Rupp und Herrn Lang um 5:30 Uhr vor dem Hauptbahnhof Bayreuth. Jeder, der uns gesehen hat, wusste sicherlich: Die fahren in den Wanderurlaub! Wir schleppten alle schwere Rucks\u00e4cke, hatten wandergerechte Kleidung an und hielten die Zugtickets samt&hellip;<\/p>\n","protected":false},"author":11,"featured_media":18033,"comment_status":"closed","ping_status":"closed","sticky":false,"template":"","format":"standard","meta":{"footnotes":""},"categories":[1],"tags":[65,51],"_links":{"self":[{"href":"https:\/\/www.rwg-bayreuth.de\/home\/index.php?rest_route=\/wp\/v2\/posts\/18022"}],"collection":[{"href":"https:\/\/www.rwg-bayreuth.de\/home\/index.php?rest_route=\/wp\/v2\/posts"}],"about":[{"href":"https:\/\/www.rwg-bayreuth.de\/home\/index.php?rest_route=\/wp\/v2\/types\/post"}],"author":[{"embeddable":true,"href":"https:\/\/www.rwg-bayreuth.de\/home\/index.php?rest_route=\/wp\/v2\/users\/11"}],"replies":[{"embeddable":true,"href":"https:\/\/www.rwg-bayreuth.de\/home\/index.php?rest_route=%2Fwp%2Fv2%2Fcomments&post=18022"}],"version-history":[{"count":22,"href":"https:\/\/www.rwg-bayreuth.de\/home\/index.php?rest_route=\/wp\/v2\/posts\/18022\/revisions"}],"predecessor-version":[{"id":18057,"href":"https:\/\/www.rwg-bayreuth.de\/home\/index.php?rest_route=\/wp\/v2\/posts\/18022\/revisions\/18057"}],"wp:featuredmedia":[{"embeddable":true,"href":"https:\/\/www.rwg-bayreuth.de\/home\/index.php?rest_route=\/wp\/v2\/media\/18033"}],"wp:attachment":[{"href":"https:\/\/www.rwg-bayreuth.de\/home\/index.php?rest_route=%2Fwp%2Fv2%2Fmedia&parent=18022"}],"wp:term":[{"taxonomy":"category","embeddable":true,"href":"https:\/\/www.rwg-bayreuth.de\/home\/index.php?rest_route=%2Fwp%2Fv2%2Fcategories&post=18022"},{"taxonomy":"post_tag","embeddable":true,"href":"https:\/\/www.rwg-bayreuth.de\/home\/index.php?rest_route=%2Fwp%2Fv2%2Ftags&post=18022"}],"curies":[{"name":"wp","href":"https:\/\/api.w.org\/{rel}","templated":true}]}}