{"id":17968,"date":"2017-11-05T12:59:18","date_gmt":"2017-11-05T11:59:18","guid":{"rendered":"http:\/\/www.rwg-bayreuth.de\/home\/?p=17968"},"modified":"2019-05-21T21:44:30","modified_gmt":"2019-05-21T19:44:30","slug":"spitzenergebnis-beim-fremdsprachenwettbewern","status":"publish","type":"post","link":"https:\/\/www.rwg-bayreuth.de\/home\/?p=17968","title":{"rendered":"Spitzenergebnis beim Fremdsprachenwettbewerb"},"content":{"rendered":"<div id=\"attachment_17970\" style=\"width: 460px\" class=\"wp-caption aligncenter\"><a href=\"https:\/\/www.rwg-bayreuth.de\/home\/wp-content\/uploads\/2017\/11\/Preis17-18-BW-Fremdsprachen-450.jpg\"><img loading=\"lazy\" decoding=\"async\" aria-describedby=\"caption-attachment-17970\" src=\"https:\/\/www.rwg-bayreuth.de\/home\/wp-content\/uploads\/2017\/11\/Preis17-18-BW-Fremdsprachen-450.jpg\" alt=\"\" width=\"450\" height=\"267\" class=\"size-full wp-image-17970\" srcset=\"https:\/\/www.rwg-bayreuth.de\/home\/wp-content\/uploads\/2017\/11\/Preis17-18-BW-Fremdsprachen-450.jpg 450w, https:\/\/www.rwg-bayreuth.de\/home\/wp-content\/uploads\/2017\/11\/Preis17-18-BW-Fremdsprachen-450-250x148.jpg 250w\" sizes=\"(max-width: 450px) 100vw, 450px\" \/><\/a><p id=\"caption-attachment-17970\" class=\"wp-caption-text\">Teilnehmer aus ganz Deutschland waren in der Finalrunde angetreten.<\/p><\/div>\n<p>In der Endrunde des Bundeswettbewerbs Fremdsprachen, die Ende September im baden-w\u00fcrttembergischen Rastatt mit 48 Teilnehmern stattfand, konnte Fabian Lucas (Q12) das RWG mehr als w\u00fcrdig vertreten und erzielte einen absolut herausragenden 4. Platz.<\/p>\n<p>Wir gratulieren Fabian ganz herzlich zu diesem tollem Erfolg, mit dem er sein K\u00f6nnen beim Wettbewerb Solo Plus in gleich drei (!) Fremdsprachen (Latein, Englisch, Spanisch) eindrucksvoll untermauerte! Mit dem Anerkennungspreis platzierte sich unser \u00e4u\u00dferst sprachbegabter Oberstufensch\u00fcler inmitten weiterer Preistr\u00e4ger aus dem gesamten Bundesgebiet \u2013 was f\u00fcr eine grandiose Leistung!<\/p>\n<p>Hier Fabians eigener Bericht vom Wochenende der Preisverleihung: <\/p>\n<p>&#8222;Nachdem die ersten beiden Runden schon eine ganze Weile, sprich mehrere Monate, hinter mir lagen, war schlie\u00dflich eine E-Mail eingetrudelt, die mich im ersten Moment etwas sprach- beziehungsweise ratlos zur\u00fccklie\u00df. Diese beinhaltete n\u00e4mlich nichts Geringeres als die Einladung zur Finalrunde, welche im baden-w\u00fcrttembergischen Rastatt nahe der franz\u00f6sischen Grenze stattfinden sollte.<br \/>\nEndrunde des Bundeswettbewerbs Fremdsprachen. Klingt doch beim ersten H\u00f6ren wie irgendeine ziemlich seri\u00f6se Angelegenheit. Ein Haufen hochintelligenter Menschen sitzt mit noch mindestens drei Mal so intelligenten, ernst dreinblickenden Doktoren und Professoren in einem stickigen Klassenzimmer zusammengepfercht herum und l\u00f6st dort \u00fcber Stunden und Tage ellenlange Klausuren&#8230; Tats\u00e4chlich?? Nein! Meine Mitstreiter an diesem Wochenende machten einen sehr aufgeschlossenen und freundlichen Eindruck. Es wurde auch das Thema f\u00fcr das diesj\u00e4hrige Gruppenprojekt bekanntgegeben: Man solle mittels einer Theater-, Film- oder kombinierten Pr\u00e4sentation aufzeigen, warum die Stadt unserer Gastgeber, Rastatt, der \u201eNabel der Welt\u201c sei. Die Deadline war f\u00fcr Sonntag um 14 Uhr angelegt. Ergo blieben theoretisch 44 Stunden, um ein sporadisches Drehbuch zu schreiben, Texte zu lernen und Filmsequenzen zu drehen und zu schneiden. Zieht man n\u00e4mlich eine zeitlich nicht unerhebliche Zahl von Pr\u00fcfungsgespr\u00e4chen, einen TOEFL-Test, sowie niedere menschliche Bed\u00fcrfnisse, wie Schlaf und Nahrungsaufnahme ab, sieht man diesen Zeitrahmen rapide zusammenschrumpfen.<\/p>\n<p>Und auch die Einzelgespr\u00e4che hielten eine \u00dcberraschung parat: Diese bestand darin, dass ich unserem ehemaligen Spanischlehrer am RWG, Herrn Dr. St\u00f6\u00dflein, begegnete, der dann tats\u00e4chlich auch als Pr\u00fcfer beim Bundeswettbewerb zugange war. So durfte ich ein sehr angenehmes zehnmin\u00fctiges Gespr\u00e4ch mit ihm absolvieren.<\/p>\n<p>Die Preisverleihung am n\u00e4chsten Tag war dann nur noch die Kr\u00f6nung eines wunderbaren Wochenendes mit vielen Impressionen und neuen Kontakten sowie die Entsch\u00e4digung f\u00fcr so manche Strapaze. Ich f\u00fcr meinen Teil erhielt dort einen der vierten Pl\u00e4tze, den ich einerseits mit einem lachenden, aber auch einem weinenden Auge entgegennahm, da dies auch bedeutete, dass ich ab nun mit den Leuten, die ich dort kennen und sch\u00e4tzen gelernt habe, nur noch virtuellen Kontakt via WhatsApp werde pflegen k\u00f6nnen.&#8220;<\/p>\n","protected":false},"excerpt":{"rendered":"<p>In der Endrunde des Bundeswettbewerbs Fremdsprachen, die Ende September im baden-w\u00fcrttembergischen Rastatt mit 48 Teilnehmern stattfand, konnte Fabian Lucas (Q12) das RWG mehr als w\u00fcrdig vertreten und erzielte einen absolut herausragenden 4. Platz. Wir gratulieren Fabian ganz herzlich zu diesem tollem Erfolg, mit dem er sein K\u00f6nnen beim Wettbewerb Solo Plus in gleich drei (!)&hellip;<\/p>\n","protected":false},"author":2,"featured_media":17970,"comment_status":"closed","ping_status":"closed","sticky":false,"template":"","format":"standard","meta":{"footnotes":""},"categories":[1],"tags":[88,60,51,67,97],"_links":{"self":[{"href":"https:\/\/www.rwg-bayreuth.de\/home\/index.php?rest_route=\/wp\/v2\/posts\/17968"}],"collection":[{"href":"https:\/\/www.rwg-bayreuth.de\/home\/index.php?rest_route=\/wp\/v2\/posts"}],"about":[{"href":"https:\/\/www.rwg-bayreuth.de\/home\/index.php?rest_route=\/wp\/v2\/types\/post"}],"author":[{"embeddable":true,"href":"https:\/\/www.rwg-bayreuth.de\/home\/index.php?rest_route=\/wp\/v2\/users\/2"}],"replies":[{"embeddable":true,"href":"https:\/\/www.rwg-bayreuth.de\/home\/index.php?rest_route=%2Fwp%2Fv2%2Fcomments&post=17968"}],"version-history":[{"count":3,"href":"https:\/\/www.rwg-bayreuth.de\/home\/index.php?rest_route=\/wp\/v2\/posts\/17968\/revisions"}],"predecessor-version":[{"id":17973,"href":"https:\/\/www.rwg-bayreuth.de\/home\/index.php?rest_route=\/wp\/v2\/posts\/17968\/revisions\/17973"}],"wp:featuredmedia":[{"embeddable":true,"href":"https:\/\/www.rwg-bayreuth.de\/home\/index.php?rest_route=\/wp\/v2\/media\/17970"}],"wp:attachment":[{"href":"https:\/\/www.rwg-bayreuth.de\/home\/index.php?rest_route=%2Fwp%2Fv2%2Fmedia&parent=17968"}],"wp:term":[{"taxonomy":"category","embeddable":true,"href":"https:\/\/www.rwg-bayreuth.de\/home\/index.php?rest_route=%2Fwp%2Fv2%2Fcategories&post=17968"},{"taxonomy":"post_tag","embeddable":true,"href":"https:\/\/www.rwg-bayreuth.de\/home\/index.php?rest_route=%2Fwp%2Fv2%2Ftags&post=17968"}],"curies":[{"name":"wp","href":"https:\/\/api.w.org\/{rel}","templated":true}]}}