{"id":1794,"date":"2013-04-25T14:07:15","date_gmt":"2013-04-25T13:07:15","guid":{"rendered":"http:\/\/www.rwg-bayreuth.de\/home\/?p=1794"},"modified":"2013-05-06T14:21:50","modified_gmt":"2013-05-06T13:21:50","slug":"fruhlingskonzerte","status":"publish","type":"post","link":"https:\/\/www.rwg-bayreuth.de\/home\/?p=1794","title":{"rendered":"Fr\u00fchlingskonzerte"},"content":{"rendered":"<p><a href=\"https:\/\/www.rwg-bayreuth.de\/home\/wp-content\/uploads\/2013\/04\/Fruehjahrskonzert_web.jpg\"><img loading=\"lazy\" decoding=\"async\" src=\"https:\/\/www.rwg-bayreuth.de\/home\/wp-content\/uploads\/2013\/04\/Fruehjahrskonzert_web.jpg\" alt=\"\" width=\"350\" height=\"246\" class=\"alignleft size-full wp-image-1824\" srcset=\"https:\/\/www.rwg-bayreuth.de\/home\/wp-content\/uploads\/2013\/04\/Fruehjahrskonzert_web.jpg 350w, https:\/\/www.rwg-bayreuth.de\/home\/wp-content\/uploads\/2013\/04\/Fruehjahrskonzert_web-150x105.jpg 150w, https:\/\/www.rwg-bayreuth.de\/home\/wp-content\/uploads\/2013\/04\/Fruehjahrskonzert_web-300x210.jpg 300w, https:\/\/www.rwg-bayreuth.de\/home\/wp-content\/uploads\/2013\/04\/Fruehjahrskonzert_web-250x176.jpg 250w\" sizes=\"(max-width: 350px) 100vw, 350px\" \/><\/a>Am Dienstag, dem 24.4. gaben die Sch\u00fcler der Gesangs-und Fl\u00f6tenkurse der Musiklehrer Mehling zwei Konzerte im Altenheim am Glasenweiher und in der Reha-Klinik.<\/p>\n<p>Ein sehr abwechslungsreiches Programm bestehend aus Kunstliedern, Klavierst\u00fccken und Fl\u00f6tengruppen zum Thema Fr\u00fchling sorgte f\u00fcr gute Laune bei den Heimbewohnern, die gerne am Schluss der Veranstaltung gemeinsam mit den Sch\u00fclerinnen und Sch\u00fclern des RWG ein Mailied sangen.<\/p>\n<p>Der Leiter des Klinikums bedankte sich bei den Mitwirkenden mit einer gro\u00dfen \u00dcberraschungst\u00fcte. Begleitet wurden die Sch\u00fcler von Herrn und Frau Mehling und von Herrn Florian Mehling.<br \/>\n<!--\n<a href=\"https:\/\/www.rwg-bayreuth.de\/home\/?attachment_id=1859\" rel=\"attachment wp-att-1859\"><img loading=\"lazy\" decoding=\"async\" class=\"alignleft size-medium wp-image-1859\" alt=\"DSC_0145 Kopie\" src=\"https:\/\/www.rwg-bayreuth.de\/home\/wp-content\/uploads\/2013\/04\/DSC_0145-Kopie-300x198.jpg\" width=\"300\" height=\"198\" \/><\/a>--><\/p>\n<p>Allen Teilnehmern sei f\u00fcr ihr Engagement herzlichst gedankt.<\/p>\n","protected":false},"excerpt":{"rendered":"<p>Am Dienstag, dem 24.4. gaben die Sch\u00fcler der Gesangs-und Fl\u00f6tenkurse der Musiklehrer Mehling zwei Konzerte im Altenheim am Glasenweiher und in der Reha-Klinik. Ein sehr abwechslungsreiches Programm bestehend aus Kunstliedern, Klavierst\u00fccken und Fl\u00f6tengruppen zum Thema Fr\u00fchling sorgte f\u00fcr gute Laune bei den Heimbewohnern, die gerne am Schluss der Veranstaltung gemeinsam mit den Sch\u00fclerinnen und Sch\u00fclern&hellip;<\/p>\n","protected":false},"author":8,"featured_media":0,"comment_status":"closed","ping_status":"closed","sticky":false,"template":"","format":"standard","meta":{"footnotes":""},"categories":[1],"tags":[],"_links":{"self":[{"href":"https:\/\/www.rwg-bayreuth.de\/home\/index.php?rest_route=\/wp\/v2\/posts\/1794"}],"collection":[{"href":"https:\/\/www.rwg-bayreuth.de\/home\/index.php?rest_route=\/wp\/v2\/posts"}],"about":[{"href":"https:\/\/www.rwg-bayreuth.de\/home\/index.php?rest_route=\/wp\/v2\/types\/post"}],"author":[{"embeddable":true,"href":"https:\/\/www.rwg-bayreuth.de\/home\/index.php?rest_route=\/wp\/v2\/users\/8"}],"replies":[{"embeddable":true,"href":"https:\/\/www.rwg-bayreuth.de\/home\/index.php?rest_route=%2Fwp%2Fv2%2Fcomments&post=1794"}],"version-history":[{"count":15,"href":"https:\/\/www.rwg-bayreuth.de\/home\/index.php?rest_route=\/wp\/v2\/posts\/1794\/revisions"}],"predecessor-version":[{"id":1917,"href":"https:\/\/www.rwg-bayreuth.de\/home\/index.php?rest_route=\/wp\/v2\/posts\/1794\/revisions\/1917"}],"wp:attachment":[{"href":"https:\/\/www.rwg-bayreuth.de\/home\/index.php?rest_route=%2Fwp%2Fv2%2Fmedia&parent=1794"}],"wp:term":[{"taxonomy":"category","embeddable":true,"href":"https:\/\/www.rwg-bayreuth.de\/home\/index.php?rest_route=%2Fwp%2Fv2%2Fcategories&post=1794"},{"taxonomy":"post_tag","embeddable":true,"href":"https:\/\/www.rwg-bayreuth.de\/home\/index.php?rest_route=%2Fwp%2Fv2%2Ftags&post=1794"}],"curies":[{"name":"wp","href":"https:\/\/api.w.org\/{rel}","templated":true}]}}