{"id":17920,"date":"2017-10-25T09:24:07","date_gmt":"2017-10-25T07:24:07","guid":{"rendered":"http:\/\/www.rwg-bayreuth.de\/home\/?p=17920"},"modified":"2017-10-25T09:27:25","modified_gmt":"2017-10-25T07:27:25","slug":"alte-hasen-und-frischer-wind-in-der-neu-gewaehlten-smv","status":"publish","type":"post","link":"https:\/\/www.rwg-bayreuth.de\/home\/?p=17920","title":{"rendered":"\u201eAlte Hasen\u201c und \u201efrischer Wind\u201c in der neu gew\u00e4hlten SMV"},"content":{"rendered":"<p><a href=\"https:\/\/www.rwg-bayreuth.de\/home\/wp-content\/uploads\/2017\/10\/SMV-17-18.jpg\"><img loading=\"lazy\" decoding=\"async\" src=\"https:\/\/www.rwg-bayreuth.de\/home\/wp-content\/uploads\/2017\/10\/SMV-17-18-450x300.jpg\" alt=\"\" width=\"450\" height=\"300\" class=\"aligncenter size-medium wp-image-17915\" srcset=\"https:\/\/www.rwg-bayreuth.de\/home\/wp-content\/uploads\/2017\/10\/SMV-17-18-450x300.jpg 450w, https:\/\/www.rwg-bayreuth.de\/home\/wp-content\/uploads\/2017\/10\/SMV-17-18-768x512.jpg 768w, https:\/\/www.rwg-bayreuth.de\/home\/wp-content\/uploads\/2017\/10\/SMV-17-18.jpg 1024w, https:\/\/www.rwg-bayreuth.de\/home\/wp-content\/uploads\/2017\/10\/SMV-17-18-250x167.jpg 250w, https:\/\/www.rwg-bayreuth.de\/home\/wp-content\/uploads\/2017\/10\/SMV-17-18-600x400.jpg 600w\" sizes=\"(max-width: 450px) 100vw, 450px\" \/><\/a><\/p>\n<p>Wie in jedem Jahr fand auch heuer die erste Klassensprecherversammlung im Oktober, zusammen mit den beiden Verbindungslehrern Frau Schmidt und Herrn Bauer, statt.<\/p>\n<p>Viele neue, aber auch alte Gesichter aus allen Klassenstufen versammelten sich, um sowohl die Sch\u00fclersprecher als auch eine neu aufgestellte SMV zu w\u00e4hlen.<\/p>\n<p>Sehr positiv war die Bereitschaft vieler Sch\u00fcler, die sich f\u00fcr das Amt als Sch\u00fclersprecher und auch f\u00fcr die SMV-Wahl zur Verf\u00fcgung stellten. Die beiden Verbindungslehrer sehen dies als positive R\u00fcckmeldung f\u00fcr die geleistete Arbeit der SMV in den letzten Jahren und freuen sich \u00fcber die Bereitwilligkeit der Sch\u00fcler im SMV-Team mitzuarbeiten und die Schule damit auch einen Schritt weiterzuentwickeln. <\/p>\n<div id=\"attachment_17916\" style=\"width: 460px\" class=\"wp-caption aligncenter\"><a href=\"https:\/\/www.rwg-bayreuth.de\/home\/wp-content\/uploads\/2017\/10\/Sch\u00fclersprecher-17-18.jpg\"><img loading=\"lazy\" decoding=\"async\" aria-describedby=\"caption-attachment-17916\" src=\"https:\/\/www.rwg-bayreuth.de\/home\/wp-content\/uploads\/2017\/10\/Sch\u00fclersprecher-17-18-450x300.jpg\" alt=\"\" width=\"450\" height=\"300\" class=\"size-medium wp-image-17916\" srcset=\"https:\/\/www.rwg-bayreuth.de\/home\/wp-content\/uploads\/2017\/10\/Sch\u00fclersprecher-17-18-450x300.jpg 450w, https:\/\/www.rwg-bayreuth.de\/home\/wp-content\/uploads\/2017\/10\/Sch\u00fclersprecher-17-18-768x512.jpg 768w, https:\/\/www.rwg-bayreuth.de\/home\/wp-content\/uploads\/2017\/10\/Sch\u00fclersprecher-17-18.jpg 1024w, https:\/\/www.rwg-bayreuth.de\/home\/wp-content\/uploads\/2017\/10\/Sch\u00fclersprecher-17-18-250x167.jpg 250w, https:\/\/www.rwg-bayreuth.de\/home\/wp-content\/uploads\/2017\/10\/Sch\u00fclersprecher-17-18-600x400.jpg 600w\" sizes=\"(max-width: 450px) 100vw, 450px\" \/><\/a><p id=\"caption-attachment-17916\" class=\"wp-caption-text\">1.&nbsp;Sch\u00fclersprecher: Jonas Heinekamp, 2.&nbsp;Sch\u00fclersprecher: Kamuran Feger und 3.&nbsp;Sch\u00fclersprecherin: Fiona Pondor<\/p><\/div>\n<p>Herzlich begr\u00fc\u00dfen m\u00f6chten wir im neu formierten Sch\u00fclersprecherteam Fiona Pondor und Kamuran Feger. Beide sind \u201ealte Hasen\u201c was die SMV-Arbeit angeht und die Schule kann sich schon jetzt auf ein kreatives und zuverl\u00e4ssiges Team freuen. Neben den beiden Neuen bleibt Jonas Heinekamp erster Sch\u00fclersprecher.<\/p>\n<p>Auch die SMV bekommt \u201efrischen Wind\u201c. Neben den alt bew\u00e4hrten Mitgliedern, k\u00f6nnen wir in diesem Jahr auch neue Gesichter in der SMV begr\u00fc\u00dfen. Das Team um Romana Hofmann, Leonie Knaus, Elena und Sophia G\u00fcthing, Cosima Kurzac, Amelie Rohmer, und Simon Wolf, wird ab sofort unterst\u00fctzt durch Swantje R\u00fcschen, Julia Bezold, Laura Hollfelder, Rojin \u00d6ztosun und Linus Gr\u00e4tz.<\/p>\n<p>F\u00fcr Eure Arbeit im kommenden Schuljahr w\u00fcnschen wir Euch viel Erfolg und Spa\u00df!<\/p>\n<p>Eure Verbindungslehrer<br \/>\nKatja Schmidt und Markus Bauer<\/p>\n","protected":false},"excerpt":{"rendered":"<p>Wie in jedem Jahr fand auch heuer die erste Klassensprecherversammlung im Oktober, zusammen mit den beiden Verbindungslehrern Frau Schmidt und Herrn Bauer, statt. Viele neue, aber auch alte Gesichter aus allen Klassenstufen versammelten sich, um sowohl die Sch\u00fclersprecher als auch eine neu aufgestellte SMV zu w\u00e4hlen. Sehr positiv war die Bereitschaft vieler Sch\u00fcler, die sich&hellip;<\/p>\n","protected":false},"author":11,"featured_media":17915,"comment_status":"closed","ping_status":"closed","sticky":false,"template":"","format":"standard","meta":{"footnotes":""},"categories":[1],"tags":[51,35],"_links":{"self":[{"href":"https:\/\/www.rwg-bayreuth.de\/home\/index.php?rest_route=\/wp\/v2\/posts\/17920"}],"collection":[{"href":"https:\/\/www.rwg-bayreuth.de\/home\/index.php?rest_route=\/wp\/v2\/posts"}],"about":[{"href":"https:\/\/www.rwg-bayreuth.de\/home\/index.php?rest_route=\/wp\/v2\/types\/post"}],"author":[{"embeddable":true,"href":"https:\/\/www.rwg-bayreuth.de\/home\/index.php?rest_route=\/wp\/v2\/users\/11"}],"replies":[{"embeddable":true,"href":"https:\/\/www.rwg-bayreuth.de\/home\/index.php?rest_route=%2Fwp%2Fv2%2Fcomments&post=17920"}],"version-history":[{"count":3,"href":"https:\/\/www.rwg-bayreuth.de\/home\/index.php?rest_route=\/wp\/v2\/posts\/17920\/revisions"}],"predecessor-version":[{"id":17923,"href":"https:\/\/www.rwg-bayreuth.de\/home\/index.php?rest_route=\/wp\/v2\/posts\/17920\/revisions\/17923"}],"wp:featuredmedia":[{"embeddable":true,"href":"https:\/\/www.rwg-bayreuth.de\/home\/index.php?rest_route=\/wp\/v2\/media\/17915"}],"wp:attachment":[{"href":"https:\/\/www.rwg-bayreuth.de\/home\/index.php?rest_route=%2Fwp%2Fv2%2Fmedia&parent=17920"}],"wp:term":[{"taxonomy":"category","embeddable":true,"href":"https:\/\/www.rwg-bayreuth.de\/home\/index.php?rest_route=%2Fwp%2Fv2%2Fcategories&post=17920"},{"taxonomy":"post_tag","embeddable":true,"href":"https:\/\/www.rwg-bayreuth.de\/home\/index.php?rest_route=%2Fwp%2Fv2%2Ftags&post=17920"}],"curies":[{"name":"wp","href":"https:\/\/api.w.org\/{rel}","templated":true}]}}