{"id":17864,"date":"2017-10-21T18:49:50","date_gmt":"2017-10-21T16:49:50","guid":{"rendered":"http:\/\/www.rwg-bayreuth.de\/home\/?p=17864"},"modified":"2019-01-26T18:28:13","modified_gmt":"2019-01-26T17:28:13","slug":"modenschau-aus-bella-italia","status":"publish","type":"post","link":"https:\/\/www.rwg-bayreuth.de\/home\/?p=17864","title":{"rendered":"Modenschau aus Bella Italia"},"content":{"rendered":"<div id=\"attachment_17865\" style=\"width: 1034px\" class=\"wp-caption aligncenter\"><a href=\"https:\/\/www.rwg-bayreuth.de\/home\/wp-content\/uploads\/2017\/10\/17-18-ToT\u00fcr-Modenschau8-1024.jpg\"><img loading=\"lazy\" decoding=\"async\" aria-describedby=\"caption-attachment-17865\" src=\"https:\/\/www.rwg-bayreuth.de\/home\/wp-content\/uploads\/2017\/10\/17-18-ToT\u00fcr-Modenschau8-1024.jpg\" alt=\"\" width=\"1024\" height=\"707\" class=\"size-full wp-image-17865\" srcset=\"https:\/\/www.rwg-bayreuth.de\/home\/wp-content\/uploads\/2017\/10\/17-18-ToT\u00fcr-Modenschau8-1024.jpg 1024w, https:\/\/www.rwg-bayreuth.de\/home\/wp-content\/uploads\/2017\/10\/17-18-ToT\u00fcr-Modenschau8-1024-450x311.jpg 450w, https:\/\/www.rwg-bayreuth.de\/home\/wp-content\/uploads\/2017\/10\/17-18-ToT\u00fcr-Modenschau8-1024-768x530.jpg 768w, https:\/\/www.rwg-bayreuth.de\/home\/wp-content\/uploads\/2017\/10\/17-18-ToT\u00fcr-Modenschau8-1024-250x173.jpg 250w\" sizes=\"(max-width: 1024px) 100vw, 1024px\" \/><\/a><p id=\"caption-attachment-17865\" class=\"wp-caption-text\">Die Sch\u00fcler hatten Spa\u00df daran, als Models zu posieren.<\/p><\/div>\n<p>Unter dem rei\u00dferischen Titel \u201esfilata di moda 2017\u201c stellte die Fachschaft Italienisch anl\u00e4sslich des 150-j\u00e4hrigen Jubil\u00e4ums unserer Schule unter Leitung von Frau Klamt eine Modenschau auf die Beine. <\/p>\n<div id=\"attachment_17872\" style=\"width: 460px\" class=\"wp-caption aligncenter\"><a href=\"https:\/\/www.rwg-bayreuth.de\/home\/wp-content\/uploads\/2017\/10\/17-18-ToT\u00fcr-Modenschau4.jpg\"><img loading=\"lazy\" decoding=\"async\" aria-describedby=\"caption-attachment-17872\" src=\"https:\/\/www.rwg-bayreuth.de\/home\/wp-content\/uploads\/2017\/10\/17-18-ToT\u00fcr-Modenschau4.jpg\" alt=\"\" width=\"450\" height=\"309\" class=\"size-full wp-image-17872\" srcset=\"https:\/\/www.rwg-bayreuth.de\/home\/wp-content\/uploads\/2017\/10\/17-18-ToT\u00fcr-Modenschau4.jpg 450w, https:\/\/www.rwg-bayreuth.de\/home\/wp-content\/uploads\/2017\/10\/17-18-ToT\u00fcr-Modenschau4-250x172.jpg 250w\" sizes=\"(max-width: 450px) 100vw, 450px\" \/><\/a><p id=\"caption-attachment-17872\" class=\"wp-caption-text\">L\u00e4ssig und modisch passen gut zusammen.<\/p><\/div>\n<p>Das Ziel dieses modischen R\u00fcckblicks auf die letzten Jahrzehnte (50er bis 90er Jahre) war zum einen den Anwesenden einen Einblick in damals vorherrschenden Modetrends zu geben, zum anderen aber auch den entsprechenden Wortschatz in italienischer Sprache zu pr\u00e4sentieren. Dies geschah durch eine zweisprachige Moderation auf Deutsch und Italienisch. <\/p>\n<div id=\"attachment_17866\" style=\"width: 460px\" class=\"wp-caption aligncenter\"><a href=\"https:\/\/www.rwg-bayreuth.de\/home\/wp-content\/uploads\/2017\/10\/17-18-ToT\u00fcr-Modenschau7.jpg\"><img loading=\"lazy\" decoding=\"async\" aria-describedby=\"caption-attachment-17866\" src=\"https:\/\/www.rwg-bayreuth.de\/home\/wp-content\/uploads\/2017\/10\/17-18-ToT\u00fcr-Modenschau7.jpg\" alt=\"\" width=\"450\" height=\"356\" class=\"size-full wp-image-17866\" srcset=\"https:\/\/www.rwg-bayreuth.de\/home\/wp-content\/uploads\/2017\/10\/17-18-ToT\u00fcr-Modenschau7.jpg 450w, https:\/\/www.rwg-bayreuth.de\/home\/wp-content\/uploads\/2017\/10\/17-18-ToT\u00fcr-Modenschau7-250x198.jpg 250w\" sizes=\"(max-width: 450px) 100vw, 450px\" \/><\/a><p id=\"caption-attachment-17866\" class=\"wp-caption-text\">Glitzerkugel und Glitzerkost\u00fcme waren der ABBA-Zeit abgeschaut.<\/p><\/div>\n<p>Die Models der Oberstufe, aber auch der 9. Klassen stellten durch ihren Gang \u00fcber den Laufsteg die g\u00e4ngige Mode der betreffenden Jahrzehnte dar, setzten aber auch t\u00e4nzerisch einige Highlights, zum Beispiel in der legend\u00e4ren ABBA-Performance. <\/p>\n<div id=\"attachment_17874\" style=\"width: 460px\" class=\"wp-caption aligncenter\"><a href=\"https:\/\/www.rwg-bayreuth.de\/home\/wp-content\/uploads\/2017\/10\/17-18-ToT\u00fcr-Moenschau3.jpg\"><img loading=\"lazy\" decoding=\"async\" aria-describedby=\"caption-attachment-17874\" src=\"https:\/\/www.rwg-bayreuth.de\/home\/wp-content\/uploads\/2017\/10\/17-18-ToT\u00fcr-Moenschau3.jpg\" alt=\"\" width=\"450\" height=\"329\" class=\"size-full wp-image-17874\" srcset=\"https:\/\/www.rwg-bayreuth.de\/home\/wp-content\/uploads\/2017\/10\/17-18-ToT\u00fcr-Moenschau3.jpg 450w, https:\/\/www.rwg-bayreuth.de\/home\/wp-content\/uploads\/2017\/10\/17-18-ToT\u00fcr-Moenschau3-250x183.jpg 250w\" sizes=\"(max-width: 450px) 100vw, 450px\" \/><\/a><p id=\"caption-attachment-17874\" class=\"wp-caption-text\">Zu Bella Italia geh\u00f6rt die richtige Strandmode.<\/p><\/div>\n<p>Untermalt waren alle Einlagen mit den f\u00fcr die Jahrzehnte typischen italienischen bzw. italianisierten Songs, die wohl jeder mit dem wundersch\u00f6nen Land Italien verbindet, zum Beispiel \u201eQuando, Quando\u201c von Tony Renis oder auch \u201eVolare. Nel blu dipinto di blu\u201c von Domenico Modugno.<\/p>\n<div id=\"attachment_17867\" style=\"width: 460px\" class=\"wp-caption aligncenter\"><a href=\"https:\/\/www.rwg-bayreuth.de\/home\/wp-content\/uploads\/2017\/10\/17-18-ToT\u00fcr-Modenschau6.jpg\"><img loading=\"lazy\" decoding=\"async\" aria-describedby=\"caption-attachment-17867\" src=\"https:\/\/www.rwg-bayreuth.de\/home\/wp-content\/uploads\/2017\/10\/17-18-ToT\u00fcr-Modenschau6.jpg\" alt=\"\" width=\"450\" height=\"331\" class=\"size-full wp-image-17867\" srcset=\"https:\/\/www.rwg-bayreuth.de\/home\/wp-content\/uploads\/2017\/10\/17-18-ToT\u00fcr-Modenschau6.jpg 450w, https:\/\/www.rwg-bayreuth.de\/home\/wp-content\/uploads\/2017\/10\/17-18-ToT\u00fcr-Modenschau6-250x184.jpg 250w\" sizes=\"(max-width: 450px) 100vw, 450px\" \/><\/a><p id=\"caption-attachment-17867\" class=\"wp-caption-text\">Flower-Power-Peace war das Motto der Hippie-Bewegung.<\/p><\/div>\n<p>Nicht nur die Zuschauer, die sich zu beiden Auff\u00fchrungen so dicht in die Aula dr\u00e4ngten, dass fast Platznot herrschte, hatten Ihren sichtlichen Spa\u00df an der Darbietung. Auch die Schausteller versicherten, sie h\u00e4tten nie geglaubt, dass ihnen das Tragen der f\u00fcr die heutige Zeit doch so seltsam anmutenden Klamotten so viel Spa\u00df bereiten w\u00fcrde. Zu sehen war zum Beispiel ein Original italienischer Badeanzug aus den 60er Jahren. Ferner stellten unsere Sch\u00fcler und Sch\u00fclerinnen die Hippie-Bewegung der 70er Jahre im Flower Power Look nach. <\/p>\n<div id=\"attachment_17868\" style=\"width: 460px\" class=\"wp-caption aligncenter\"><a href=\"https:\/\/www.rwg-bayreuth.de\/home\/wp-content\/uploads\/2017\/10\/17-18-ToT\u00fcr-Modenschau2.jpg\"><img loading=\"lazy\" decoding=\"async\" aria-describedby=\"caption-attachment-17868\" src=\"https:\/\/www.rwg-bayreuth.de\/home\/wp-content\/uploads\/2017\/10\/17-18-ToT\u00fcr-Modenschau2.jpg\" alt=\"\" width=\"450\" height=\"335\" class=\"size-full wp-image-17868\" srcset=\"https:\/\/www.rwg-bayreuth.de\/home\/wp-content\/uploads\/2017\/10\/17-18-ToT\u00fcr-Modenschau2.jpg 450w, https:\/\/www.rwg-bayreuth.de\/home\/wp-content\/uploads\/2017\/10\/17-18-ToT\u00fcr-Modenschau2-250x186.jpg 250w\" sizes=\"(max-width: 450px) 100vw, 450px\" \/><\/a><p id=\"caption-attachment-17868\" class=\"wp-caption-text\">Die Pr\u00e4sentation der Modenschau war Deutsch und Italienisch.<\/p><\/div>\n<p>Ein besonderer H\u00f6hepunkt der Darbietung war aber sicherlich  auch die Pr\u00e4sentation zweier Outfits, die zwei unserer Kolleginnen so original zu ihrer eigenen  Abiturverabschiedung in den 70er Jahren trugen. Sehr besonders war auch die von unseren Sch\u00fclerinnen pr\u00e4sentierte Mode der 80er, die uns freundlicherweise unsere Direktorin, Frau Graf, inklusive eines Portr\u00e4ts aus dieser Zeit beisteuerte. <\/p>\n<div id=\"attachment_17870\" style=\"width: 460px\" class=\"wp-caption aligncenter\"><a href=\"https:\/\/www.rwg-bayreuth.de\/home\/wp-content\/uploads\/2017\/10\/17-18-ToT\u00fcr-Modenschau1.jpg\"><img loading=\"lazy\" decoding=\"async\" aria-describedby=\"caption-attachment-17870\" src=\"https:\/\/www.rwg-bayreuth.de\/home\/wp-content\/uploads\/2017\/10\/17-18-ToT\u00fcr-Modenschau1.jpg\" alt=\"\" width=\"450\" height=\"343\" class=\"size-full wp-image-17870\" srcset=\"https:\/\/www.rwg-bayreuth.de\/home\/wp-content\/uploads\/2017\/10\/17-18-ToT\u00fcr-Modenschau1.jpg 450w, https:\/\/www.rwg-bayreuth.de\/home\/wp-content\/uploads\/2017\/10\/17-18-ToT\u00fcr-Modenschau1-250x191.jpg 250w\" sizes=\"(max-width: 450px) 100vw, 450px\" \/><\/a><p id=\"caption-attachment-17870\" class=\"wp-caption-text\">Zur passenden Musik ging es auf dem Laufsteg auch sportlich zu.<\/p><\/div>\n<p>Kurzum, die Modenschau war, so waren sich alle Beteiligten einig, ein gelungenes Projekt, das jedem unweigerlich ein L\u00e4cheln auf das Gesicht zaubern musste. <\/p>\n<div id=\"attachment_17875\" style=\"width: 460px\" class=\"wp-caption aligncenter\"><a href=\"https:\/\/www.rwg-bayreuth.de\/home\/wp-content\/uploads\/2017\/10\/17-18-ToT\u00fcr-Modenschau5.jpg\"><img loading=\"lazy\" decoding=\"async\" aria-describedby=\"caption-attachment-17875\" src=\"https:\/\/www.rwg-bayreuth.de\/home\/wp-content\/uploads\/2017\/10\/17-18-ToT\u00fcr-Modenschau5.jpg\" alt=\"\" width=\"450\" height=\"298\" class=\"size-full wp-image-17875\" srcset=\"https:\/\/www.rwg-bayreuth.de\/home\/wp-content\/uploads\/2017\/10\/17-18-ToT\u00fcr-Modenschau5.jpg 450w, https:\/\/www.rwg-bayreuth.de\/home\/wp-content\/uploads\/2017\/10\/17-18-ToT\u00fcr-Modenschau5-250x166.jpg 250w\" sizes=\"(max-width: 450px) 100vw, 450px\" \/><\/a><p id=\"caption-attachment-17875\" class=\"wp-caption-text\">Passende Projektionen untermalten die Schau.<\/p><\/div>\n<p>OStRin Katrin Klamt f\u00fcr die Fachschaft Italienisch<\/p>\n","protected":false},"excerpt":{"rendered":"<p>Unter dem rei\u00dferischen Titel \u201esfilata di moda 2017\u201c stellte die Fachschaft Italienisch anl\u00e4sslich des 150-j\u00e4hrigen Jubil\u00e4ums unserer Schule unter Leitung von Frau Klamt eine Modenschau auf die Beine. Das Ziel dieses modischen R\u00fcckblicks auf die letzten Jahrzehnte (50er bis 90er Jahre) war zum einen den Anwesenden einen Einblick in damals vorherrschenden Modetrends zu geben, zum&hellip;<\/p>\n","protected":false},"author":2,"featured_media":17865,"comment_status":"closed","ping_status":"closed","sticky":false,"template":"","format":"standard","meta":{"footnotes":""},"categories":[1],"tags":[51,69,42],"_links":{"self":[{"href":"https:\/\/www.rwg-bayreuth.de\/home\/index.php?rest_route=\/wp\/v2\/posts\/17864"}],"collection":[{"href":"https:\/\/www.rwg-bayreuth.de\/home\/index.php?rest_route=\/wp\/v2\/posts"}],"about":[{"href":"https:\/\/www.rwg-bayreuth.de\/home\/index.php?rest_route=\/wp\/v2\/types\/post"}],"author":[{"embeddable":true,"href":"https:\/\/www.rwg-bayreuth.de\/home\/index.php?rest_route=\/wp\/v2\/users\/2"}],"replies":[{"embeddable":true,"href":"https:\/\/www.rwg-bayreuth.de\/home\/index.php?rest_route=%2Fwp%2Fv2%2Fcomments&post=17864"}],"version-history":[{"count":8,"href":"https:\/\/www.rwg-bayreuth.de\/home\/index.php?rest_route=\/wp\/v2\/posts\/17864\/revisions"}],"predecessor-version":[{"id":17888,"href":"https:\/\/www.rwg-bayreuth.de\/home\/index.php?rest_route=\/wp\/v2\/posts\/17864\/revisions\/17888"}],"wp:featuredmedia":[{"embeddable":true,"href":"https:\/\/www.rwg-bayreuth.de\/home\/index.php?rest_route=\/wp\/v2\/media\/17865"}],"wp:attachment":[{"href":"https:\/\/www.rwg-bayreuth.de\/home\/index.php?rest_route=%2Fwp%2Fv2%2Fmedia&parent=17864"}],"wp:term":[{"taxonomy":"category","embeddable":true,"href":"https:\/\/www.rwg-bayreuth.de\/home\/index.php?rest_route=%2Fwp%2Fv2%2Fcategories&post=17864"},{"taxonomy":"post_tag","embeddable":true,"href":"https:\/\/www.rwg-bayreuth.de\/home\/index.php?rest_route=%2Fwp%2Fv2%2Ftags&post=17864"}],"curies":[{"name":"wp","href":"https:\/\/api.w.org\/{rel}","templated":true}]}}