{"id":17767,"date":"2017-10-16T17:54:51","date_gmt":"2017-10-16T15:54:51","guid":{"rendered":"http:\/\/www.rwg-bayreuth.de\/home\/?p=17767"},"modified":"2017-10-24T10:56:56","modified_gmt":"2017-10-24T08:56:56","slug":"ein-hoch-auf-unsere-schule","status":"publish","type":"post","link":"https:\/\/www.rwg-bayreuth.de\/home\/?p=17767","title":{"rendered":"Ein Hoch auf unsere Schule"},"content":{"rendered":"<div id=\"attachment_17769\" style=\"width: 460px\" class=\"wp-caption aligncenter\"><a href=\"https:\/\/www.rwg-bayreuth.de\/home\/wp-content\/uploads\/2017\/10\/0000Publikum4-450jpg.jpg\"><img loading=\"lazy\" decoding=\"async\" aria-describedby=\"caption-attachment-17769\" src=\"https:\/\/www.rwg-bayreuth.de\/home\/wp-content\/uploads\/2017\/10\/0000Publikum4-450jpg.jpg\" alt=\"\" width=\"450\" height=\"310\" class=\"size-full wp-image-17769\" srcset=\"https:\/\/www.rwg-bayreuth.de\/home\/wp-content\/uploads\/2017\/10\/0000Publikum4-450jpg.jpg 450w, https:\/\/www.rwg-bayreuth.de\/home\/wp-content\/uploads\/2017\/10\/0000Publikum4-450jpg-250x172.jpg 250w\" sizes=\"(max-width: 450px) 100vw, 450px\" \/><\/a><p id=\"caption-attachment-17769\" class=\"wp-caption-text\">Das Festpublikum lauschte den Gru\u00dfworten.<\/p><\/div>\n<p>Mit einem imposanten und zugleich stimmungsvollen Festakt in der Oberfrankenhalle feierte das RWG seinen 150-j\u00e4hrigen Geburtstag. \u00dcber 2000 G\u00e4ste hatten sich versammelt, um auf den Tag, ja sogar die Stunde genau, an die Gr\u00fcndung der Schule vor 150 Jahren, am 14. Oktober 1867 um 10 Uhr, zu erinnern. 48 Sch\u00fclerinnen in zwei Klassen begannen zu dieser Zeit ihren Unterricht.<\/p>\n<div id=\"attachment_17778\" style=\"width: 460px\" class=\"wp-caption aligncenter\"><a href=\"https:\/\/www.rwg-bayreuth.de\/home\/wp-content\/uploads\/2017\/10\/004-b-Graf-quer-450-1.jpg\"><img loading=\"lazy\" decoding=\"async\" aria-describedby=\"caption-attachment-17778\" src=\"https:\/\/www.rwg-bayreuth.de\/home\/wp-content\/uploads\/2017\/10\/004-b-Graf-quer-450-1.jpg\" alt=\"\" width=\"450\" height=\"323\" class=\"size-full wp-image-17778\" srcset=\"https:\/\/www.rwg-bayreuth.de\/home\/wp-content\/uploads\/2017\/10\/004-b-Graf-quer-450-1.jpg 450w, https:\/\/www.rwg-bayreuth.de\/home\/wp-content\/uploads\/2017\/10\/004-b-Graf-quer-450-1-250x179.jpg 250w\" sizes=\"(max-width: 450px) 100vw, 450px\" \/><\/a><p id=\"caption-attachment-17778\" class=\"wp-caption-text\">Die Schulleiterin des RWG, Ursula Graf<\/p><\/div>\n<p>Die Schulleiterin Ursula Graf betonte bei ihrer Begr\u00fc\u00dfung die Bedeutung des RWG, der \u201eSchule im Herzen der Stadt\u201c, sowohl in geographischer Hinsicht als auch in Bezug auf die Schulgeschichte selbst: Die ehemalige H\u00f6here T\u00f6chterschule von damals wie auch das Richard-Wagner-Gymnasium heute bliebe stets eng verwurzelt mit der Geschichte der Stadt Bayreuth und des Umlandes. <\/p>\n<p>Allen Ehreng\u00e4sten aus der Politik, der Wirtschaft, der Kirche und nicht zuletzt auch den benachbarten Schulen sowie der Bildungspolitik in und um Bayreuth und im Landkreis bot sich ein beeindruckendes Bild in der aufw\u00e4ndig dekorierten Oberfrankenhalle: Vor feierlicher Kulisse konnten die \u00fcber 300 engagiert Mitwirkenden bestaunt werden, die das RWG mit einem kurzweiligen, bunten Programm aus Reden, Musik- und Showeinlagen  von seiner besten Seite pr\u00e4sentierten. Neben den \u00fcber 700 aktuellen Sch\u00fclern des Richard-Wagner-Gymnasiums, ihren Eltern, dem Lehrerkollegium sowie weiteren Vertretern s\u00e4mtlicher Gremien der Schulfamilie waren auch etwa 550 Ehemalige gekommen, um gemeinsam ein rauschendes Fest zu feiern. <\/p>\n<p>Aus einer Schule, die in ihrer Ausbildungs- und Zielrichtung als klassische M\u00e4dchenschule zun\u00e4chst nicht jedem offen stand, sei ein modernes Gymnasium mit s\u00e4mtlichen Schulzweigen, ein \u201eAllrounder auf hohem Niveau\u201c, geworden.  Die Zukunft des RWG wertete Frau Graf insbesondere mit Blick auf die anstehende Sanierung der r\u00e4umlichen Gegebenheiten als Herausforderung und Chance zugleich, um sodann der Schule alles Gute f\u00fcr die n\u00e4chsten 150 Jahre zu w\u00fcnschen.<\/p>\n<div id=\"attachment_17772\" style=\"width: 460px\" class=\"wp-caption aligncenter\"><a href=\"https:\/\/www.rwg-bayreuth.de\/home\/wp-content\/uploads\/2017\/10\/006-d-Merk-Erbe-quer-450.jpg\"><img loading=\"lazy\" decoding=\"async\" aria-describedby=\"caption-attachment-17772\" src=\"https:\/\/www.rwg-bayreuth.de\/home\/wp-content\/uploads\/2017\/10\/006-d-Merk-Erbe-quer-450.jpg\" alt=\"\" width=\"450\" height=\"304\" class=\"size-full wp-image-17772\" srcset=\"https:\/\/www.rwg-bayreuth.de\/home\/wp-content\/uploads\/2017\/10\/006-d-Merk-Erbe-quer-450.jpg 450w, https:\/\/www.rwg-bayreuth.de\/home\/wp-content\/uploads\/2017\/10\/006-d-Merk-Erbe-quer-450-250x169.jpg 250w\" sizes=\"(max-width: 450px) 100vw, 450px\" \/><\/a><p id=\"caption-attachment-17772\" class=\"wp-caption-text\">Die Oberb\u00fcrgermeisterin der Stadt Bayreuth, Brigitte Merk-Erbe, fr\u00fcher selbst Sch\u00fclerin am RWG<\/p><\/div>\n<p>Dass Schulgeschichte eben zugleich auch Stadtgeschichte und Bildungsgeschichte jeweils im gesellschaftlichen Wandel darstelle, betonte die Oberb\u00fcrgermeisterin der Stadt Bayreuth, Brigitte Merk-Erbe. Der Geschichte des Richard-Wagner-Gymnasiums komme dabei eine besondere Bedeutung in der Schullandschaft der Stadt zu: Die H\u00f6here T\u00f6chterschule sei 1867  mit einem Startkapital von etwas mehr als 4000 Gulden von 36 B\u00fcrgern ins Leben gerufen worden, im Laufe der 150 Jahre habe sich das RWG zu einem schulischen \u201eFlaggschiff der politischen Bildung\u201c entwickelt. Das RWG zeige heute gro\u00dfes Engagement in den unterschiedlichsten Bereichen und stehe insbesondere f\u00fcr soziale Werte, was sich nicht zuletzt auch an den \u00e4u\u00dferst vielf\u00e4ltigen Aktionen des Jubil\u00e4umsjahres in den letzten Wochen und Monaten erkennen lasse.<\/p>\n<p>Frau Merk-Erbe versicherte, man werde die Schule weiterhin auch vonseiten der Stadt Bayreuth positiv in die Zukunft begleiten \u2013  insbesondere die Oberb\u00fcrgermeisterin d\u00fcrfte mit dem RWG, an dem sie 1975 ihr Abitur ablegte, einige sch\u00f6ne Erinnerungen an die eigene Schulzeit verkn\u00fcpfen!<\/p>\n<div id=\"attachment_17773\" style=\"width: 460px\" class=\"wp-caption aligncenter\"><a href=\"https:\/\/www.rwg-bayreuth.de\/home\/wp-content\/uploads\/2017\/10\/007-b-H\u00fcbner-quer-450.jpg\"><img loading=\"lazy\" decoding=\"async\" aria-describedby=\"caption-attachment-17773\" src=\"https:\/\/www.rwg-bayreuth.de\/home\/wp-content\/uploads\/2017\/10\/007-b-H\u00fcbner-quer-450.jpg\" alt=\"\" width=\"450\" height=\"306\" class=\"size-full wp-image-17773\" srcset=\"https:\/\/www.rwg-bayreuth.de\/home\/wp-content\/uploads\/2017\/10\/007-b-H\u00fcbner-quer-450.jpg 450w, https:\/\/www.rwg-bayreuth.de\/home\/wp-content\/uploads\/2017\/10\/007-b-H\u00fcbner-quer-450-250x170.jpg 250w\" sizes=\"(max-width: 450px) 100vw, 450px\" \/><\/a><p id=\"caption-attachment-17773\" class=\"wp-caption-text\">Der Landrat des Landkreises Bayreuth, Hermann H\u00fcbner<\/p><\/div>\n<p>Der Landrat des Landkreises Bayreuth, Herrmann H\u00fcbner, beschrieb in seinem Gru\u00dfwort das RWG als \u201eLeuchtturm\u201c, als \u201eAnziehungspunkt \u00fcber die Stadtgrenzen hinaus.\u201c Dies gelte sowohl f\u00fcr &#8218;gestern&#8216; als auch f\u00fcr &#8218;jetzt&#8216; und &#8218;morgen&#8216;. Wenn das Richard-Wagner-Gymnasium seinen 150-j\u00e4hrigen Geburtstag feiert, d\u00fcrfe man nicht nur auf die vergangenen Jahre blicken, sondern m\u00fcsse auch an die fortw\u00e4hrende Entwicklung denken, in der die Bildung als das zentrale Zukunftsthema ihre Umsetzung im Schulalltag stets aufs Neue erfordere. Als ehemaliger &#8218;Sch\u00fclerinnenvater&#8216;  hat Herr H\u00fcbner das RWG kennen gelernt, als Vertreter des Landkreises wei\u00df er die Vielf\u00e4ltigkeit, Buntheit und Offenheit unserer Schule im Jahre 2017 ebenfalls zu sch\u00e4tzen und  zu w\u00fcrdigen.<\/p>\n<div id=\"attachment_17774\" style=\"width: 460px\" class=\"wp-caption aligncenter\"><a href=\"https:\/\/www.rwg-bayreuth.de\/home\/wp-content\/uploads\/2017\/10\/010-Pr\u00e4bst-quer-450.jpg\"><img loading=\"lazy\" decoding=\"async\" aria-describedby=\"caption-attachment-17774\" src=\"https:\/\/www.rwg-bayreuth.de\/home\/wp-content\/uploads\/2017\/10\/010-Pr\u00e4bst-quer-450.jpg\" alt=\"\" width=\"450\" height=\"328\" class=\"size-full wp-image-17774\" srcset=\"https:\/\/www.rwg-bayreuth.de\/home\/wp-content\/uploads\/2017\/10\/010-Pr\u00e4bst-quer-450.jpg 450w, https:\/\/www.rwg-bayreuth.de\/home\/wp-content\/uploads\/2017\/10\/010-Pr\u00e4bst-quer-450-250x182.jpg 250w\" sizes=\"(max-width: 450px) 100vw, 450px\" \/><\/a><p id=\"caption-attachment-17774\" class=\"wp-caption-text\">Die Festrede hielt Ministerialrat Adolf Pr\u00e4bst, Leiter der Gymnasialabteilung im Kultusministerium<\/p><\/div>\n<p>2017 \u2013 ein absolutes Jubil\u00e4umsjahr! Das 150-j\u00e4hrige Jubil\u00e4um des RWG in den Reigen weiterer geschichtstr\u00e4chtiger Feiertage in diesem Jahr stellte der  Leiter der Gymnasialabteilung im Staatsministerium f\u00fcr Bildung und Kultus, Wissenschaft und Kunst, Ltd. Ministerialrat Adolf Pr\u00e4bst. 150 Jahre RWG neben 500 Jahren Reformationszeit Luthers, 200 Jahren Bildungsgeschichte Wilhelm v. Humboldts erscheinen da schon als echter Meilenstein! In seiner Festrede w\u00fcrdigte Herr Pr\u00e4bst eben diese Leistung des RWG in seiner Anfangszeit als Meilenstein der M\u00e4dchenbildung. Die H\u00f6here T\u00f6chterschule schlossen die Sch\u00fclerinnen dabei l\u00e4ngst noch nicht mit dem Abitur ab,  150 Jahre  sp\u00e4ter seien gleichwertige Bildungschancen f\u00fcr M\u00e4dchen und Jungen selbstverst\u00e4ndlich! Das Stichwort der Chancengleichheit f\u00fchrte den Leiter der Gymnasialabteilung zu einem kurzen Ausblick auf die bayerische Bildungspolitik des neuen G9, das gleicherma\u00dfen mehr Individualisierung und F\u00f6rderung f\u00fcr den Einzelnen im Rahmen des Altbew\u00e4hrten bieten soll.<\/p>\n<p>Tradition, auf die man sich mit Stolz zur\u00fcckbesinnen d\u00fcrfe, und Zukunftsorientierung, welche die Fortentwicklung einer Schule ausmache, pr\u00e4ge den Charakter einer Schule. Das RWG d\u00fcrfe zu Recht stolz auf das Geleistete sein und auf seine 150 Jahre Schulgeschichte zur\u00fcckblicken, sich aber auch mit allen Personen, die daran beteiligt sind, auf die kommenden Jahre freuen.<\/p>\n<p>Und genau diese Freude war an diesem Tag des Festakts unter allen G\u00e4sten deutlich sp\u00fcrbar! <\/p>\n","protected":false},"excerpt":{"rendered":"<p>Mit einem imposanten und zugleich stimmungsvollen Festakt in der Oberfrankenhalle feierte das RWG seinen 150-j\u00e4hrigen Geburtstag. \u00dcber 2000 G\u00e4ste hatten sich versammelt, um auf den Tag, ja sogar die Stunde genau, an die Gr\u00fcndung der Schule vor 150 Jahren, am 14. Oktober 1867 um 10 Uhr, zu erinnern. 48 Sch\u00fclerinnen in zwei Klassen begannen zu&hellip;<\/p>\n","protected":false},"author":2,"featured_media":17774,"comment_status":"closed","ping_status":"closed","sticky":false,"template":"","format":"standard","meta":{"footnotes":""},"categories":[1],"tags":[51,42],"_links":{"self":[{"href":"https:\/\/www.rwg-bayreuth.de\/home\/index.php?rest_route=\/wp\/v2\/posts\/17767"}],"collection":[{"href":"https:\/\/www.rwg-bayreuth.de\/home\/index.php?rest_route=\/wp\/v2\/posts"}],"about":[{"href":"https:\/\/www.rwg-bayreuth.de\/home\/index.php?rest_route=\/wp\/v2\/types\/post"}],"author":[{"embeddable":true,"href":"https:\/\/www.rwg-bayreuth.de\/home\/index.php?rest_route=\/wp\/v2\/users\/2"}],"replies":[{"embeddable":true,"href":"https:\/\/www.rwg-bayreuth.de\/home\/index.php?rest_route=%2Fwp%2Fv2%2Fcomments&post=17767"}],"version-history":[{"count":4,"href":"https:\/\/www.rwg-bayreuth.de\/home\/index.php?rest_route=\/wp\/v2\/posts\/17767\/revisions"}],"predecessor-version":[{"id":17901,"href":"https:\/\/www.rwg-bayreuth.de\/home\/index.php?rest_route=\/wp\/v2\/posts\/17767\/revisions\/17901"}],"wp:featuredmedia":[{"embeddable":true,"href":"https:\/\/www.rwg-bayreuth.de\/home\/index.php?rest_route=\/wp\/v2\/media\/17774"}],"wp:attachment":[{"href":"https:\/\/www.rwg-bayreuth.de\/home\/index.php?rest_route=%2Fwp%2Fv2%2Fmedia&parent=17767"}],"wp:term":[{"taxonomy":"category","embeddable":true,"href":"https:\/\/www.rwg-bayreuth.de\/home\/index.php?rest_route=%2Fwp%2Fv2%2Fcategories&post=17767"},{"taxonomy":"post_tag","embeddable":true,"href":"https:\/\/www.rwg-bayreuth.de\/home\/index.php?rest_route=%2Fwp%2Fv2%2Ftags&post=17767"}],"curies":[{"name":"wp","href":"https:\/\/api.w.org\/{rel}","templated":true}]}}