{"id":17740,"date":"2017-10-16T17:14:23","date_gmt":"2017-10-16T15:14:23","guid":{"rendered":"http:\/\/www.rwg-bayreuth.de\/home\/?p=17740"},"modified":"2018-03-07T14:30:03","modified_gmt":"2018-03-07T13:30:03","slug":"eine-gigantische-geburtstagsshow","status":"publish","type":"post","link":"https:\/\/www.rwg-bayreuth.de\/home\/?p=17740","title":{"rendered":"Eine gigantische Geburtstagsshow"},"content":{"rendered":"<div id=\"attachment_17743\" style=\"width: 1034px\" class=\"wp-caption aligncenter\"><a href=\"https:\/\/www.rwg-bayreuth.de\/home\/wp-content\/uploads\/2017\/10\/000-Publikum-2-1024.jpg\"><img loading=\"lazy\" decoding=\"async\" aria-describedby=\"caption-attachment-17743\" class=\"size-full wp-image-17743\" src=\"https:\/\/www.rwg-bayreuth.de\/home\/wp-content\/uploads\/2017\/10\/000-Publikum-2-1024.jpg\" alt=\"\" width=\"1024\" height=\"683\" srcset=\"https:\/\/www.rwg-bayreuth.de\/home\/wp-content\/uploads\/2017\/10\/000-Publikum-2-1024.jpg 1024w, https:\/\/www.rwg-bayreuth.de\/home\/wp-content\/uploads\/2017\/10\/000-Publikum-2-1024-450x300.jpg 450w, https:\/\/www.rwg-bayreuth.de\/home\/wp-content\/uploads\/2017\/10\/000-Publikum-2-1024-768x512.jpg 768w, https:\/\/www.rwg-bayreuth.de\/home\/wp-content\/uploads\/2017\/10\/000-Publikum-2-1024-250x167.jpg 250w\" sizes=\"(max-width: 1024px) 100vw, 1024px\" \/><\/a><p id=\"caption-attachment-17743\" class=\"wp-caption-text\">Gut 2000 Leute &#8211; Jung und Alt &#8211; m\u00f6gen es gewesen sein, die in der Oberfranken dem Festakt folgten, der eine Mega-Show war.<\/p><\/div>\n<p>\u00c4u\u00dferst gelungen und sehr facettenreich pr\u00e4sentierte sich unsere Schule w\u00e4hrend des rund zweieinhalbst\u00fcndigen Festaktes in der Oberfrankenhalle.<\/p>\n<p>Umsetzbar war dies allerdings nur durch eine Vielzahl von Mitwirkenden, Organisatoren, Akteuren und Technikern auf und neben der B\u00fchne und nat\u00fcrlich durch all die Kollegen, die diese Gruppen leiteten. Ihnen allen sei an dieser Stelle herzlich gedankt f\u00fcr den rundum stimmigen, perfekten Auftritt des RWG, der bei den etwa 2000 G\u00e4sten sicherlich einen bleibenden Eindruck hinterlassen hat.<\/p>\n<h6>Die Musiker (Bigband, Ch\u00f6re)<\/h6>\n<div id=\"attachment_17744\" style=\"width: 460px\" class=\"wp-caption aligncenter\"><a href=\"https:\/\/www.rwg-bayreuth.de\/home\/wp-content\/uploads\/2017\/10\/003-Bigband-450.jpg\"><img loading=\"lazy\" decoding=\"async\" aria-describedby=\"caption-attachment-17744\" class=\"size-full wp-image-17744\" src=\"https:\/\/www.rwg-bayreuth.de\/home\/wp-content\/uploads\/2017\/10\/003-Bigband-450.jpg\" alt=\"\" width=\"450\" height=\"311\" srcset=\"https:\/\/www.rwg-bayreuth.de\/home\/wp-content\/uploads\/2017\/10\/003-Bigband-450.jpg 450w, https:\/\/www.rwg-bayreuth.de\/home\/wp-content\/uploads\/2017\/10\/003-Bigband-450-250x173.jpg 250w\" sizes=\"(max-width: 450px) 100vw, 450px\" \/><\/a><p id=\"caption-attachment-17744\" class=\"wp-caption-text\">Die RWG-Bigband unter der Leitung von Florian Mehling.<\/p><\/div>\n<p>Die Bigband stimmte das Publikum mit dem Hit der Beach Boys \u201eFun, fun, fun\u201c sowie dem Titel \u201eWhat a feeling\u201c passend auf die Veranstaltung ein. Sie spielten flott und machten beim Publikum gleich gute Laune.<\/p>\n<div id=\"attachment_17745\" style=\"width: 460px\" class=\"wp-caption aligncenter\"><a href=\"https:\/\/www.rwg-bayreuth.de\/home\/wp-content\/uploads\/2017\/10\/015-Unterstufenchor-Somme-450.jpg\"><img loading=\"lazy\" decoding=\"async\" aria-describedby=\"caption-attachment-17745\" class=\"size-full wp-image-17745\" src=\"https:\/\/www.rwg-bayreuth.de\/home\/wp-content\/uploads\/2017\/10\/015-Unterstufenchor-Somme-450.jpg\" alt=\"\" width=\"450\" height=\"293\" srcset=\"https:\/\/www.rwg-bayreuth.de\/home\/wp-content\/uploads\/2017\/10\/015-Unterstufenchor-Somme-450.jpg 450w, https:\/\/www.rwg-bayreuth.de\/home\/wp-content\/uploads\/2017\/10\/015-Unterstufenchor-Somme-450-250x163.jpg 250w\" sizes=\"(max-width: 450px) 100vw, 450px\" \/><\/a><p id=\"caption-attachment-17745\" class=\"wp-caption-text\">Der Unterstufenchor zeigte keine Bange bei seinem gro\u00dfen Auftritt.<\/p><\/div>\n<p>Der Unterstufenchor lie\u00df mit dem Lied der Wise Guys \u201eJetzt ist Sommer\u201c passend zu den \u00e4u\u00dferen Temperaturen den goldenen Herbst aufleben. Mit Viktor von Scheffels \u201eFrankenlied\u201c wurde gegen Ende des Showprogramms das Heimatgef\u00fchl geweckt und so manche Ehemaligen stimmten mit ihrer sicheren Textkenntnis mit ein. Der Gro\u00dfe Chor gab bravour\u00f6s und virtuos ein St\u00fcck des Namensgebers der Schule, Richard Wagner, zum Besten: \u201eSteuermann, lass die Wacht&#8230;\u201c aus dem \u201eFliegenden Holl\u00e4nder\u201c. So leiteten sie gewollt oder nicht &#8211; zum Festvortrag des Vormittags \u00fcber, den Ministerialrat Adolf Pr\u00e4bst aus dem Kultusministerium hielt.<\/p>\n<h6>Die Akteure (Sportler, Schauspieler)<\/h6>\n<div id=\"attachment_17746\" style=\"width: 460px\" class=\"wp-caption aligncenter\"><a href=\"https:\/\/www.rwg-bayreuth.de\/home\/wp-content\/uploads\/2017\/10\/019-b-Turner1-450.jpg\"><img loading=\"lazy\" decoding=\"async\" aria-describedby=\"caption-attachment-17746\" class=\"size-full wp-image-17746\" src=\"https:\/\/www.rwg-bayreuth.de\/home\/wp-content\/uploads\/2017\/10\/019-b-Turner1-450.jpg\" alt=\"\" width=\"450\" height=\"278\" srcset=\"https:\/\/www.rwg-bayreuth.de\/home\/wp-content\/uploads\/2017\/10\/019-b-Turner1-450.jpg 450w, https:\/\/www.rwg-bayreuth.de\/home\/wp-content\/uploads\/2017\/10\/019-b-Turner1-450-250x154.jpg 250w\" sizes=\"(max-width: 450px) 100vw, 450px\" \/><\/a><p id=\"caption-attachment-17746\" class=\"wp-caption-text\">Mal kostumiert wie fr\u00fcher, aber auch frech wie heute zeigten die Sportler ihr Programm.<\/p><\/div>\n<p>Ein besonderes Highlight war eine Zeitreise durch 150 Jahre Sportunterricht am RWG pr\u00e4sentierten Sch\u00fcler\/innen anhand von verschiedenen Sportarten: Kunstrad und Zirkusk\u00fcnste waren zu sehen, Parkoureinlagen samt spektakul\u00e4rem Abseilen von der Decke der Oberfrankenhalle im Stile von James Bond, Gymnastik und Tanz, manchmal pr\u00e4sentiert in &#8217;stilechter&#8216; Kleidung von damals, mit Anstandsdame und passender Musik, manchmal wieder frech getanzt, wie die Sch\u00fcler heute eben sind. Sch\u00f6n war auch, dass im Hintergrund immer wieder Bilder aus dem Sportunterricht fr\u00fcherer Jahre gezeigt wurden, sodass sich witzige Kontraste oder auch Parallelen ergaben.<\/p>\n<div id=\"attachment_17748\" style=\"width: 460px\" class=\"wp-caption aligncenter\"><a href=\"https:\/\/www.rwg-bayreuth.de\/home\/wp-content\/uploads\/2017\/10\/025-e-Ballett1-450.jpg\"><img loading=\"lazy\" decoding=\"async\" aria-describedby=\"caption-attachment-17748\" class=\"size-full wp-image-17748\" src=\"https:\/\/www.rwg-bayreuth.de\/home\/wp-content\/uploads\/2017\/10\/025-e-Ballett1-450.jpg\" alt=\"\" width=\"450\" height=\"300\" srcset=\"https:\/\/www.rwg-bayreuth.de\/home\/wp-content\/uploads\/2017\/10\/025-e-Ballett1-450.jpg 450w, https:\/\/www.rwg-bayreuth.de\/home\/wp-content\/uploads\/2017\/10\/025-e-Ballett1-450-250x167.jpg 250w\" sizes=\"(max-width: 450px) 100vw, 450px\" \/><\/a><p id=\"caption-attachment-17748\" class=\"wp-caption-text\">Viel Grazie und Anmut zeigten unsere Ballett-T\u00e4nzerinnen.<\/p><\/div>\n<p>Die \u201eMondsilbertaufe\u201c, anmutigen Ballett-Tanz aus dem Musical \u201eDer Traumzauberbaum\u201c, verk\u00f6rperten vier Sch\u00fclerinnen. Ihre grazilen Bewegungen, die stets passend zur Musik waren, zogen die ganze Oberfrankenhalle mit ihren 200 G\u00e4sten in den Bann.<\/p>\n<div id=\"attachment_17749\" style=\"width: 460px\" class=\"wp-caption aligncenter\"><a href=\"https:\/\/www.rwg-bayreuth.de\/home\/wp-content\/uploads\/2017\/10\/014-b-Besenstall-gruppe-450.jpg\"><img loading=\"lazy\" decoding=\"async\" aria-describedby=\"caption-attachment-17749\" class=\"size-full wp-image-17749\" src=\"https:\/\/www.rwg-bayreuth.de\/home\/wp-content\/uploads\/2017\/10\/014-b-Besenstall-gruppe-450.jpg\" alt=\"\" width=\"450\" height=\"315\" srcset=\"https:\/\/www.rwg-bayreuth.de\/home\/wp-content\/uploads\/2017\/10\/014-b-Besenstall-gruppe-450.jpg 450w, https:\/\/www.rwg-bayreuth.de\/home\/wp-content\/uploads\/2017\/10\/014-b-Besenstall-gruppe-450-250x175.jpg 250w\" sizes=\"(max-width: 450px) 100vw, 450px\" \/><\/a><p id=\"caption-attachment-17749\" class=\"wp-caption-text\">Die Siebtkl\u00e4ssler zeigten unter der Leitung von Evelin Wagner, wie der Besenstall gest\u00fcrmt wurde.<\/p><\/div>\n<p>Darstellendes Spiel boten Sch\u00fcler\/innen der Klasse 7b mit dem \u201eSturm auf den Besenstall\u201c, der die &#8218;Eroberung&#8216; der ehemaligen Schule f\u00fcr M\u00e4dchenbildung durch die Jungen zeigte. Nat\u00fcrlich ist das RWG nicht mehr wie die fr\u00fchere T\u00f6chterschule eine M\u00e4dchenbastion, sondern die Jungen sind l\u00e4ngst Teil des Schulgeschehens geworden, und beide Geschlechter, das zeigte der Schluss der Tanzszene, haben mittlerweile harmonisch zueinandergefunden.<\/p>\n<div id=\"attachment_17750\" style=\"width: 460px\" class=\"wp-caption aligncenter\"><a href=\"https:\/\/www.rwg-bayreuth.de\/home\/wp-content\/uploads\/2017\/10\/017-b-Potential-Gruppe-450.jpg\"><img loading=\"lazy\" decoding=\"async\" aria-describedby=\"caption-attachment-17750\" class=\"size-full wp-image-17750\" src=\"https:\/\/www.rwg-bayreuth.de\/home\/wp-content\/uploads\/2017\/10\/017-b-Potential-Gruppe-450.jpg\" alt=\"\" width=\"450\" height=\"334\" srcset=\"https:\/\/www.rwg-bayreuth.de\/home\/wp-content\/uploads\/2017\/10\/017-b-Potential-Gruppe-450.jpg 450w, https:\/\/www.rwg-bayreuth.de\/home\/wp-content\/uploads\/2017\/10\/017-b-Potential-Gruppe-450-250x186.jpg 250w\" sizes=\"(max-width: 450px) 100vw, 450px\" \/><\/a><p id=\"caption-attachment-17750\" class=\"wp-caption-text\">Die Neuntkl\u00e4ssler stellten mit Tanz und Film das Potenzial des RWG dar.<\/p><\/div>\n<p>Im Beitrag \u201eEntdecke dein Potenzial\u201c hatten die 9. Klassen eine Mischung aus Schulspiel und Filmsequenzen \u00fcber den Alltag am RWG geschaffen. Immer wieder schlich eine mit einer Maske verkleidete Figur in den Unterricht oder in andere Schulszenen und zeigte so den Schulalltag von einer anderen Seite.<\/p>\n<h6>Die G\u00e4ste<\/h6>\n<p>Gut 2000 m\u00f6gen es gewesen sein, darunter nat\u00fcrlich unsere Sch\u00fcler, aber auch noch mehr Eltern und vor allem Ehemalige. Sie alle hatten dank der perfekten Saalregie ohne Umwege zu ihren Pl\u00e4tzen gefunden verfolgten gespannt das unterhaltsame Programm. Von den Sitzen riss es alle Anwesenden in der Oberfrankenhalle, als am Ende des Festprogramms Andreas Bouranis Hit \u201eAuf uns&#8230;\u201c zur RWG-Hymne mit Refrain zum Mitsingen umgedichtet wurde und alle miteinstimmten &#8218;Auf&#8217;s RWG, das immer bleibt&#8216;.<\/p>\n<h6>Die Moderatoren<\/h6>\n<div id=\"attachment_17752\" style=\"width: 460px\" class=\"wp-caption aligncenter\"><a href=\"https:\/\/www.rwg-bayreuth.de\/home\/wp-content\/uploads\/2017\/10\/001-b-Moderatoren-450.jpg\"><img loading=\"lazy\" decoding=\"async\" aria-describedby=\"caption-attachment-17752\" class=\"size-full wp-image-17752\" src=\"https:\/\/www.rwg-bayreuth.de\/home\/wp-content\/uploads\/2017\/10\/001-b-Moderatoren-450.jpg\" alt=\"\" width=\"450\" height=\"324\" srcset=\"https:\/\/www.rwg-bayreuth.de\/home\/wp-content\/uploads\/2017\/10\/001-b-Moderatoren-450.jpg 450w, https:\/\/www.rwg-bayreuth.de\/home\/wp-content\/uploads\/2017\/10\/001-b-Moderatoren-450-250x180.jpg 250w\" sizes=\"(max-width: 450px) 100vw, 450px\" \/><\/a><p id=\"caption-attachment-17752\" class=\"wp-caption-text\">Das Moderatorenteam f\u00fchrte souver\u00e4n durch den zweieinhalbst\u00fcndigen Festakt.<\/p><\/div>\n<p>Souver\u00e4n durch das Programm f\u00fchrten Jonas Heinekamp, Sch\u00fclersprecher (Q11), Charlotte He\u00df (Q12) und Luna Schmidt (8a). Komplettiert wurde das Team von Maximilian Wei\u00df, einem ehemaligen Sch\u00fcler und Referendar am RWG, der mit seiner Moderatoren-Erfahrung (Radio Mainwelle) gekonnt und mit der einen oder anderen launigen Bemerkung f\u00fcr Unterhaltung sorgte. Die Umbaupausen vergingen so wie im Flug.<\/p>\n<div id=\"attachment_17753\" style=\"width: 460px\" class=\"wp-caption aligncenter\"><a href=\"https:\/\/www.rwg-bayreuth.de\/home\/wp-content\/uploads\/2017\/10\/026-b-Interview-450.jpg\"><img loading=\"lazy\" decoding=\"async\" aria-describedby=\"caption-attachment-17753\" class=\"size-full wp-image-17753\" src=\"https:\/\/www.rwg-bayreuth.de\/home\/wp-content\/uploads\/2017\/10\/026-b-Interview-450.jpg\" alt=\"\" width=\"450\" height=\"291\" srcset=\"https:\/\/www.rwg-bayreuth.de\/home\/wp-content\/uploads\/2017\/10\/026-b-Interview-450.jpg 450w, https:\/\/www.rwg-bayreuth.de\/home\/wp-content\/uploads\/2017\/10\/026-b-Interview-450-250x162.jpg 250w\" sizes=\"(max-width: 450px) 100vw, 450px\" \/><\/a><p id=\"caption-attachment-17753\" class=\"wp-caption-text\">Maximilian Wei\u00df interviewte auf spa\u00dfige Manier die beiden \u00e4ltesten Besucherinnen<\/p><\/div>\n<p>Besonders unterhaltsam waren seine Interviews mit den \u00e4ltesten Ehemaligen (u.a. Jahrgang 1923!). Die beiden r\u00fcstigen Seniorinnen wussten viele kleine Geschichtchen ums RWG und Maximilian Wei\u00df entlockte ihnen auch das eine oder andere Geheimnis, wie es mit den Jungen fr\u00fcher war.<\/p>\n<h6>Das P-Seminar Wirtschaft\/Recht<\/h6>\n<div id=\"attachment_17754\" style=\"width: 460px\" class=\"wp-caption aligncenter\"><a href=\"https:\/\/www.rwg-bayreuth.de\/home\/wp-content\/uploads\/2017\/10\/024-Team-Catering-450.jpg\"><img loading=\"lazy\" decoding=\"async\" aria-describedby=\"caption-attachment-17754\" class=\"size-full wp-image-17754\" src=\"https:\/\/www.rwg-bayreuth.de\/home\/wp-content\/uploads\/2017\/10\/024-Team-Catering-450.jpg\" alt=\"\" width=\"450\" height=\"295\" srcset=\"https:\/\/www.rwg-bayreuth.de\/home\/wp-content\/uploads\/2017\/10\/024-Team-Catering-450.jpg 450w, https:\/\/www.rwg-bayreuth.de\/home\/wp-content\/uploads\/2017\/10\/024-Team-Catering-450-250x164.jpg 250w\" sizes=\"(max-width: 450px) 100vw, 450px\" \/><\/a><p id=\"caption-attachment-17754\" class=\"wp-caption-text\">Das P-Seminar &#8222;Veranstaltungsmanagement&#8220; unter der Leitung von Frau Kowal hatte sich den Applaus auf der B\u00fchne ehrlich verdient.<\/p><\/div>\n<p>Unter der Leitung von Frau Kowal k\u00fcmmerten sich die Teilnehmer des P-Seminars \u201eVeranstaltungsmanagement\u201c um die logistische Gestaltung des Festaktes (Dekoration, Platzkarten der Oberfrankenhalle, Empfang der G\u00e4ste). Zwei Sch\u00fclerinnen des Seminars &#8211; Christina Revenko und Laura Wallner &#8211; hatten zudem einen Schulfilm gedreht, bei dem f\u00fcr einzelne Szenen aus der Luft auch eine Drohne zum Einsatz kam. Florian Mehling hatte nicht nur die Leitung der Musikgruppen auf der B\u00fchne, sondern auch das technische Arrangement \u00fcbernommen.<\/p>\n<h6>Die Techniker und das Team der Oberfrankenhalle<\/h6>\n<p>Vielen Dank f\u00fcr die Bereitstellung der R\u00e4umlichkeiten (Halle, B\u00fchne, Beleuchtung, Leinw\u00e4nde), die Geduld bei den Proben und den Filmmitschnitt der Veranstaltung.<\/p>\n","protected":false},"excerpt":{"rendered":"<p>\u00c4u\u00dferst gelungen und sehr facettenreich pr\u00e4sentierte sich unsere Schule w\u00e4hrend des rund zweieinhalbst\u00fcndigen Festaktes in der Oberfrankenhalle. Umsetzbar war dies allerdings nur durch eine Vielzahl von Mitwirkenden, Organisatoren, Akteuren und Technikern auf und neben der B\u00fchne und nat\u00fcrlich durch all die Kollegen, die diese Gruppen leiteten. Ihnen allen sei an dieser Stelle herzlich gedankt f\u00fcr&hellip;<\/p>\n","protected":false},"author":2,"featured_media":17743,"comment_status":"closed","ping_status":"closed","sticky":false,"template":"","format":"standard","meta":{"footnotes":""},"categories":[1],"tags":[51,42,64,53],"_links":{"self":[{"href":"https:\/\/www.rwg-bayreuth.de\/home\/index.php?rest_route=\/wp\/v2\/posts\/17740"}],"collection":[{"href":"https:\/\/www.rwg-bayreuth.de\/home\/index.php?rest_route=\/wp\/v2\/posts"}],"about":[{"href":"https:\/\/www.rwg-bayreuth.de\/home\/index.php?rest_route=\/wp\/v2\/types\/post"}],"author":[{"embeddable":true,"href":"https:\/\/www.rwg-bayreuth.de\/home\/index.php?rest_route=\/wp\/v2\/users\/2"}],"replies":[{"embeddable":true,"href":"https:\/\/www.rwg-bayreuth.de\/home\/index.php?rest_route=%2Fwp%2Fv2%2Fcomments&post=17740"}],"version-history":[{"count":10,"href":"https:\/\/www.rwg-bayreuth.de\/home\/index.php?rest_route=\/wp\/v2\/posts\/17740\/revisions"}],"predecessor-version":[{"id":17782,"href":"https:\/\/www.rwg-bayreuth.de\/home\/index.php?rest_route=\/wp\/v2\/posts\/17740\/revisions\/17782"}],"wp:featuredmedia":[{"embeddable":true,"href":"https:\/\/www.rwg-bayreuth.de\/home\/index.php?rest_route=\/wp\/v2\/media\/17743"}],"wp:attachment":[{"href":"https:\/\/www.rwg-bayreuth.de\/home\/index.php?rest_route=%2Fwp%2Fv2%2Fmedia&parent=17740"}],"wp:term":[{"taxonomy":"category","embeddable":true,"href":"https:\/\/www.rwg-bayreuth.de\/home\/index.php?rest_route=%2Fwp%2Fv2%2Fcategories&post=17740"},{"taxonomy":"post_tag","embeddable":true,"href":"https:\/\/www.rwg-bayreuth.de\/home\/index.php?rest_route=%2Fwp%2Fv2%2Ftags&post=17740"}],"curies":[{"name":"wp","href":"https:\/\/api.w.org\/{rel}","templated":true}]}}