{"id":17689,"date":"2017-10-15T21:05:59","date_gmt":"2017-10-15T19:05:59","guid":{"rendered":"http:\/\/www.rwg-bayreuth.de\/home\/?p=17689"},"modified":"2017-10-16T21:43:09","modified_gmt":"2017-10-16T19:43:09","slug":"ein-froehliches-jubilaeumsschulfest-mit-tollem-programm","status":"publish","type":"post","link":"https:\/\/www.rwg-bayreuth.de\/home\/?p=17689","title":{"rendered":"Ein fr\u00f6hliches Jubil\u00e4umsschulfest mit tollem Programm"},"content":{"rendered":"<div id=\"attachment_17690\" style=\"width: 1034px\" class=\"wp-caption aligncenter\"><a href=\"https:\/\/www.rwg-bayreuth.de\/home\/wp-content\/uploads\/2017\/10\/17-18-Jubil-ToT\u00fcr-Modenschau2-1024.jpg\"><img loading=\"lazy\" decoding=\"async\" aria-describedby=\"caption-attachment-17690\" src=\"https:\/\/www.rwg-bayreuth.de\/home\/wp-content\/uploads\/2017\/10\/17-18-Jubil-ToT\u00fcr-Modenschau2-1024.jpg\" alt=\"\" width=\"1024\" height=\"597\" class=\"size-full wp-image-17690\" srcset=\"https:\/\/www.rwg-bayreuth.de\/home\/wp-content\/uploads\/2017\/10\/17-18-Jubil-ToT\u00fcr-Modenschau2-1024.jpg 1024w, https:\/\/www.rwg-bayreuth.de\/home\/wp-content\/uploads\/2017\/10\/17-18-Jubil-ToT\u00fcr-Modenschau2-1024-450x262.jpg 450w, https:\/\/www.rwg-bayreuth.de\/home\/wp-content\/uploads\/2017\/10\/17-18-Jubil-ToT\u00fcr-Modenschau2-1024-768x448.jpg 768w, https:\/\/www.rwg-bayreuth.de\/home\/wp-content\/uploads\/2017\/10\/17-18-Jubil-ToT\u00fcr-Modenschau2-1024-250x146.jpg 250w\" sizes=\"(max-width: 1024px) 100vw, 1024px\" \/><\/a><p id=\"caption-attachment-17690\" class=\"wp-caption-text\">Einer der H\u00f6hepunkte des Jubil\u00e4umsschulfestes war sicherlich die &#8222;Italienische Modenschau&#8220; in der Aula<\/p><\/div>\n<p>Mit einem bunten, fr\u00f6hlichen Schulfest anl\u00e4sslich des 150-j\u00e4hrigen Schuljubil\u00e4ums erfreute unserer Schule alle Besucher.<\/p>\n<p>Im ganzen Haus gab es etwas zu sehen, zu erkunden oder auszuprobieren, sodass sich zu keinem Zeitpunkt Langeweile einstellte. In Gegenteil &#8211; f\u00fcr Jung und Alt hatten die Sch\u00fcler und ihre Lehrer interessante Aktionen vorbereitet und pr\u00e4sentierten sie freudig und mit sichtlichem Eifer. Das ist umso bemerkenswerter, als es gelang, nur eine Woche nach der \u201eLangen Nacht der Wissenschaft\u201c erneut eine Veranstaltung auf die Beine zu stellen, die unsere Schule in ihr bestes Licht r\u00fcckte: Alles war anders, alles war gut und wieder waren alle G\u00e4ste beeindruckt, was das RWG alles kann.<\/p>\n<div id=\"attachment_17711\" style=\"width: 460px\" class=\"wp-caption aligncenter\"><a href=\"https:\/\/www.rwg-bayreuth.de\/home\/wp-content\/uploads\/2017\/10\/17-18-Jubil-ToT\u00fcr-Kaffeetrinken-450.jpg\"><img loading=\"lazy\" decoding=\"async\" aria-describedby=\"caption-attachment-17711\" src=\"https:\/\/www.rwg-bayreuth.de\/home\/wp-content\/uploads\/2017\/10\/17-18-Jubil-ToT\u00fcr-Kaffeetrinken-450.jpg\" alt=\"\" width=\"450\" height=\"271\" class=\"size-full wp-image-17711\" srcset=\"https:\/\/www.rwg-bayreuth.de\/home\/wp-content\/uploads\/2017\/10\/17-18-Jubil-ToT\u00fcr-Kaffeetrinken-450.jpg 450w, https:\/\/www.rwg-bayreuth.de\/home\/wp-content\/uploads\/2017\/10\/17-18-Jubil-ToT\u00fcr-Kaffeetrinken-450-250x151.jpg 250w\" sizes=\"(max-width: 450px) 100vw, 450px\" \/><\/a><p id=\"caption-attachment-17711\" class=\"wp-caption-text\">Die Besucher konnten sich in der Turnhalle niederlassen.<\/p><\/div>\n<p>Da man dem Wetter so sp\u00e4t im Jahr nie so richtig trauen kann, hatte man die Turnhalle als Sammelplatz f\u00fcr das Kaffeetrinken und das gem\u00fctliche Beisammensein auserkoren. Dies war eine gute Generalprobe f\u00fcr das Ehemaligentreffen am n\u00e4chsten Tag und den sch\u00f6nen Nebeneffekt, dass die Tische bereits festlich geschm\u00fcckt waren. Auch das Jubil\u00e4umsschulfest sollte etwas Besonderes sein, also mit Polsterstuhl und Tischschmuck statt Bierbank und Holztisch.<\/p>\n<div id=\"attachment_17691\" style=\"width: 460px\" class=\"wp-caption aligncenter\"><a href=\"https:\/\/www.rwg-bayreuth.de\/home\/wp-content\/uploads\/2017\/10\/17-18-Jubil-ToT\u00fcr-Pausenhof-450.jpg\"><img loading=\"lazy\" decoding=\"async\" aria-describedby=\"caption-attachment-17691\" src=\"https:\/\/www.rwg-bayreuth.de\/home\/wp-content\/uploads\/2017\/10\/17-18-Jubil-ToT\u00fcr-Pausenhof-450.jpg\" alt=\"\" width=\"450\" height=\"314\" class=\"size-full wp-image-17691\" srcset=\"https:\/\/www.rwg-bayreuth.de\/home\/wp-content\/uploads\/2017\/10\/17-18-Jubil-ToT\u00fcr-Pausenhof-450.jpg 450w, https:\/\/www.rwg-bayreuth.de\/home\/wp-content\/uploads\/2017\/10\/17-18-Jubil-ToT\u00fcr-Pausenhof-450-250x174.jpg 250w\" sizes=\"(max-width: 450px) 100vw, 450px\" \/><\/a><p id=\"caption-attachment-17691\" class=\"wp-caption-text\">Bei dem sch\u00f6nen Herbstwetter konnte man auch drau\u00dfen wunderbar sitzen.<\/p><\/div>\n<p>Da sich das RWG f\u00fcr die Jubil\u00e4umsfestlichkeiten ein sch\u00f6nes Wochenende ausgesucht hatte, konnten sich die G\u00e4ste auch auf dem Hof versammeln und dort sitzen, was nicht nur unsere Sch\u00fcler freudig taten, soweit sie nicht bei den verschiedenen Stationen im Haus gebraucht wurden. Dort war n\u00e4mlich &#8211; wie es sich f\u00fcr ein Schulfest geh\u00f6rt &#8211; allerhand los.<\/p>\n<div id=\"attachment_17692\" style=\"width: 460px\" class=\"wp-caption aligncenter\"><a href=\"https:\/\/www.rwg-bayreuth.de\/home\/wp-content\/uploads\/2017\/10\/17-18-Jubil-ToT\u00fcr-Schulmeuseum-450.jpg\"><img loading=\"lazy\" decoding=\"async\" aria-describedby=\"caption-attachment-17692\" src=\"https:\/\/www.rwg-bayreuth.de\/home\/wp-content\/uploads\/2017\/10\/17-18-Jubil-ToT\u00fcr-Schulmeuseum-450.jpg\" alt=\"\" width=\"450\" height=\"338\" class=\"size-full wp-image-17692\" srcset=\"https:\/\/www.rwg-bayreuth.de\/home\/wp-content\/uploads\/2017\/10\/17-18-Jubil-ToT\u00fcr-Schulmeuseum-450.jpg 450w, https:\/\/www.rwg-bayreuth.de\/home\/wp-content\/uploads\/2017\/10\/17-18-Jubil-ToT\u00fcr-Schulmeuseum-450-250x188.jpg 250w\" sizes=\"(max-width: 450px) 100vw, 450px\" \/><\/a><p id=\"caption-attachment-17692\" class=\"wp-caption-text\">Im Schulmuseum ist die 150-j\u00e4rige Geschichte des RWG dargestellt.<\/p><\/div>\n<p>Nat\u00fcrlich hatte auch das Schulmuseum ge\u00f6ffnet, denn es war ja das Schulfest zum 150-j\u00e4hrigen Geburtstag der Schule. Viele haben es sicher zum ersten Mal betreten und zur Kenntnis genommen, dass dort unsere Schulgeschichte \u00fcbersichtlich pr\u00e4sentiert wird und viele Objekte und Schautafeln zum Studieren einladen.<\/p>\n<div id=\"attachment_17693\" style=\"width: 460px\" class=\"wp-caption aligncenter\"><a href=\"https:\/\/www.rwg-bayreuth.de\/home\/wp-content\/uploads\/2017\/10\/17-18-Jubil-ToT\u00fcr-Modenschau1-450.jpg\"><img loading=\"lazy\" decoding=\"async\" aria-describedby=\"caption-attachment-17693\" src=\"https:\/\/www.rwg-bayreuth.de\/home\/wp-content\/uploads\/2017\/10\/17-18-Jubil-ToT\u00fcr-Modenschau1-450.jpg\" alt=\"\" width=\"450\" height=\"292\" class=\"size-full wp-image-17693\" srcset=\"https:\/\/www.rwg-bayreuth.de\/home\/wp-content\/uploads\/2017\/10\/17-18-Jubil-ToT\u00fcr-Modenschau1-450.jpg 450w, https:\/\/www.rwg-bayreuth.de\/home\/wp-content\/uploads\/2017\/10\/17-18-Jubil-ToT\u00fcr-Modenschau1-450-250x162.jpg 250w\" sizes=\"(max-width: 450px) 100vw, 450px\" \/><\/a><p id=\"caption-attachment-17693\" class=\"wp-caption-text\">Cool und l\u00e4ssig pr\u00e4sentierten Jungen und M\u00e4dels die Mode seit den 50er Jahren.<\/p><\/div>\n<p>Flippiger ging es auf der Modenschau der Fachschaft Italienisch zu, wo die Sch\u00fcler zeigten, dass Italien das Mutterland des Designs ist, von Strand und <em>amore<\/em>. Zu italienischen Liedern und passenden Projektionsbildern wurde Mode seit den f\u00fcnfziger Jahren gezeigt, mal frech, mal sexy, mal seri\u00f6s, aber immer abwechslungsreich. Sogar in den Kleiderschrank unserer Schulleiterin Ursula Graf konnte man schauen, denn sie hatte einige ihrer Lieblingskleider aus den achtziger Jahren f\u00fcr die Modenschau hergegeben.<\/p>\n<div id=\"attachment_17694\" style=\"width: 460px\" class=\"wp-caption aligncenter\"><a href=\"https:\/\/www.rwg-bayreuth.de\/home\/wp-content\/uploads\/2017\/10\/17-18-Jubil-Tot\u00fcr-LitAusstell-450.jpg\"><img loading=\"lazy\" decoding=\"async\" aria-describedby=\"caption-attachment-17694\" src=\"https:\/\/www.rwg-bayreuth.de\/home\/wp-content\/uploads\/2017\/10\/17-18-Jubil-Tot\u00fcr-LitAusstell-450.jpg\" alt=\"\" width=\"450\" height=\"324\" class=\"size-full wp-image-17694\" srcset=\"https:\/\/www.rwg-bayreuth.de\/home\/wp-content\/uploads\/2017\/10\/17-18-Jubil-Tot\u00fcr-LitAusstell-450.jpg 450w, https:\/\/www.rwg-bayreuth.de\/home\/wp-content\/uploads\/2017\/10\/17-18-Jubil-Tot\u00fcr-LitAusstell-450-250x180.jpg 250w\" sizes=\"(max-width: 450px) 100vw, 450px\" \/><\/a><p id=\"caption-attachment-17694\" class=\"wp-caption-text\">Die Literaturausstellung der Fachschaft Deutsch war in der Oberen Pausenhalle.<\/p><\/div>\n<p>Auch andere Ausstellungen gab es zu sehen: In der Pausenhalle zum Beispiel konnten die Besucher die Welt des Jugendbuches erkunden, genauer gesagt die der Eltern- und Gro\u00dfelterngeneration unserer Sch\u00fcler. Pippi Langstrumpf, Pucki, Hanni und Nanni, Winnetou und Asterix lie\u00dfen dort gr\u00fc\u00dfen. <\/p>\n<div id=\"attachment_17695\" style=\"width: 460px\" class=\"wp-caption aligncenter\"><a href=\"https:\/\/www.rwg-bayreuth.de\/home\/wp-content\/uploads\/2017\/10\/17-18-Jubil-ToT\u00fcr-Haugg-450.jpg\"><img loading=\"lazy\" decoding=\"async\" aria-describedby=\"caption-attachment-17695\" src=\"https:\/\/www.rwg-bayreuth.de\/home\/wp-content\/uploads\/2017\/10\/17-18-Jubil-ToT\u00fcr-Haugg-450.jpg\" alt=\"\" width=\"450\" height=\"313\" class=\"size-full wp-image-17695\" srcset=\"https:\/\/www.rwg-bayreuth.de\/home\/wp-content\/uploads\/2017\/10\/17-18-Jubil-ToT\u00fcr-Haugg-450.jpg 450w, https:\/\/www.rwg-bayreuth.de\/home\/wp-content\/uploads\/2017\/10\/17-18-Jubil-ToT\u00fcr-Haugg-450-250x174.jpg 250w\" sizes=\"(max-width: 450px) 100vw, 450px\" \/><\/a><p id=\"caption-attachment-17695\" class=\"wp-caption-text\">Frau Haugg (rechts) war gekommen, um aus ihrem Krimi zu lesen.<\/p><\/div>\n<p>Auch eine Lesung aus dem RWG-Schulkrimi fand hier statt, denn die Autorin, Antje Haugg war pers\u00f6nlich erschienen und lie\u00df es sich nicht nehmen, aus ihrem Werk vorzulesen.<\/p>\n<div id=\"attachment_17697\" style=\"width: 460px\" class=\"wp-caption aligncenter\"><a href=\"https:\/\/www.rwg-bayreuth.de\/home\/wp-content\/uploads\/2017\/10\/17-18-Jubil-ToT\u00fcr-LitQuiz-450jpg.jpg\"><img loading=\"lazy\" decoding=\"async\" aria-describedby=\"caption-attachment-17697\" src=\"https:\/\/www.rwg-bayreuth.de\/home\/wp-content\/uploads\/2017\/10\/17-18-Jubil-ToT\u00fcr-LitQuiz-450jpg.jpg\" alt=\"\" width=\"450\" height=\"311\" class=\"size-full wp-image-17697\" srcset=\"https:\/\/www.rwg-bayreuth.de\/home\/wp-content\/uploads\/2017\/10\/17-18-Jubil-ToT\u00fcr-LitQuiz-450jpg.jpg 450w, https:\/\/www.rwg-bayreuth.de\/home\/wp-content\/uploads\/2017\/10\/17-18-Jubil-ToT\u00fcr-LitQuiz-450jpg-250x173.jpg 250w\" sizes=\"(max-width: 450px) 100vw, 450px\" \/><\/a><p id=\"caption-attachment-17697\" class=\"wp-caption-text\">Das interaktive Literaturquiz verriet gleich, ob die Antwort passte.<\/p><\/div>\n<p>Wer wollte, konnte bei einem elektronischen, interaktiven Literaturquiz sein B\u00fccherwissen testen. Die Sache war selbst f\u00fcr gestandene Deutschlehrer gar nicht so einfach, weil nicht nur nach den gro\u00dfen Titeln der Weltliteratur gefragt wurde, sondern auch nach so manchem Jugendbuch, das im Lehrerb\u00fccherregal oft nicht ganz weit vorne steht.<\/p>\n<div id=\"attachment_17701\" style=\"width: 460px\" class=\"wp-caption aligncenter\"><a href=\"https:\/\/www.rwg-bayreuth.de\/home\/wp-content\/uploads\/2017\/10\/17-18-Jubil-ToT\u00fcr-Elektron-Tafeln-450-1.jpg\"><img loading=\"lazy\" decoding=\"async\" aria-describedby=\"caption-attachment-17701\" src=\"https:\/\/www.rwg-bayreuth.de\/home\/wp-content\/uploads\/2017\/10\/17-18-Jubil-ToT\u00fcr-Elektron-Tafeln-450-1.jpg\" alt=\"\" width=\"450\" height=\"300\" class=\"size-full wp-image-17701\" srcset=\"https:\/\/www.rwg-bayreuth.de\/home\/wp-content\/uploads\/2017\/10\/17-18-Jubil-ToT\u00fcr-Elektron-Tafeln-450-1.jpg 450w, https:\/\/www.rwg-bayreuth.de\/home\/wp-content\/uploads\/2017\/10\/17-18-Jubil-ToT\u00fcr-Elektron-Tafeln-450-1-250x167.jpg 250w\" sizes=\"(max-width: 450px) 100vw, 450px\" \/><\/a><p id=\"caption-attachment-17701\" class=\"wp-caption-text\">Herr Mehl zeigt, wie die Klassenzimmer k\u00fcnftig ausgestattet sein sollen.<\/p><\/div>\n<p>Elektronisch-interaktiv ging es auch in den Zimmern der sechsten Klassen zu, wo die staunenden Eltern die neue Medienausstattung bewundern konnten: Beamer an der Decke, Smartboard an der Wand, vielleicht noch einen PC dazu &#8211; so stellt sich das RWG alle Zimmer vor, wenn die angek\u00fcndigte Schulsanierung abgeschlossen sein wird.<\/p>\n<div id=\"attachment_17703\" style=\"width: 460px\" class=\"wp-caption aligncenter\"><a href=\"https:\/\/www.rwg-bayreuth.de\/home\/wp-content\/uploads\/2017\/10\/17-18-Jubil-ToT\u00fcr-FS-Engl\u00f6isch-450.jpg\"><img loading=\"lazy\" decoding=\"async\" aria-describedby=\"caption-attachment-17703\" src=\"https:\/\/www.rwg-bayreuth.de\/home\/wp-content\/uploads\/2017\/10\/17-18-Jubil-ToT\u00fcr-FS-Engl\u00f6isch-450.jpg\" alt=\"\" width=\"450\" height=\"323\" class=\"size-full wp-image-17703\" srcset=\"https:\/\/www.rwg-bayreuth.de\/home\/wp-content\/uploads\/2017\/10\/17-18-Jubil-ToT\u00fcr-FS-Engl\u00f6isch-450.jpg 450w, https:\/\/www.rwg-bayreuth.de\/home\/wp-content\/uploads\/2017\/10\/17-18-Jubil-ToT\u00fcr-FS-Engl\u00f6isch-450-250x179.jpg 250w\" sizes=\"(max-width: 450px) 100vw, 450px\" \/><\/a><p id=\"caption-attachment-17703\" class=\"wp-caption-text\">Die Schautafeln mit den Austauschzielen fanden gro\u00dfes Interesse.<\/p><\/div>\n<p>Wer wollte, konnte auch die Geschichte des Frankreich-Austausches oder der Amerikafahrten nacherleben, die von der Fachschaft Franz\u00f6sisch und der Fachschaft Englisch auf gro\u00dfen Schautafeln aufgebaut worden waren.<\/p>\n<div id=\"attachment_17705\" style=\"width: 460px\" class=\"wp-caption aligncenter\"><a href=\"https:\/\/www.rwg-bayreuth.de\/home\/wp-content\/uploads\/2017\/10\/17-18-Jubil-ToT\u00fcr-Handarb-450.jpg\"><img loading=\"lazy\" decoding=\"async\" aria-describedby=\"caption-attachment-17705\" src=\"https:\/\/www.rwg-bayreuth.de\/home\/wp-content\/uploads\/2017\/10\/17-18-Jubil-ToT\u00fcr-Handarb-450.jpg\" alt=\"\" width=\"450\" height=\"275\" class=\"size-full wp-image-17705\" srcset=\"https:\/\/www.rwg-bayreuth.de\/home\/wp-content\/uploads\/2017\/10\/17-18-Jubil-ToT\u00fcr-Handarb-450.jpg 450w, https:\/\/www.rwg-bayreuth.de\/home\/wp-content\/uploads\/2017\/10\/17-18-Jubil-ToT\u00fcr-Handarb-450-250x153.jpg 250w\" sizes=\"(max-width: 450px) 100vw, 450px\" \/><\/a><p id=\"caption-attachment-17705\" class=\"wp-caption-text\">Wundersch\u00f6ne Arbeiten aus der Textiarbeit waren zu sehen.<\/p><\/div>\n<p>In der Kunstabteilung waren Arbeiten aus dem Kunstunterricht und dem Fach Textilarbeit ausgestellt. Es war sehr beeidruckend zu sehen, was Sch\u00fcler alles sticken, stricken und n\u00e4hen k\u00f6nnen. Besonders beeindruckend war es aber auch, einmal einen Blick auf fr\u00fchere Arbeiten zu werfen oder gar in eines der Musterb\u00fccher, die fr\u00fcher im Handarbeitsunterricht erstellt werden mussten. Hier entstanden im Unterricht aus Sch\u00fclerhand echte Lehrb\u00fccher des Faches.<\/p>\n<div id=\"attachment_17707\" style=\"width: 460px\" class=\"wp-caption aligncenter\"><a href=\"https:\/\/www.rwg-bayreuth.de\/home\/wp-content\/uploads\/2017\/10\/17-18-Jubil-ToT\u00fcr-FSBio-450.jpg\"><img loading=\"lazy\" decoding=\"async\" aria-describedby=\"caption-attachment-17707\" src=\"https:\/\/www.rwg-bayreuth.de\/home\/wp-content\/uploads\/2017\/10\/17-18-Jubil-ToT\u00fcr-FSBio-450.jpg\" alt=\"\" width=\"450\" height=\"317\" class=\"size-full wp-image-17707\" srcset=\"https:\/\/www.rwg-bayreuth.de\/home\/wp-content\/uploads\/2017\/10\/17-18-Jubil-ToT\u00fcr-FSBio-450.jpg 450w, https:\/\/www.rwg-bayreuth.de\/home\/wp-content\/uploads\/2017\/10\/17-18-Jubil-ToT\u00fcr-FSBio-450-250x176.jpg 250w\" sizes=\"(max-width: 450px) 100vw, 450px\" \/><\/a><p id=\"caption-attachment-17707\" class=\"wp-caption-text\">Die Biologie zeigte den Besuchern ihre reichhaltige Sammlung.<\/p><\/div>\n<p>Nat\u00fcrlich konnten die Besucher auch die Fachr\u00e4ume der Naturwissenschaften erkunden und sich zum Beispiel im Biologiesaal zwischen die Exponate aus unserer Bio-Sammlung hindurch bewegen. Am RWG gibt es ja jede Menge pr\u00e4parierter Tiere &#8211; Enten, Adler, Kraniche, ein F\u00fcchslein und den legend\u00e4ren Schuldachs, der schon 1920 mit dabei war.<\/p>\n<div id=\"attachment_17708\" style=\"width: 460px\" class=\"wp-caption aligncenter\"><a href=\"https:\/\/www.rwg-bayreuth.de\/home\/wp-content\/uploads\/2017\/10\/17-18-Jubil-ToT\u00fcr-FSChemie-450.jpg\"><img loading=\"lazy\" decoding=\"async\" aria-describedby=\"caption-attachment-17708\" src=\"https:\/\/www.rwg-bayreuth.de\/home\/wp-content\/uploads\/2017\/10\/17-18-Jubil-ToT\u00fcr-FSChemie-450.jpg\" alt=\"\" width=\"450\" height=\"304\" class=\"size-full wp-image-17708\" srcset=\"https:\/\/www.rwg-bayreuth.de\/home\/wp-content\/uploads\/2017\/10\/17-18-Jubil-ToT\u00fcr-FSChemie-450.jpg 450w, https:\/\/www.rwg-bayreuth.de\/home\/wp-content\/uploads\/2017\/10\/17-18-Jubil-ToT\u00fcr-FSChemie-450-250x169.jpg 250w\" sizes=\"(max-width: 450px) 100vw, 450px\" \/><\/a><p id=\"caption-attachment-17708\" class=\"wp-caption-text\">In der Chemie wurden herrlich durftende Kosmetikprodukte hergestellt.<\/p><\/div>\n<p>In der Chemie konnte selbstverst\u00e4ndlich wieder experimentiert werden, und besonders die jungen Besucher taten dies mit gro\u00dfer Begeisterung &#8211; fachkundig angeleitet von den Chemielehrern unserer Schule und den Helfern, die sie unter der Sch\u00fclerschaft rekrutiert hatten. In ihrer \u201eKosmetikwerkstatt\u201c wurden zusammen allerlei k\u00f6stlich duftende Produkte hergestellt.<\/p>\n<p>Es ist fast unm\u00f6glich, alles aufzuz\u00e4hlen: In der Pausenhalle befand sich eine M\u00fcnzpr\u00e4ge, wo man mit Hauruck und viel Schmackes original RWG-Jubil\u00e4umsm\u00fcnzen herstellen konnte. Auch die Lateiner waren hier mit einem Stand vertreten und zeigten ihre von Sch\u00fclern erstellte Lernfibel \u201eLatein aus dem EffEff\u201c, die voller praktischer Tipps rund um das Fach Latein ist. In den Klassenzimmern wurden englische Witze und Gedichte vorgespielt, es wurde italienisch gesungen, auf dem Pausenhof gab es eine Pflanzenb\u00f6rse und somit die letzte Gelegenheit, den Garten aufzum\u00f6beln, bevor der Winter kommt. <\/p>\n<p>Mehr RWG geht eigentlich fast nicht. Wer trotzdem neugierig auf den n\u00e4chsten Tag war, den Tag des eigentlichen RWG-Geburtstages mit Festakt und gro\u00dfem Ehemaligentreffen, also sozusagen gleich den n\u00e4chsten Tag der offenen T\u00fcr, konnte einen Blick durch die Fenster der Schulk\u00fcche tun: Hier war die gro\u00dfe RWG-Jubil\u00e4umstorte f\u00fcr den n\u00e4chsten Tag ausgestellt.<\/p>\n","protected":false},"excerpt":{"rendered":"<p>Mit einem bunten, fr\u00f6hlichen Schulfest anl\u00e4sslich des 150-j\u00e4hrigen Schuljubil\u00e4ums erfreute unserer Schule alle Besucher. Im ganzen Haus gab es etwas zu sehen, zu erkunden oder auszuprobieren, sodass sich zu keinem Zeitpunkt Langeweile einstellte. In Gegenteil &#8211; f\u00fcr Jung und Alt hatten die Sch\u00fcler und ihre Lehrer interessante Aktionen vorbereitet und pr\u00e4sentierten sie freudig und mit&hellip;<\/p>\n","protected":false},"author":1,"featured_media":17690,"comment_status":"closed","ping_status":"closed","sticky":false,"template":"","format":"standard","meta":{"footnotes":""},"categories":[1],"tags":[51,42],"_links":{"self":[{"href":"https:\/\/www.rwg-bayreuth.de\/home\/index.php?rest_route=\/wp\/v2\/posts\/17689"}],"collection":[{"href":"https:\/\/www.rwg-bayreuth.de\/home\/index.php?rest_route=\/wp\/v2\/posts"}],"about":[{"href":"https:\/\/www.rwg-bayreuth.de\/home\/index.php?rest_route=\/wp\/v2\/types\/post"}],"author":[{"embeddable":true,"href":"https:\/\/www.rwg-bayreuth.de\/home\/index.php?rest_route=\/wp\/v2\/users\/1"}],"replies":[{"embeddable":true,"href":"https:\/\/www.rwg-bayreuth.de\/home\/index.php?rest_route=%2Fwp%2Fv2%2Fcomments&post=17689"}],"version-history":[{"count":13,"href":"https:\/\/www.rwg-bayreuth.de\/home\/index.php?rest_route=\/wp\/v2\/posts\/17689\/revisions"}],"predecessor-version":[{"id":17790,"href":"https:\/\/www.rwg-bayreuth.de\/home\/index.php?rest_route=\/wp\/v2\/posts\/17689\/revisions\/17790"}],"wp:featuredmedia":[{"embeddable":true,"href":"https:\/\/www.rwg-bayreuth.de\/home\/index.php?rest_route=\/wp\/v2\/media\/17690"}],"wp:attachment":[{"href":"https:\/\/www.rwg-bayreuth.de\/home\/index.php?rest_route=%2Fwp%2Fv2%2Fmedia&parent=17689"}],"wp:term":[{"taxonomy":"category","embeddable":true,"href":"https:\/\/www.rwg-bayreuth.de\/home\/index.php?rest_route=%2Fwp%2Fv2%2Fcategories&post=17689"},{"taxonomy":"post_tag","embeddable":true,"href":"https:\/\/www.rwg-bayreuth.de\/home\/index.php?rest_route=%2Fwp%2Fv2%2Ftags&post=17689"}],"curies":[{"name":"wp","href":"https:\/\/api.w.org\/{rel}","templated":true}]}}