{"id":17670,"date":"2017-10-13T18:35:55","date_gmt":"2017-10-13T16:35:55","guid":{"rendered":"http:\/\/www.rwg-bayreuth.de\/home\/?p=17670"},"modified":"2019-06-06T19:17:45","modified_gmt":"2019-06-06T17:17:45","slug":"erschallet-trompeten","status":"publish","type":"post","link":"https:\/\/www.rwg-bayreuth.de\/home\/?p=17670","title":{"rendered":"&#8222;Erschallet, Trompeten&#8230;&#8220;"},"content":{"rendered":"<div id=\"attachment_17672\" style=\"width: 1034px\" class=\"wp-caption alignleft\"><a href=\"https:\/\/www.rwg-bayreuth.de\/home\/wp-content\/uploads\/2017\/10\/17-18-Festgott-pano-1024.jpg\"><img loading=\"lazy\" decoding=\"async\" aria-describedby=\"caption-attachment-17672\" src=\"https:\/\/www.rwg-bayreuth.de\/home\/wp-content\/uploads\/2017\/10\/17-18-Festgott-pano-1024.jpg\" alt=\"\" width=\"1024\" height=\"501\" class=\"size-full wp-image-17672\" srcset=\"https:\/\/www.rwg-bayreuth.de\/home\/wp-content\/uploads\/2017\/10\/17-18-Festgott-pano-1024.jpg 1024w, https:\/\/www.rwg-bayreuth.de\/home\/wp-content\/uploads\/2017\/10\/17-18-Festgott-pano-1024-450x220.jpg 450w, https:\/\/www.rwg-bayreuth.de\/home\/wp-content\/uploads\/2017\/10\/17-18-Festgott-pano-1024-768x376.jpg 768w, https:\/\/www.rwg-bayreuth.de\/home\/wp-content\/uploads\/2017\/10\/17-18-Festgott-pano-1024-250x122.jpg 250w\" sizes=\"(max-width: 1024px) 100vw, 1024px\" \/><\/a><p id=\"caption-attachment-17672\" class=\"wp-caption-text\">Alt und Jung, ehemalige und derzeitige Sch\u00fcler und Sch\u00fclerinnen trafen sich in der Stadtkirche zum Jubil\u00e4umsgottesdienst.<\/p><\/div>\n<p>Mit einem festlichen Gottesdienst in der Stadtkirche er\u00f6ffnete das Richard-Wagner-Gymnasium die Feierlichkeiten zum 150-j\u00e4hrigen Schuljubil\u00e4um.<\/p>\n<p>Es war sch\u00f6n zu sehen, dass sich unter den G\u00e4sten im altehrw\u00fcrdigen Gotteshaus, das aufgrund der r\u00e4umlichen N\u00e4he zum RWG irgendwie ein st\u00fcckweit unsere Schule ist, auch viele Ehemalige befanden. Alt und Jung bildeten so eine festliche Gemeinde. Sie wurden vom Glockenl\u00e4uten der Stadtkirche zur Ruhe und Besinnung gemahnt, bevor der Chor unser Schule den Gottesdienst mit der K\u00f6niginnen-Kantate Johann Sebastian Bachs er\u00f6ffnete: \u201eT\u00f6net, ihr Pauken \/ Erschallet Trompeten, \/ Klingende Saiten \/ Erf\u00fcllet die Luft!\u201c, erklang der festliche Auftakt f\u00fcr die Jubil\u00e4umsfeier, die ja wahrlich ein Grund zur Freude ist.<\/p>\n<div id=\"attachment_17671\" style=\"width: 1034px\" class=\"wp-caption alignleft\"><a href=\"https:\/\/www.rwg-bayreuth.de\/home\/wp-content\/uploads\/2017\/10\/17-18-Festgott-1024.jpg\"><img loading=\"lazy\" decoding=\"async\" aria-describedby=\"caption-attachment-17671\" src=\"https:\/\/www.rwg-bayreuth.de\/home\/wp-content\/uploads\/2017\/10\/17-18-Festgott-1024.jpg\" alt=\"\" width=\"1024\" height=\"348\" class=\"size-full wp-image-17671\" srcset=\"https:\/\/www.rwg-bayreuth.de\/home\/wp-content\/uploads\/2017\/10\/17-18-Festgott-1024.jpg 1024w, https:\/\/www.rwg-bayreuth.de\/home\/wp-content\/uploads\/2017\/10\/17-18-Festgott-1024-450x153.jpg 450w, https:\/\/www.rwg-bayreuth.de\/home\/wp-content\/uploads\/2017\/10\/17-18-Festgott-1024-768x261.jpg 768w, https:\/\/www.rwg-bayreuth.de\/home\/wp-content\/uploads\/2017\/10\/17-18-Festgott-1024-250x85.jpg 250w\" sizes=\"(max-width: 1024px) 100vw, 1024px\" \/><\/a><p id=\"caption-attachment-17671\" class=\"wp-caption-text\">Der klare, helle des Gesang des Chores (geleitet von Florian Mehling) erf\u00fcllte die Stadtkirche.<\/p><\/div>\n<p>Den Festgottesdienst hielt Kirchenrat Gerald Scheil, lange Jahre Religionslehrer am RWG. Sein Predigttext war die aus dem Lukasevangelium bekannte Geschichte vom Pharis\u00e4er und dem Z\u00f6llner, der, so will es die biblische Erz\u00e4hlung, \u00fcberraschenderweise Gnade in den Augen Jesu findet, obwohl sein Leben gar nicht danach ist.<\/p>\n<p>In den Augen Gottes als s\u00fcndhafte Existenz Gnade zu finden, war ein wichtiges Thema der Predigt, die Kirchenrat Scheil hielt. Wie es sich f\u00fcr einen Schulgottesdienst geh\u00f6rt, ging er von der Frage nach der Bedeutung der Bildung aus und gab eine zun\u00e4chst verbl\u00fcffende Antwort: Bildung sei das, was \u00fcbrig bleibt, wenn man alles vergisst, was man in der Schule gelernt hat. So finde man zum Kern des Lebens, dem eigentlich Wichtigen wie Charakter und die Bestimmtheit der eigenen Existenz. Eine solche Art der Bildung sei eine Geisteshaltung, aber auch nicht ungef\u00e4hrlich: Im sokratischen \u201eIch wei\u00df, dass ich nichts wei\u00df\u201c, mit dem der antike Philosoph seine Athener Gesellschaft schockierte und in Frage stellte, schwinge auch Eitelkeit mit, die eine gef\u00e4hrliche Selbst\u00fcberhebung bedeute. Zwar tr\u00e4fen sich Religion und Bildung dort, wo beide sich mit den Grundfragen der menschlichen Existenz auseinandersetzten, aber im Angesichte Gottes helfe keine menschliche Eitelkeit weiter, sondern nur \u2013 und das zeige auch der Predigttext &#8211; der Glaube an die Gnade des Heiligen Geistes.<\/p>\n<p>Wer wollte, konnte sie gleich in den Kirchenliedern und vor allem in den ergreifenden Chorges\u00e4ngen unserer Sch\u00fcler erleben: Sonja Poormans \u201eGloria\u201c und der Gesang \u201eDie Himmel erz\u00e4hlen\u201c aus Joseph Haydns Oratorium \u201eDie Sch\u00f6pfung\u201c zeigen, dass sich die Gnade Gottes vielf\u00e4ltig offenbaren kann \u2013 auch in der Sch\u00f6nheit der Musik und den Emotionen, die sie im Zuh\u00f6rer ausl\u00f6st.<\/p>\n","protected":false},"excerpt":{"rendered":"<p>Mit einem festlichen Gottesdienst in der Stadtkirche er\u00f6ffnete das Richard-Wagner-Gymnasium die Feierlichkeiten zum 150-j\u00e4hrigen Schuljubil\u00e4um. Es war sch\u00f6n zu sehen, dass sich unter den G\u00e4sten im altehrw\u00fcrdigen Gotteshaus, das aufgrund der r\u00e4umlichen N\u00e4he zum RWG irgendwie ein st\u00fcckweit unsere Schule ist, auch viele Ehemalige befanden. Alt und Jung bildeten so eine festliche Gemeinde. Sie wurden&hellip;<\/p>\n","protected":false},"author":2,"featured_media":17672,"comment_status":"closed","ping_status":"closed","sticky":false,"template":"","format":"standard","meta":{"footnotes":""},"categories":[1],"tags":[51,42,61,62],"_links":{"self":[{"href":"https:\/\/www.rwg-bayreuth.de\/home\/index.php?rest_route=\/wp\/v2\/posts\/17670"}],"collection":[{"href":"https:\/\/www.rwg-bayreuth.de\/home\/index.php?rest_route=\/wp\/v2\/posts"}],"about":[{"href":"https:\/\/www.rwg-bayreuth.de\/home\/index.php?rest_route=\/wp\/v2\/types\/post"}],"author":[{"embeddable":true,"href":"https:\/\/www.rwg-bayreuth.de\/home\/index.php?rest_route=\/wp\/v2\/users\/2"}],"replies":[{"embeddable":true,"href":"https:\/\/www.rwg-bayreuth.de\/home\/index.php?rest_route=%2Fwp%2Fv2%2Fcomments&post=17670"}],"version-history":[{"count":6,"href":"https:\/\/www.rwg-bayreuth.de\/home\/index.php?rest_route=\/wp\/v2\/posts\/17670\/revisions"}],"predecessor-version":[{"id":17683,"href":"https:\/\/www.rwg-bayreuth.de\/home\/index.php?rest_route=\/wp\/v2\/posts\/17670\/revisions\/17683"}],"wp:featuredmedia":[{"embeddable":true,"href":"https:\/\/www.rwg-bayreuth.de\/home\/index.php?rest_route=\/wp\/v2\/media\/17672"}],"wp:attachment":[{"href":"https:\/\/www.rwg-bayreuth.de\/home\/index.php?rest_route=%2Fwp%2Fv2%2Fmedia&parent=17670"}],"wp:term":[{"taxonomy":"category","embeddable":true,"href":"https:\/\/www.rwg-bayreuth.de\/home\/index.php?rest_route=%2Fwp%2Fv2%2Fcategories&post=17670"},{"taxonomy":"post_tag","embeddable":true,"href":"https:\/\/www.rwg-bayreuth.de\/home\/index.php?rest_route=%2Fwp%2Fv2%2Ftags&post=17670"}],"curies":[{"name":"wp","href":"https:\/\/api.w.org\/{rel}","templated":true}]}}