{"id":17650,"date":"2017-10-12T19:33:02","date_gmt":"2017-10-12T17:33:02","guid":{"rendered":"http:\/\/www.rwg-bayreuth.de\/home\/?p=17650"},"modified":"2020-02-04T21:00:48","modified_gmt":"2020-02-04T20:00:48","slug":"pippi-trotzkopf-winnetou-co","status":"publish","type":"post","link":"https:\/\/www.rwg-bayreuth.de\/home\/?p=17650","title":{"rendered":"Pippi, Trotzkopf, Winnetou &#038; Co."},"content":{"rendered":"<div id=\"attachment_17651\" style=\"width: 1034px\" class=\"wp-caption aligncenter\"><a href=\"https:\/\/www.rwg-bayreuth.de\/home\/wp-content\/uploads\/2017\/10\/17-18-D-Ausst-Er\u00f6ffn-1024.jpg\"><img loading=\"lazy\" decoding=\"async\" aria-describedby=\"caption-attachment-17651\" src=\"https:\/\/www.rwg-bayreuth.de\/home\/wp-content\/uploads\/2017\/10\/17-18-D-Ausst-Er\u00f6ffn-1024.jpg\" alt=\"\" width=\"1024\" height=\"692\" class=\"size-full wp-image-17651\" srcset=\"https:\/\/www.rwg-bayreuth.de\/home\/wp-content\/uploads\/2017\/10\/17-18-D-Ausst-Er\u00f6ffn-1024.jpg 1024w, https:\/\/www.rwg-bayreuth.de\/home\/wp-content\/uploads\/2017\/10\/17-18-D-Ausst-Er\u00f6ffn-1024-450x304.jpg 450w, https:\/\/www.rwg-bayreuth.de\/home\/wp-content\/uploads\/2017\/10\/17-18-D-Ausst-Er\u00f6ffn-1024-768x519.jpg 768w, https:\/\/www.rwg-bayreuth.de\/home\/wp-content\/uploads\/2017\/10\/17-18-D-Ausst-Er\u00f6ffn-1024-250x169.jpg 250w\" sizes=\"(max-width: 1024px) 100vw, 1024px\" \/><\/a><p id=\"caption-attachment-17651\" class=\"wp-caption-text\">Schulleiterin Ursula Graf er\u00f6ffnete die liebevoll aufgebaute Ausstellung in der Oberen Pausenhalle.<\/p><\/div>\n<p>Was lasen eigentlich die Eltern unserer Sch\u00fcler, als sie jung waren, und was die Gro\u00dfeltern? Dieser spannenden Frage ging ein klassen\u00fcbergreifendes Projekt der Fachschaft Deutsch nach. Das Ergebnis wurde in einer Ausstellung zusammengetragen. Sie ist in der oberen Pausenhalle zu sehen.<\/p>\n<p>In einer umfassenden Fragebogenaktion war die Frage nach dem Lekt\u00fcreverhalten bereits im letzten Schuljahr an die Eltern und Gro\u00dfeltern herangetragen worden und es kamen erfreulich viele Antworten, sodass ein durchaus aussagekr\u00e4ftiges Bild zustandekam, wie Gabiele Kemnitzer, Deutschlehrerin und zusammen mit Maria Herrmann-Maier die Motorin hinter dem Projekt, bei der Ausstellungser\u00f6ffnung erkl\u00e4rte. Sie zeigte sich erfreut dar\u00fcber, in der Ausstellung auch die eigene Lesebiografie wiederzufinden: Als Beleg zeigte sie ihr mit einer Widmung versehenes Hanni und Nanni-Buch, welches bei den M\u00fcttern an der Spitze der Umfrage gelegen habe. Dem konnte Schulleiterin Ursula Graf nur beipflichten, f\u00fcr die als M\u00e4dchen ebenfalls die B\u00fccher dieser Reihe ganz oben gestanden habe &#8211; ebenso wie die drei Fragezeichen, die es ja immer noch gebe. Beide betonten, wie wichtig und wie sch\u00f6n Lesen sei und lobten auch die Klassen f\u00fcr ihre Mitwirkung bei dem Projekt.<\/p>\n<div id=\"attachment_17652\" style=\"width: 360px\" class=\"wp-caption alignright\"><a href=\"https:\/\/www.rwg-bayreuth.de\/home\/wp-content\/uploads\/2017\/10\/17-18-D-Ausst-Kemnitzer-450.jpg\"><img loading=\"lazy\" decoding=\"async\" aria-describedby=\"caption-attachment-17652\" src=\"https:\/\/www.rwg-bayreuth.de\/home\/wp-content\/uploads\/2017\/10\/17-18-D-Ausst-Kemnitzer-450.jpg\" alt=\"\" width=\"450\" height=\"333\" class=\"size-full wp-image-17652\" srcset=\"https:\/\/www.rwg-bayreuth.de\/home\/wp-content\/uploads\/2017\/10\/17-18-D-Ausst-Kemnitzer-450.jpg 450w, https:\/\/www.rwg-bayreuth.de\/home\/wp-content\/uploads\/2017\/10\/17-18-D-Ausst-Kemnitzer-450-250x185.jpg 250w\" sizes=\"(max-width: 450px) 100vw, 450px\" \/><\/a><p id=\"caption-attachment-17652\" class=\"wp-caption-text\">Gabriele Kemnitzer erkl\u00e4rte die Ausstellung und das Projekt.<\/p><\/div>\n<p>Viele Klassen haben sich n\u00e4mlich im letzten Schuljahr eines der Favoritenb\u00fccher ihrer Eltern und Gro\u00dfeltern vorgenommen, um es vorzustellen, etwas zum Autor zu erkl\u00e4ren oder ein bestimmtes Thema n\u00e4her zu erarbeiten. Die Ergebnisse stellen den Kern der Ausstellung dar und werden auf zwei Dutzend Schautafeln gezeigt. Besonders bei den Gro\u00dfeltern war nicht jede Lekt\u00fcre freiwillig. Eine Vitrine zeigt deshalb auch \u201ePflichtlekt\u00fcren\u201c des Dritten Reiches. Da sich der mediale Geschmack mittlerweile gewandelt hat, sind auch die H\u00f6rb\u00fccher in der Ausstellung vertreten. An zwei H\u00f6rstationen kann man in alte Kinderkassetten hineinhorchen oder moderne E-Books anh\u00f6ren.<\/p>\n<div id=\"attachment_17660\" style=\"width: 260px\" class=\"wp-caption alignleft\"><a href=\"https:\/\/www.rwg-bayreuth.de\/home\/wp-content\/uploads\/2017\/10\/17-18-D-Ausst-Pippi-250.jpg\"><img loading=\"lazy\" decoding=\"async\" aria-describedby=\"caption-attachment-17660\" src=\"https:\/\/www.rwg-bayreuth.de\/home\/wp-content\/uploads\/2017\/10\/17-18-D-Ausst-Pippi-250.jpg\" alt=\"\" width=\"250\" height=\"364\" class=\"size-full wp-image-17660\" \/><\/a><p id=\"caption-attachment-17660\" class=\"wp-caption-text\">Bei den Leseklassikern ist Pippi mit ganz vorne.<\/p><\/div>\n<p>Und wie ist das Ergebnis der Befragung nun ausgefallen? Es hei\u00dft oft (und das wohl zu Recht), dass die M\u00e4dchen die eifrigeren Leser seien. Trotzdem war der Favorit bei den Gro\u00dfeltern ein Jungenbuch: Karl Mays \u201eWinnetou\u201c steht ganz oben und auch andere Abenteuerb\u00fccher wie \u201eRobinson Crusoe\u201c oder die \u201eSchatzinsel\u201c schneiden nicht schlecht ab. Auf Platz zwei kam Ottfried Preu\u00dflers \u201eKleines Gespenst\u201c, bevor dann eine lange Liste typischer M\u00e4dchentitel genannt wurde: \u201eHeidi\u201c, \u201eHanni und Nanni\u201c, der \u201cTrotzkopf\u201c.<\/p>\n<p>Auch bei den Eltern sind \u201eHanni und Nanni\u201c und ihre Freundin \u201eDolly\u201c die Favoriten, aber auch die typischen Abenteuerb\u00fccher von \u201eWinnetou\u201c bis zu \u201eLederstrumpf\u201c erfreuten sich bei ihnen gro\u00dfer Beliebtheit. Immer wieder genannt wurden die gro\u00dfen Namen der Kinderliteratur &#8211; Erich K\u00e4stner, Astrid Lindgren, Ottfired Preu\u00dfler, Enid Blyton, Michael Ende. Sie sind echte Klassiker und sprechen auch heute noch so manchen kindlichen Leser an.<\/p>\n<div id=\"attachment_17653\" style=\"width: 260px\" class=\"wp-caption alignleft\"><a href=\"https:\/\/www.rwg-bayreuth.de\/home\/wp-content\/uploads\/2017\/10\/17-18-D-Ausst-Freiheit-350.jpg\"><img loading=\"lazy\" decoding=\"async\" aria-describedby=\"caption-attachment-17653\" src=\"https:\/\/www.rwg-bayreuth.de\/home\/wp-content\/uploads\/2017\/10\/17-18-D-Ausst-Freiheit-350.jpg\" alt=\"\" width=\"250\" height=\"384\" class=\"size-full wp-image-17653\" \/><\/a><p id=\"caption-attachment-17653\" class=\"wp-caption-text\">Bei Karl May locken Abenteuer und Freiheit.<\/p><\/div>\n<p>Im Einzelnen werden die Top-Lekt\u00fcren auf drei Schautafeln zum Thema \u201eRWG-Favoriten &#8211; grenzenlos verehrt und geliebt\u201c vorgestellt. Wie Gabriele Kemnitzer bei ihrer Er\u00f6ffnungsrede erkl\u00e4rte, er\u00f6ffnet das Lesen aber nicht nur die M\u00f6glichkeit, neue Figuren kennen zu lernen, sondern auch neue R\u00e4ume. Wer liest, macht oft eine fiktive Reise in ein anderes Land. Heidi entf\u00fchrt in die Landschaft der Schweizer Berge, Karl May in die Weiten Amerikas oder ins Wilde Kurdistan. Abenteuer und Freiheit locken bei der Lekt\u00fcre, und wer es nicht glaubt, kann es in der Ausstellung selbst ausprobieren: Gesch\u00e4tzte 40 Karl-May-B\u00e4nde warten dort darauf, dass jemand in der Pause oder einer Zwischenstunde darin schm\u00f6kert, wie es \u00fcberhaupt Konzept der Ausstellung ist, zum Lesen zu verf\u00fchren. Die auf den Tafeln vorgestellten und von den Eltern und Gro\u00dfeltern genannten B\u00fccher sind alle vorhanden und im gesamten Ausstellungsraum liebevoll arrangiert. Wer m\u00f6chte, kann sich in den aufgebauten Sitzecken oder auf einem bequemen, riesigen Lesesofa niederlassen, um sie zu erkunden.<\/p>\n<div id=\"attachment_17655\" style=\"width: 260px\" class=\"wp-caption alignleft\"><a href=\"https:\/\/www.rwg-bayreuth.de\/home\/wp-content\/uploads\/2017\/10\/17-18-D-Ausst-Kinder-450.jpg\"><img loading=\"lazy\" decoding=\"async\" aria-describedby=\"caption-attachment-17655\" src=\"https:\/\/www.rwg-bayreuth.de\/home\/wp-content\/uploads\/2017\/10\/17-18-D-Ausst-Kinder-450.jpg\" alt=\"\" width=\"250\" height=\"378\" class=\"size-full wp-image-17655\" \/><\/a><p id=\"caption-attachment-17655\" class=\"wp-caption-text\">Viele Schautafeln laden ein, die Kinderbuchklassiker n\u00e4her kennen zu lernen.<\/p><\/div>\n<p>Gleich mehrmals taucht auf den Schautafeln der Name Erich K\u00e4stner auf und dem Leser werden das \u201eFliegende Klassenzimmer\u201c, \u201eEmil\u201c, \u201eP\u00fcnktchen\u201c und Co. vorgestellt. Auch Ottfried Preu\u00dfler mit seinem Klassiker \u201eKrabat\u201c wird ausf\u00fchrlich pr\u00e4sentiert. Die Auseinandersetzung unserer Sch\u00fcler mit den Jugendbuchklassikern ersch\u00f6pfte sich jedoch nicht in der unkritischen Bewunderung. \u201ePippi\u201c &#8211; die heimliche Heldin aller Kinder &#8211; wird nicht nur als Vorbild, Rebellin und unartiges Kind vorgestellt, sondern auch als Rassistin. Auch der gute, alte Struwwelpeter und seine Kollegin, die \u201eStruwwelliese\u201c haben es durchaus in sich und fordern zum Widerspruch auf.<\/p>\n<p>Fr\u00fcher oft verp\u00f6nt, geh\u00f6rt mittlerweile auch der Comic l\u00e4ngst zur anerkannten Lekt\u00fcre. Ein echter Klassiker sind nat\u00fcrlich die \u201eAsterix und Obelix-B\u00e4nde\u201c. In der Ausstellung vertreten sind nicht nur sie, sondern auch der Urahn aller Comics, Wilhelm Buschs \u201eMax-und-Moritz\u201c-Geschichten, Sie kommen im modernen Gewand daher, denn die Sch\u00fcler lie\u00dfen es sich nicht nehmen, sie modern aufzubereiten: Nicht von \u201eStreichen\u201c ist die Rede, sondern bei \u201eMax und Moritz 2.0\u201c geht es um eine \u201eStory in sieben Pranks\u201c. <\/p>\n<div id=\"attachment_17654\" style=\"width: 460px\" class=\"wp-caption aligncenter\"><a href=\"https:\/\/www.rwg-bayreuth.de\/home\/wp-content\/uploads\/2017\/10\/17-18-D-Ausst-Pucki-450.jpg\"><img loading=\"lazy\" decoding=\"async\" aria-describedby=\"caption-attachment-17654\" src=\"https:\/\/www.rwg-bayreuth.de\/home\/wp-content\/uploads\/2017\/10\/17-18-D-Ausst-Pucki-450.jpg\" alt=\"\" width=\"450\" height=\"291\" class=\"size-full wp-image-17654\" srcset=\"https:\/\/www.rwg-bayreuth.de\/home\/wp-content\/uploads\/2017\/10\/17-18-D-Ausst-Pucki-450.jpg 450w, https:\/\/www.rwg-bayreuth.de\/home\/wp-content\/uploads\/2017\/10\/17-18-D-Ausst-Pucki-450-250x162.jpg 250w\" sizes=\"(max-width: 450px) 100vw, 450px\" \/><\/a><p id=\"caption-attachment-17654\" class=\"wp-caption-text\">Die Ausstellung ist fantasievoll und instruktiv.<\/p><\/div>\n<p>Die Ausstellung besteht jedoch nicht nur aus Schautafeln, sondern versucht, sich auf m\u00f6glichst vielf\u00e4ltige Weise mit den B\u00fcchern auseinanderzusetzen: Da kann man Robinsosn Insel schon einmal als Playmobil-Welt erkunden und wenn es um \u201eF\u00f6rsters Pucki\u201c geht, wird mit Lichteffekten nicht gespart. Die Geschichte ist nicht nur in den Vitrinen mit den NS-Leseb\u00fcchern pr\u00e4sent, sondern auch in kleinen Geschichtskisten, in denen \u201eGeschichte zum Anfassen\u201c pr\u00e4sentiert wird.<\/p>\n","protected":false},"excerpt":{"rendered":"<p>Was lasen eigentlich die Eltern unserer Sch\u00fcler, als sie jung waren, und was die Gro\u00dfeltern? Dieser spannenden Frage ging ein klassen\u00fcbergreifendes Projekt der Fachschaft Deutsch nach. Das Ergebnis wurde in einer Ausstellung zusammengetragen. Sie ist in der oberen Pausenhalle zu sehen. In einer umfassenden Fragebogenaktion war die Frage nach dem Lekt\u00fcreverhalten bereits im letzten Schuljahr&hellip;<\/p>\n","protected":false},"author":2,"featured_media":17651,"comment_status":"closed","ping_status":"closed","sticky":false,"template":"","format":"standard","meta":{"footnotes":""},"categories":[1],"tags":[59,51,42],"_links":{"self":[{"href":"https:\/\/www.rwg-bayreuth.de\/home\/index.php?rest_route=\/wp\/v2\/posts\/17650"}],"collection":[{"href":"https:\/\/www.rwg-bayreuth.de\/home\/index.php?rest_route=\/wp\/v2\/posts"}],"about":[{"href":"https:\/\/www.rwg-bayreuth.de\/home\/index.php?rest_route=\/wp\/v2\/types\/post"}],"author":[{"embeddable":true,"href":"https:\/\/www.rwg-bayreuth.de\/home\/index.php?rest_route=\/wp\/v2\/users\/2"}],"replies":[{"embeddable":true,"href":"https:\/\/www.rwg-bayreuth.de\/home\/index.php?rest_route=%2Fwp%2Fv2%2Fcomments&post=17650"}],"version-history":[{"count":8,"href":"https:\/\/www.rwg-bayreuth.de\/home\/index.php?rest_route=\/wp\/v2\/posts\/17650\/revisions"}],"predecessor-version":[{"id":17667,"href":"https:\/\/www.rwg-bayreuth.de\/home\/index.php?rest_route=\/wp\/v2\/posts\/17650\/revisions\/17667"}],"wp:featuredmedia":[{"embeddable":true,"href":"https:\/\/www.rwg-bayreuth.de\/home\/index.php?rest_route=\/wp\/v2\/media\/17651"}],"wp:attachment":[{"href":"https:\/\/www.rwg-bayreuth.de\/home\/index.php?rest_route=%2Fwp%2Fv2%2Fmedia&parent=17650"}],"wp:term":[{"taxonomy":"category","embeddable":true,"href":"https:\/\/www.rwg-bayreuth.de\/home\/index.php?rest_route=%2Fwp%2Fv2%2Fcategories&post=17650"},{"taxonomy":"post_tag","embeddable":true,"href":"https:\/\/www.rwg-bayreuth.de\/home\/index.php?rest_route=%2Fwp%2Fv2%2Ftags&post=17650"}],"curies":[{"name":"wp","href":"https:\/\/api.w.org\/{rel}","templated":true}]}}