{"id":17496,"date":"2017-10-02T10:57:50","date_gmt":"2017-10-02T08:57:50","guid":{"rendered":"http:\/\/www.rwg-bayreuth.de\/home\/?p=17496"},"modified":"2017-10-16T15:03:27","modified_gmt":"2017-10-16T13:03:27","slug":"auch-die-nominierten-duerfen-stolz-sein","status":"publish","type":"post","link":"https:\/\/www.rwg-bayreuth.de\/home\/?p=17496","title":{"rendered":"Auch die Nominierten d\u00fcrfen stolz sein"},"content":{"rendered":"<div id=\"attachment_17497\" style=\"width: 460px\" class=\"wp-caption aligncenter\"><a href=\"https:\/\/www.rwg-bayreuth.de\/home\/wp-content\/uploads\/2017\/10\/17-18-Ritchie-Verleihung-450.jpg\"><img loading=\"lazy\" decoding=\"async\" aria-describedby=\"caption-attachment-17497\" src=\"https:\/\/www.rwg-bayreuth.de\/home\/wp-content\/uploads\/2017\/10\/17-18-Ritchie-Verleihung-450.jpg\" alt=\"\" width=\"450\" height=\"300\" class=\"size-full wp-image-17497\" srcset=\"https:\/\/www.rwg-bayreuth.de\/home\/wp-content\/uploads\/2017\/10\/17-18-Ritchie-Verleihung-450.jpg 450w, https:\/\/www.rwg-bayreuth.de\/home\/wp-content\/uploads\/2017\/10\/17-18-Ritchie-Verleihung-450-250x167.jpg 250w\" sizes=\"(max-width: 450px) 100vw, 450px\" \/><\/a><p id=\"caption-attachment-17497\" class=\"wp-caption-text\">Jessica Brandt und Jonas Heinekamp stellten alle Nominierten vor. Nat\u00fcrlich gab es auch einen roten Teppich.<\/p><\/div>\n<p>F\u00fcr den Ritchie-Schulpreis des RWG nominiert zu werden ist durchaus etwas Besonders. Nicht allen Sch\u00fclerinnen und Sch\u00fclern wird diese Ehre zuteil; umso stolzer k\u00f6nnen die sein, welche es bis in die Endrunde geschafft haben.<\/p>\n<p>Bei der diesj\u00e4hrigen Preisverleihung kamen diese Sch\u00fclerinnen und Sch\u00fcler in die engere Auswahl:<\/p>\n<h4>Musischer Bereich:<\/h4>\n<p><strong>Clara Weidmann<\/strong> wurde von der Auswahljury f\u00fcr ihr Querfl\u00f6tenspiel und ihre Mitwirkung im Schulchor gelobt. Sie hat viele Schulkonzerte mitgestaltet.<br \/>\n<strong>Skurte Mustafa<\/strong> machte auf sich aufmerksam, als sie es schaffte, bei \u201eVoice of Germany\u201c mitzuwirken. Sie schaffte es unter den vielen Kandidaten nicht nur in die Fernsehshow, sondern erreichte zusammen mit ihren beiden Schwestern sogar die zweite Runde. <\/p>\n<h4>K\u00fcnstlerischer Bereich:<\/h4>\n<p><strong>Marie Kleineidam<\/strong> machte schon von der f\u00fcnften Klasse an durch ihre sehr pers\u00f6nlichen und ausdrucksstarken Bilder auf sich aufmerksam.<br \/>\n<strong>Constanze Gleich und Manuela Polewka<\/strong> entwarfen ein aussagekr\u00e4ftiges Logo f\u00fcr das P-Seminar Sport zum Thema \u201eFitnesstraining\u201c.<\/p>\n<h4>Sportlicher Bereich:<\/h4>\n<p><strong>Das Fun-Run-Team der Klasse 7a<\/strong> machte beim bekannten Stadtlauf der Maisel-Brauerei auf sich aufmerksam. Die Sch\u00fcler stellten das st\u00e4rkste Team und platzierten sich ausgezeichnet.<br \/>\n<strong>Die Hockey-Mannschaft des RWG<\/strong> schlug sich sehr wacker bei der Stadtmeisterschaft und zeigte bei den Spielen Einsatz und musterg\u00fcltigen Teamgeist.<\/p>\n<h4>Soziales Engagement:<\/h4>\n<p><strong>Hanna Birkelbach<\/strong> wurde wegen ihres musterg\u00fcltigen sozialen Umgangs mit anderen vorgeschlagen.<br \/>\n<strong>Leni Hubrich<\/strong> setzte sich vorbildlich f\u00fcr den Vogelschutzbund ein und erzielte zweimal hintereinander die besten Sammelergebnisse.<\/p>\n<h4>Mathematisch-naturwissenschaftlicher Bereich:<\/h4>\n<p><strong>Lea P\u00fcrckhauer<\/strong> gewann dreimal einen ersten Platz beim renommierten K\u00e4nguru-Wettbewerb in Mathematik.<br \/>\n<strong>Clemens Ossendorf<\/strong> wurde im letzten Schuljahr Sieger bei der F\u00fcrther Mathe-Olympiade.<\/p>\n<h4>Sprachlicher Bereich:<\/h4>\n<p><strong>Alan Kumykov<\/strong> brachte herausragende Englisch-Leistungen beim Big-Challenge-Wettbewerb. Unter 5575 Teilnehmern in ganz Bayern belegte er am Ende den f\u00fcnften Platz.<br \/>\n<strong>Fabian Lucas<\/strong> erreichte ausgezeichnete Ergebnisse beim Bundeswettbewerb Fremdsprachen.<\/p>\n","protected":false},"excerpt":{"rendered":"<p>F\u00fcr den Ritchie-Schulpreis des RWG nominiert zu werden ist durchaus etwas Besonders. Nicht allen Sch\u00fclerinnen und Sch\u00fclern wird diese Ehre zuteil; umso stolzer k\u00f6nnen die sein, welche es bis in die Endrunde geschafft haben. Bei der diesj\u00e4hrigen Preisverleihung kamen diese Sch\u00fclerinnen und Sch\u00fcler in die engere Auswahl: Musischer Bereich: Clara Weidmann wurde von der Auswahljury&hellip;<\/p>\n","protected":false},"author":1,"featured_media":17497,"comment_status":"closed","ping_status":"closed","sticky":false,"template":"","format":"standard","meta":{"footnotes":""},"categories":[1],"tags":[51,42],"_links":{"self":[{"href":"https:\/\/www.rwg-bayreuth.de\/home\/index.php?rest_route=\/wp\/v2\/posts\/17496"}],"collection":[{"href":"https:\/\/www.rwg-bayreuth.de\/home\/index.php?rest_route=\/wp\/v2\/posts"}],"about":[{"href":"https:\/\/www.rwg-bayreuth.de\/home\/index.php?rest_route=\/wp\/v2\/types\/post"}],"author":[{"embeddable":true,"href":"https:\/\/www.rwg-bayreuth.de\/home\/index.php?rest_route=\/wp\/v2\/users\/1"}],"replies":[{"embeddable":true,"href":"https:\/\/www.rwg-bayreuth.de\/home\/index.php?rest_route=%2Fwp%2Fv2%2Fcomments&post=17496"}],"version-history":[{"count":4,"href":"https:\/\/www.rwg-bayreuth.de\/home\/index.php?rest_route=\/wp\/v2\/posts\/17496\/revisions"}],"predecessor-version":[{"id":17545,"href":"https:\/\/www.rwg-bayreuth.de\/home\/index.php?rest_route=\/wp\/v2\/posts\/17496\/revisions\/17545"}],"wp:featuredmedia":[{"embeddable":true,"href":"https:\/\/www.rwg-bayreuth.de\/home\/index.php?rest_route=\/wp\/v2\/media\/17497"}],"wp:attachment":[{"href":"https:\/\/www.rwg-bayreuth.de\/home\/index.php?rest_route=%2Fwp%2Fv2%2Fmedia&parent=17496"}],"wp:term":[{"taxonomy":"category","embeddable":true,"href":"https:\/\/www.rwg-bayreuth.de\/home\/index.php?rest_route=%2Fwp%2Fv2%2Fcategories&post=17496"},{"taxonomy":"post_tag","embeddable":true,"href":"https:\/\/www.rwg-bayreuth.de\/home\/index.php?rest_route=%2Fwp%2Fv2%2Ftags&post=17496"}],"curies":[{"name":"wp","href":"https:\/\/api.w.org\/{rel}","templated":true}]}}