{"id":17460,"date":"2017-09-28T22:05:34","date_gmt":"2017-09-28T20:05:34","guid":{"rendered":"http:\/\/www.rwg-bayreuth.de\/home\/?p=17460"},"modified":"2017-10-16T15:03:42","modified_gmt":"2017-10-16T13:03:42","slug":"stolze-ritchie-preistraeger-2017","status":"publish","type":"post","link":"https:\/\/www.rwg-bayreuth.de\/home\/?p=17460","title":{"rendered":"Stolze Ritchie-Preistr\u00e4ger 2017"},"content":{"rendered":"<div id=\"attachment_17461\" style=\"width: 460px\" class=\"wp-caption aligncenter\"><a href=\"https:\/\/www.rwg-bayreuth.de\/home\/wp-content\/uploads\/2017\/09\/17-28-Ritchie-Preistr\u00e4ger-1024.jpg\"><img loading=\"lazy\" decoding=\"async\" aria-describedby=\"caption-attachment-17461\" src=\"https:\/\/www.rwg-bayreuth.de\/home\/wp-content\/uploads\/2017\/09\/17-28-Ritchie-Preistr\u00e4ger-1024-450x298.jpg\" alt=\"\" width=\"450\" height=\"298\" class=\"size-medium wp-image-17461\" srcset=\"https:\/\/www.rwg-bayreuth.de\/home\/wp-content\/uploads\/2017\/09\/17-28-Ritchie-Preistr\u00e4ger-1024-450x298.jpg 450w, https:\/\/www.rwg-bayreuth.de\/home\/wp-content\/uploads\/2017\/09\/17-28-Ritchie-Preistr\u00e4ger-1024-768x509.jpg 768w, https:\/\/www.rwg-bayreuth.de\/home\/wp-content\/uploads\/2017\/09\/17-28-Ritchie-Preistr\u00e4ger-1024.jpg 1024w, https:\/\/www.rwg-bayreuth.de\/home\/wp-content\/uploads\/2017\/09\/17-28-Ritchie-Preistr\u00e4ger-1024-250x166.jpg 250w\" sizes=\"(max-width: 450px) 100vw, 450px\" \/><\/a><p id=\"caption-attachment-17461\" class=\"wp-caption-text\">Strahlende Gesichter gab es bei den Preistr\u00e4gern.<\/p><\/div>\n<p>Die diesj\u00e4hrigen Ritchie-Preistr\u00e4ger stehen fest. Aus den vielen nominierten Sch\u00fclerinnen und Sch\u00fclern hatte das Preiskomitee die sechs Preistr\u00e4ger gek\u00fcrt, die ein herausragendes Engagement gezeigt hatten.<\/p>\n<p>Ritchie-Preistr\u00e4ger im musischen Bereich wurde Jannis Wachs, im k\u00fcnstlerischen Bereich Jennifer Hohnstein, beim Sport die RWG-Tennism\u00e4dels, bei der Kategorie Soziales Engangement Jessica Brandt, im mathematisch-naturwissenschaftlichen Bereich das RWG-Jugend-forscht-Team, im sprachlichen Bereich Hannah Stadter. Eine gro\u00dfe \u00dcberraschung gab es beim Ritchie-Ehrenpreis \u2013 er ging an Mathias Weber, unseren stellvertretenden Schulleiter, der seit 30 Jahren seine Schaffenskraft in den Dienst des RWG stellt.<\/p>\n<div id=\"attachment_17463\" style=\"width: 460px\" class=\"wp-caption aligncenter\"><a href=\"https:\/\/www.rwg-bayreuth.de\/home\/wp-content\/uploads\/2017\/09\/17-18u-Ritchie-Graf-450l.jpg\"><img loading=\"lazy\" decoding=\"async\" aria-describedby=\"caption-attachment-17463\" src=\"https:\/\/www.rwg-bayreuth.de\/home\/wp-content\/uploads\/2017\/09\/17-18u-Ritchie-Graf-450l-450x296.jpg\" alt=\"\" width=\"450\" height=\"296\" class=\"size-medium wp-image-17463\" srcset=\"https:\/\/www.rwg-bayreuth.de\/home\/wp-content\/uploads\/2017\/09\/17-18u-Ritchie-Graf-450l.jpg 450w, https:\/\/www.rwg-bayreuth.de\/home\/wp-content\/uploads\/2017\/09\/17-18u-Ritchie-Graf-450l-250x164.jpg 250w\" sizes=\"(max-width: 450px) 100vw, 450px\" \/><\/a><p id=\"caption-attachment-17463\" class=\"wp-caption-text\">Schulleiterin Ursula Graf lobte nicht nur die Preistr\u00e4ger, sondern alle Nominierten.<\/p><\/div>\n<p>Bei der feierlichen Verleihungszeremonie betonte Schulleiterin Ursula Graf, dass es beim Ritchie-Preis anders als bei den Zeugnissen nicht um sehr gute Schulleistungen gehe, sondern um ein besonderes Engagement im Bereich der Nominierungskategorien. Die Ankl\u00e4nge an die Oscar-Verleihungen seien nicht zuf\u00e4llig \u2013 sie erinnerte an den Nominierungsvorgang, den roten Teppich, der auch am RWG nicht fehlen durfte, die Laudatio-Reden und nat\u00fcrlich die symbolische Preisfigur: Anders als der Oscar sei der Ritchie zwar nicht mit Gold \u00fcberzogen, daf\u00fcr aber wiege die Ehrung und Anerkennung durch die ganze Schulfamilie umso mehr.<\/p>\n<p>Durch die Verleihungsfeier f\u00fchrten locker und launig Jonas Heinekamp und Jessica Brandt, die selbst gar nicht wusste, dass sie unter den Nominierten und sp\u00e4ter unter den Preistr\u00e4gern sein w\u00fcrde. Ihre ehemalige Klasse hatte sie einm\u00fctig vorgeschlagen und sogar die Jury \u00fcberzeugt. <\/p>\n<p>Die Nominierten in den jeweiligen Kategorien wurden vor den geladenen Ehreng\u00e4sten vorgestellt und es kam auch zur Sprache, warum sie es verdient hatten, in die engere Auswahlrunde vorgedrungen zu sein <a href=\"https:\/\/www.rwg-bayreuth.de\/home\/?p=17496\">[mehr zu den Nominierten\u2026]<\/a><br \/>\n<div id=\"attachment_17462\" style=\"width: 460px\" class=\"wp-caption aligncenter\"><a href=\"https:\/\/www.rwg-bayreuth.de\/home\/wp-content\/uploads\/2017\/09\/17-18-Ritchie-Musik-450.jpg\"><img loading=\"lazy\" decoding=\"async\" aria-describedby=\"caption-attachment-17462\" src=\"https:\/\/www.rwg-bayreuth.de\/home\/wp-content\/uploads\/2017\/09\/17-18-Ritchie-Musik-450-450x306.jpg\" alt=\"\" width=\"450\" height=\"306\" class=\"size-medium wp-image-17462\" srcset=\"https:\/\/www.rwg-bayreuth.de\/home\/wp-content\/uploads\/2017\/09\/17-18-Ritchie-Musik-450.jpg 450w, https:\/\/www.rwg-bayreuth.de\/home\/wp-content\/uploads\/2017\/09\/17-18-Ritchie-Musik-450-250x170.jpg 250w\" sizes=\"(max-width: 450px) 100vw, 450px\" \/><\/a><p id=\"caption-attachment-17462\" class=\"wp-caption-text\">Die Nominierten im Bereich Musik mit dem Preistr\u00e4ger (Mitte).<\/p><\/div>\n<p>Die Leistungen der eigentlichen Sieger wurden von einer Lehrkraft in einer Laudatio-Rede vorgestellt. Jannis Wachs, Sieger in der Kategorie musischer Bereich, wurde von Musiklehrer Helmut Mehling daf\u00fcr gelobt, dass er sich seit Beginn seiner Schulzeit als Chors\u00e4nger hervorgetan habe, was f\u00fcr einen Jungen durchaus bemerkenswert sei. Er sei \u00fcber die Jahre nicht nur zu einem hervorragenden Solisten gereift, sondern bringe sich auch als Stimmf\u00fchrer und bei den Proben in die Chorarbeit ein.<\/p>\n<div id=\"attachment_17464\" style=\"width: 460px\" class=\"wp-caption aligncenter\"><a href=\"https:\/\/www.rwg-bayreuth.de\/home\/wp-content\/uploads\/2017\/09\/17-18-Ritchie-Kunst.jpg\"><img loading=\"lazy\" decoding=\"async\" aria-describedby=\"caption-attachment-17464\" src=\"https:\/\/www.rwg-bayreuth.de\/home\/wp-content\/uploads\/2017\/09\/17-18-Ritchie-Kunst-450x337.jpg\" alt=\"\" width=\"450\" height=\"337\" class=\"size-medium wp-image-17464\" srcset=\"https:\/\/www.rwg-bayreuth.de\/home\/wp-content\/uploads\/2017\/09\/17-18-Ritchie-Kunst.jpg 450w, https:\/\/www.rwg-bayreuth.de\/home\/wp-content\/uploads\/2017\/09\/17-18-Ritchie-Kunst-250x187.jpg 250w\" sizes=\"(max-width: 450px) 100vw, 450px\" \/><\/a><p id=\"caption-attachment-17464\" class=\"wp-caption-text\">Anne Gerdes hielt die Laudatio f\u00fcr Jennifer Hohnstein (Mitte).<\/p><\/div>\n<p>F\u00fcr den k\u00fcnstlerischen Bereich w\u00fcrdigte Anne Gerdes die herausragenden Kunstarbeiten von Jennifer Hohnstein. Vor den Festg\u00e4sten beschrieb sie, wie ihr Bild \u201eDie Moldau\u201c, mit dem sie am Europ\u00e4ischen Wettbewerb teilnahm, den europ\u00e4ischen Gedanken versinnbildliche.<\/p>\n<div id=\"attachment_17465\" style=\"width: 460px\" class=\"wp-caption aligncenter\"><a href=\"https:\/\/www.rwg-bayreuth.de\/home\/wp-content\/uploads\/2017\/09\/17-18-Ritchie-Sport-450l.jpg\"><img loading=\"lazy\" decoding=\"async\" aria-describedby=\"caption-attachment-17465\" src=\"https:\/\/www.rwg-bayreuth.de\/home\/wp-content\/uploads\/2017\/09\/17-18-Ritchie-Sport-450l-450x319.jpg\" alt=\"\" width=\"450\" height=\"319\" class=\"size-medium wp-image-17465\" srcset=\"https:\/\/www.rwg-bayreuth.de\/home\/wp-content\/uploads\/2017\/09\/17-18-Ritchie-Sport-450l.jpg 450w, https:\/\/www.rwg-bayreuth.de\/home\/wp-content\/uploads\/2017\/09\/17-18-Ritchie-Sport-450l-250x177.jpg 250w\" sizes=\"(max-width: 450px) 100vw, 450px\" \/><\/a><p id=\"caption-attachment-17465\" class=\"wp-caption-text\">Die RWG-Tennis-M\u00e4dchen freuten sich \u00fcber ihren Preis.<\/p><\/div>\n<p>Im Bereich Sport erhielten die Tennis-M\u00e4dels des RWG die begehrte Ritchie-Troph\u00e4e. Zur Mannschaft geh\u00f6ren Milena Herko, Susan Maisel, Liana Karpow, Sophia Hanke, Romana Hofmann, Antonia Meinhardt und Julia Deinlein. Die sieben M\u00e4dchen belegten in ihrer Altersgruppe einen h\u00f6chst anerkennenswerten dritten Platz bayernweit. Bemerkenswert sei aber auch der Teamgeist, der zum Erfolg gef\u00fchrt habe.<\/p>\n<div id=\"attachment_17466\" style=\"width: 460px\" class=\"wp-caption aligncenter\"><a href=\"https:\/\/www.rwg-bayreuth.de\/home\/wp-content\/uploads\/2017\/09\/17-18-Ritchie-Sozial-450.jpg\"><img loading=\"lazy\" decoding=\"async\" aria-describedby=\"caption-attachment-17466\" src=\"https:\/\/www.rwg-bayreuth.de\/home\/wp-content\/uploads\/2017\/09\/17-18-Ritchie-Sozial-450-450x398.jpg\" alt=\"\" width=\"450\" height=\"398\" class=\"size-medium wp-image-17466\" srcset=\"https:\/\/www.rwg-bayreuth.de\/home\/wp-content\/uploads\/2017\/09\/17-18-Ritchie-Sozial-450.jpg 450w, https:\/\/www.rwg-bayreuth.de\/home\/wp-content\/uploads\/2017\/09\/17-18-Ritchie-Sozial-450-250x221.jpg 250w\" sizes=\"(max-width: 450px) 100vw, 450px\" \/><\/a><p id=\"caption-attachment-17466\" class=\"wp-caption-text\">Die sp\u00e4tere Preistr\u00e4gerin (links) wusste gar nichts von der Nominierung &#8211; eigentlich war sie Sprecherin f\u00fcr den Abend.<\/p><\/div>\n<p>In der Kategorie soziales Engagement stand pl\u00f6tzlich eine verbl\u00fcffte Jessica Brandt auf der B\u00fchne: Ihre Mitsch\u00fclerinnnen lobten an ihr das beispielhafte Engagement als Klassensprecherin von Anfang der Schulzeit an, aber auch das flei\u00dfige und zuverl\u00e4ssige Mitwirken in SMV-Aktivit\u00e4ten aller Art, das sie dank ihrer ausgepr\u00e4gten Multitasking-F\u00e4higkeiten und ihres gro\u00dfen Organisationsgeschicks \u00fcber Jahre hinweg gezeigt habe.<\/p>\n<div id=\"attachment_17467\" style=\"width: 460px\" class=\"wp-caption aligncenter\"><a href=\"https:\/\/www.rwg-bayreuth.de\/home\/wp-content\/uploads\/2017\/09\/17-17-Ritchie-Sprachen-450.jpg\"><img loading=\"lazy\" decoding=\"async\" aria-describedby=\"caption-attachment-17467\" src=\"https:\/\/www.rwg-bayreuth.de\/home\/wp-content\/uploads\/2017\/09\/17-17-Ritchie-Sprachen-450-450x339.jpg\" alt=\"\" width=\"450\" height=\"339\" class=\"size-medium wp-image-17467\" srcset=\"https:\/\/www.rwg-bayreuth.de\/home\/wp-content\/uploads\/2017\/09\/17-17-Ritchie-Sprachen-450.jpg 450w, https:\/\/www.rwg-bayreuth.de\/home\/wp-content\/uploads\/2017\/09\/17-17-Ritchie-Sprachen-450-250x188.jpg 250w\" sizes=\"(max-width: 450px) 100vw, 450px\" \/><\/a><p id=\"caption-attachment-17467\" class=\"wp-caption-text\">Die Siegerin der Kategorie Sprachen (links) wurde als Botschafterin des RWG gelobt.<\/p><\/div>\n<p>Bei den Sprachen wurde Hannah Stadter ausgezeichnet. Gew\u00fcrdigt wurden nicht nur ihr gro\u00dfes Sprachtalent in Latein, Englisch und Italienisch, sondern auch ihre bewunderswerte Selbstdisziplin, mit der sie ihre H\u00f6rbehinderung kompensiert habe. Ihr Engagement beim Italien-Austausch habe sie zu einer ausgezeichneten Botschafterin des RWG gemacht.<\/p>\n<div id=\"attachment_17489\" style=\"width: 460px\" class=\"wp-caption aligncenter\"><a href=\"https:\/\/www.rwg-bayreuth.de\/home\/wp-content\/uploads\/2017\/09\/17-18-Ritchie-Natur-450.jpg\"><img loading=\"lazy\" decoding=\"async\" aria-describedby=\"caption-attachment-17489\" src=\"https:\/\/www.rwg-bayreuth.de\/home\/wp-content\/uploads\/2017\/09\/17-18-Ritchie-Natur-450-450x310.jpg\" alt=\"\" width=\"450\" height=\"310\" class=\"size-medium wp-image-17489\" srcset=\"https:\/\/www.rwg-bayreuth.de\/home\/wp-content\/uploads\/2017\/09\/17-18-Ritchie-Natur-450.jpg 450w, https:\/\/www.rwg-bayreuth.de\/home\/wp-content\/uploads\/2017\/09\/17-18-Ritchie-Natur-450-250x172.jpg 250w\" sizes=\"(max-width: 450px) 100vw, 450px\" \/><\/a><p id=\"caption-attachment-17489\" class=\"wp-caption-text\">Bei &#8222;Jugend forscht&#8220; gewann das RWG schon oft Preise. Jetzt erhielt das Team einen Ritchie.<\/p><\/div>\n<p>Den Preis in der Kategorie &#8222;Mathematik und Naturwissenschaften&#8220; ging an das &#8222;Jugend-forscht&#8220;-Team. Dazu geh\u00f6ren Julia von Ramm, Luca Derennek, Anne Fiebich, Theresa Griese, Theresa Rei\u00df, Chris P\u00f6hlmann, Luca Ossendorf und Clara Weidekamm. Sabine Fr\u00f6ber lobte ihren wissensdrang, ihre sympathischeArt und ihr gro\u00dfes Durchhalteverm\u00f6gen, der Voraussetzung sei, Forschungen und aufw\u00e4ndige Experimente durchzuf\u00fchren. Nur so sei es m\u00f6glich gewesen, in den letzten Jahren viele Preise zu gewinnen.<\/p>\n<div id=\"attachment_17469\" style=\"width: 460px\" class=\"wp-caption aligncenter\"><a href=\"https:\/\/www.rwg-bayreuth.de\/home\/wp-content\/uploads\/2017\/09\/17-18-Ritchie-Weber-450.jpg\"><img loading=\"lazy\" decoding=\"async\" aria-describedby=\"caption-attachment-17469\" src=\"https:\/\/www.rwg-bayreuth.de\/home\/wp-content\/uploads\/2017\/09\/17-18-Ritchie-Weber-450-450x318.jpg\" alt=\"\" width=\"450\" height=\"318\" class=\"size-medium wp-image-17469\" srcset=\"https:\/\/www.rwg-bayreuth.de\/home\/wp-content\/uploads\/2017\/09\/17-18-Ritchie-Weber-450.jpg 450w, https:\/\/www.rwg-bayreuth.de\/home\/wp-content\/uploads\/2017\/09\/17-18-Ritchie-Weber-450-250x177.jpg 250w\" sizes=\"(max-width: 450px) 100vw, 450px\" \/><\/a><p id=\"caption-attachment-17469\" class=\"wp-caption-text\">Stehenden Applaus zollten die Festg\u00e4ste Mathias Weber, der den Ehrenpreis erhielt.<\/p><\/div>\n<p>Schlie\u00dflich stand die Verleihung des RWG-Ehrenpreises an. Viktoria Sp\u00e4th setzte zu einer Laudatio an, bei der schnell klar wurde, dass es sich um eine Lehrerpers\u00f6nlichkeit handeln musste \u2013 kein Sch\u00fcler schafft schlie\u00dflich 30 Jahre am RWG. Als nicht nur das Organisationstalent gew\u00fcrdigt wurde, sondern auch die zuverl\u00e4ssige Verwaltung von Statistiken aller Art, besonders aber das unerm\u00fcdliche Arbeiten f\u00fcr Sch\u00fcler und Eltern gleicherma\u00dfen, war allen klar, dass der Ritchie-Ehrenpreis nur an eine Person gehen konnte \u2013 n\u00e4mlich Mathias Weber, unseren stellvertretenden Schulleiter, der die Schule, ihre Sch\u00fcler und deren Eltern so gut kennt wie niemand sonst im Hause. Standing ovations waren die verdiente Anerkennung durch das Publikum.<\/p>\n<p>Musikalisch umrahmt wurde die w\u00fcrdige und doch kurzweilige Feier von Pauline Schneider und Jannis Wachs mit einem Lied aus dem Musical \u201eTanz der Vampire\u201c, Charlotte Ha\u00df mit einem Lied aus \u201eMy Fair Lady\u201c und Lena Bitterwolf mit einem Gesang aus \u201eJekyll and Hyde\u201c. <\/p>\n<div id=\"attachment_17471\" style=\"width: 460px\" class=\"wp-caption aligncenter\"><a href=\"https:\/\/www.rwg-bayreuth.de\/home\/wp-content\/uploads\/2017\/09\/17-18-Richie-Buffet-450l.jpg\"><img loading=\"lazy\" decoding=\"async\" aria-describedby=\"caption-attachment-17471\" src=\"https:\/\/www.rwg-bayreuth.de\/home\/wp-content\/uploads\/2017\/09\/17-18-Richie-Buffet-450l-450x310.jpg\" alt=\"\" width=\"450\" height=\"310\" class=\"size-medium wp-image-17471\" srcset=\"https:\/\/www.rwg-bayreuth.de\/home\/wp-content\/uploads\/2017\/09\/17-18-Richie-Buffet-450l.jpg 450w, https:\/\/www.rwg-bayreuth.de\/home\/wp-content\/uploads\/2017\/09\/17-18-Richie-Buffet-450l-250x172.jpg 250w\" sizes=\"(max-width: 450px) 100vw, 450px\" \/><\/a><p id=\"caption-attachment-17471\" class=\"wp-caption-text\">Das Catering-Team um Annegret Hupe hatte gleich mehrere solcher Tische zu einem stattlichen B\u00fcfett hergerichtet.<\/p><\/div>\n<p>Nach der Preisverleihung ging es in die Obere Pausenhalle, wo das Catering-Team um Annegret Hupe ein \u00fcppiges, dem Anlass angemessen umfangreiches B\u00fcfett aufgebaut hatte. Wer wollte, konnte anschlie\u00dfend mit DJ Sascha in einer Disco das Tanzbein schwingen. Zu fetzigen Disco-Rhythmen wurden dort sogar die eine oder andere Tanzkurs-Figur wiederbelebt.<\/p>\n<p>Dank zu sagen gilt es schlie\u00dflich noch dem Elternbeirat und dem Freundesverein als Stifter des Preises, dem Organisationsteam, bestehend aus Annette Scriba, Steffi Schwindt und Evelyn Sander, und der Familie Mehling f\u00fcr die technische und musikalische Unterst\u00fctzung der Feier. <\/p>\n","protected":false},"excerpt":{"rendered":"<p>Die diesj\u00e4hrigen Ritchie-Preistr\u00e4ger stehen fest. Aus den vielen nominierten Sch\u00fclerinnen und Sch\u00fclern hatte das Preiskomitee die sechs Preistr\u00e4ger gek\u00fcrt, die ein herausragendes Engagement gezeigt hatten. Ritchie-Preistr\u00e4ger im musischen Bereich wurde Jannis Wachs, im k\u00fcnstlerischen Bereich Jennifer Hohnstein, beim Sport die RWG-Tennism\u00e4dels, bei der Kategorie Soziales Engangement Jessica Brandt, im mathematisch-naturwissenschaftlichen Bereich das RWG-Jugend-forscht-Team, im sprachlichen&hellip;<\/p>\n","protected":false},"author":2,"featured_media":17461,"comment_status":"closed","ping_status":"closed","sticky":false,"template":"","format":"standard","meta":{"footnotes":""},"categories":[1],"tags":[51,42],"_links":{"self":[{"href":"https:\/\/www.rwg-bayreuth.de\/home\/index.php?rest_route=\/wp\/v2\/posts\/17460"}],"collection":[{"href":"https:\/\/www.rwg-bayreuth.de\/home\/index.php?rest_route=\/wp\/v2\/posts"}],"about":[{"href":"https:\/\/www.rwg-bayreuth.de\/home\/index.php?rest_route=\/wp\/v2\/types\/post"}],"author":[{"embeddable":true,"href":"https:\/\/www.rwg-bayreuth.de\/home\/index.php?rest_route=\/wp\/v2\/users\/2"}],"replies":[{"embeddable":true,"href":"https:\/\/www.rwg-bayreuth.de\/home\/index.php?rest_route=%2Fwp%2Fv2%2Fcomments&post=17460"}],"version-history":[{"count":19,"href":"https:\/\/www.rwg-bayreuth.de\/home\/index.php?rest_route=\/wp\/v2\/posts\/17460\/revisions"}],"predecessor-version":[{"id":17501,"href":"https:\/\/www.rwg-bayreuth.de\/home\/index.php?rest_route=\/wp\/v2\/posts\/17460\/revisions\/17501"}],"wp:featuredmedia":[{"embeddable":true,"href":"https:\/\/www.rwg-bayreuth.de\/home\/index.php?rest_route=\/wp\/v2\/media\/17461"}],"wp:attachment":[{"href":"https:\/\/www.rwg-bayreuth.de\/home\/index.php?rest_route=%2Fwp%2Fv2%2Fmedia&parent=17460"}],"wp:term":[{"taxonomy":"category","embeddable":true,"href":"https:\/\/www.rwg-bayreuth.de\/home\/index.php?rest_route=%2Fwp%2Fv2%2Fcategories&post=17460"},{"taxonomy":"post_tag","embeddable":true,"href":"https:\/\/www.rwg-bayreuth.de\/home\/index.php?rest_route=%2Fwp%2Fv2%2Ftags&post=17460"}],"curies":[{"name":"wp","href":"https:\/\/api.w.org\/{rel}","templated":true}]}}