{"id":17450,"date":"2017-09-28T08:46:46","date_gmt":"2017-09-28T06:46:46","guid":{"rendered":"http:\/\/www.rwg-bayreuth.de\/home\/?p=17450"},"modified":"2017-09-28T08:49:24","modified_gmt":"2017-09-28T06:49:24","slug":"kalender-jetzt-bestellen","status":"publish","type":"post","link":"https:\/\/www.rwg-bayreuth.de\/home\/?p=17450","title":{"rendered":"Kalender jetzt bestellen"},"content":{"rendered":"<p><a href=\"https:\/\/www.rwg-bayreuth.de\/home\/wp-content\/uploads\/2017\/09\/17-18-Kalender-Cover-450.jpg\"><img loading=\"lazy\" decoding=\"async\" src=\"https:\/\/www.rwg-bayreuth.de\/home\/wp-content\/uploads\/2017\/09\/17-18-Kalender-Cover-450.jpg\" alt=\"\" width=\"450\" height=\"329\" class=\"aligncenter size-full wp-image-17452\" srcset=\"https:\/\/www.rwg-bayreuth.de\/home\/wp-content\/uploads\/2017\/09\/17-18-Kalender-Cover-450.jpg 450w, https:\/\/www.rwg-bayreuth.de\/home\/wp-content\/uploads\/2017\/09\/17-18-Kalender-Cover-450-250x183.jpg 250w\" sizes=\"(max-width: 450px) 100vw, 450px\" \/><\/a><\/p>\n<p>Zum 150-j\u00e4hrigen Schuljubil\u00e4um wird es einen wundersch\u00f6nen, gro\u00dfformatigen Kunstkalender geben. Er kann jetzt bestellt werden.<\/p>\n<p>Die Kunstkalender haben an unserer Schule eine lange Tradition: In den letzten Jahren sind sie fast jedes Jahr rechtzeitig vor Weihnachten erschienen und sie zeigten bemerkenswert gut gelungene Sch\u00fclerarbeiten aus dem Kunstunterricht.<\/p>\n<p>Im Jubil\u00e4umsjahr soll diese sch\u00f6ne Tradition fortgesetzt werden, aber in abgewandelter Form. Der Kalender wird deutlich umfangreicher sein, denn es gibt zwei Seiten Pro Monat, die doppelseitig bedruckt sind. Die Monatsbilder zeigen Sch\u00fclerarbeiten aus dem Kunstunterricht der letzten 150 Jahre. Auf den R\u00fcckseiten gibt es Informationen, Bilder und Fotos aus dem Schulalltag der H\u00f6heren T\u00f6chterschule und des RWG. So bekommt der Betrachter einen guten, kompakten \u00dcberblick \u00fcber das Wachsen und Werden unserer Schule.<\/p>\n<p>Der Kalender hat 25 Bl\u00e4tter und ist im A-3-Format gehalten. Er kostzet 10 Euro und kann \u00fcber die Klassen bestellt werden.<\/p>\n","protected":false},"excerpt":{"rendered":"<p>Zum 150-j\u00e4hrigen Schuljubil\u00e4um wird es einen wundersch\u00f6nen, gro\u00dfformatigen Kunstkalender geben. Er kann jetzt bestellt werden. Die Kunstkalender haben an unserer Schule eine lange Tradition: In den letzten Jahren sind sie fast jedes Jahr rechtzeitig vor Weihnachten erschienen und sie zeigten bemerkenswert gut gelungene Sch\u00fclerarbeiten aus dem Kunstunterricht. Im Jubil\u00e4umsjahr soll diese sch\u00f6ne Tradition fortgesetzt werden,&hellip;<\/p>\n","protected":false},"author":1,"featured_media":17452,"comment_status":"closed","ping_status":"closed","sticky":false,"template":"","format":"standard","meta":{"footnotes":""},"categories":[1],"tags":[51],"_links":{"self":[{"href":"https:\/\/www.rwg-bayreuth.de\/home\/index.php?rest_route=\/wp\/v2\/posts\/17450"}],"collection":[{"href":"https:\/\/www.rwg-bayreuth.de\/home\/index.php?rest_route=\/wp\/v2\/posts"}],"about":[{"href":"https:\/\/www.rwg-bayreuth.de\/home\/index.php?rest_route=\/wp\/v2\/types\/post"}],"author":[{"embeddable":true,"href":"https:\/\/www.rwg-bayreuth.de\/home\/index.php?rest_route=\/wp\/v2\/users\/1"}],"replies":[{"embeddable":true,"href":"https:\/\/www.rwg-bayreuth.de\/home\/index.php?rest_route=%2Fwp%2Fv2%2Fcomments&post=17450"}],"version-history":[{"count":3,"href":"https:\/\/www.rwg-bayreuth.de\/home\/index.php?rest_route=\/wp\/v2\/posts\/17450\/revisions"}],"predecessor-version":[{"id":17456,"href":"https:\/\/www.rwg-bayreuth.de\/home\/index.php?rest_route=\/wp\/v2\/posts\/17450\/revisions\/17456"}],"wp:featuredmedia":[{"embeddable":true,"href":"https:\/\/www.rwg-bayreuth.de\/home\/index.php?rest_route=\/wp\/v2\/media\/17452"}],"wp:attachment":[{"href":"https:\/\/www.rwg-bayreuth.de\/home\/index.php?rest_route=%2Fwp%2Fv2%2Fmedia&parent=17450"}],"wp:term":[{"taxonomy":"category","embeddable":true,"href":"https:\/\/www.rwg-bayreuth.de\/home\/index.php?rest_route=%2Fwp%2Fv2%2Fcategories&post=17450"},{"taxonomy":"post_tag","embeddable":true,"href":"https:\/\/www.rwg-bayreuth.de\/home\/index.php?rest_route=%2Fwp%2Fv2%2Ftags&post=17450"}],"curies":[{"name":"wp","href":"https:\/\/api.w.org\/{rel}","templated":true}]}}