{"id":17418,"date":"2017-09-25T13:53:47","date_gmt":"2017-09-25T11:53:47","guid":{"rendered":"http:\/\/www.rwg-bayreuth.de\/home\/?p=17418"},"modified":"2023-10-14T18:29:12","modified_gmt":"2023-10-14T16:29:12","slug":"das-cafe-pi-oeffnete-seine-tueren","status":"publish","type":"post","link":"https:\/\/www.rwg-bayreuth.de\/home\/?p=17418","title":{"rendered":"Das Caf\u00e9 \u03c0 \u00f6ffnete seine T\u00fcren"},"content":{"rendered":"<div id=\"attachment_17419\" style=\"width: 460px\" class=\"wp-caption aligncenter\"><a href=\"https:\/\/www.rwg-bayreuth.de\/home\/wp-content\/uploads\/2017\/09\/17-18-Mathecafe-1-450.jpg\"><img loading=\"lazy\" decoding=\"async\" aria-describedby=\"caption-attachment-17419\" src=\"https:\/\/www.rwg-bayreuth.de\/home\/wp-content\/uploads\/2017\/09\/17-18-Mathecafe-1-450-450x294.jpg\" alt=\"\" width=\"450\" height=\"294\" class=\"size-medium wp-image-17419\" srcset=\"https:\/\/www.rwg-bayreuth.de\/home\/wp-content\/uploads\/2017\/09\/17-18-Mathecafe-1-450.jpg 450w, https:\/\/www.rwg-bayreuth.de\/home\/wp-content\/uploads\/2017\/09\/17-18-Mathecafe-1-450-250x163.jpg 250w\" sizes=\"(max-width: 450px) 100vw, 450px\" \/><\/a><p id=\"caption-attachment-17419\" class=\"wp-caption-text\">Bei Kaffee und Kuchen kann man hier Mathe lernen.<\/p><\/div>\n<p>Keine ganze Sekunde hat der Moment gedauert, auf den 15 Sch\u00fclerinnen aus der Q12 des RWGs \u00fcber ein halbes Jahr lang hingearbeitet haben: Mit dem Durchtrennen des roten Bandes vor der T\u00fcr des Raums 218 wurde das Caf\u00e9 \u03c0 er\u00f6ffnet.<\/p>\n<p>Hinter dem griechischen Buchstaben \u03c0 steckt normalerweise die ber\u00fchmte Kreiszahl 3,1415\u2026 Am RWG steht das Zeichen ab sofort f\u00fcr unser neues Mathe-Caf\u00e9. Wie es sich f\u00fcr ein Caf\u00e9 geh\u00f6rt, werden hier Getr\u00e4nke und kleine Snacks kosteng\u00fcnstig zum Verkauf angeboten. Gleichzeitig k\u00f6nne die Besucher aber auch ihre mathematischen Kenntnisse aufpolieren. Die Sch\u00fclerinnen des P-Seminars Mathematik unter der Leitung von Frau Wei\u00df werden hier n\u00e4mlich in den Mittagspausen anwesend sein, um den Sch\u00fclerInnen Fragen zu beantworten oder bei den Hausaufgaben zu helfen. <\/p>\n<div id=\"attachment_17426\" style=\"width: 160px\" class=\"wp-caption alignleft\"><a href=\"https:\/\/www.rwg-bayreuth.de\/home\/wp-content\/uploads\/2017\/09\/17-18-Mathecafe-Er\u00f6ffnung-450.jpg\"><img loading=\"lazy\" decoding=\"async\" aria-describedby=\"caption-attachment-17426\" src=\"https:\/\/www.rwg-bayreuth.de\/home\/wp-content\/uploads\/2017\/09\/17-18-Mathecafe-Er\u00f6ffnung-450.jpg\" alt=\"\" width=\"150\" height=\"221\" class=\"size-full wp-image-17426\" \/><\/a><p id=\"caption-attachment-17426\" class=\"wp-caption-text\">Schulleiterin Ursula Graf er\u00f6ffnete das Mathe-Caf\u00e9.<\/p><\/div>\n<p>In einer kleinen Er\u00f6ffnungsrede erl\u00e4uterte eine Sch\u00fclerin aus dem P-Seminar den Sinn des neue Caf\u00e9 \u03c0 und wie es funktioniert. Die Sch\u00fclerinnen hatten sich um alles liebevoll gek\u00fcmmert, und wie es sich f\u00fcr eine feierliche Er\u00f6ffnung geh\u00f6rt, stand ein kleines B\u00fcffet bereit, bei dem sich alle Anwesenden bedienen durften. Im Anschluss traten die Sch\u00fclerInnen der Jahrgangsstufen 5-7 bzw. 8 und 9 noch in einem virtuellen Quiz gegeneinander an, das die Q12 f\u00fcr sie vorbereitet hatte.<\/p>\n<p>Die Q12 hofft nun, dass die Sch\u00fclerInnen des RWGs das Projekt genauso spannend finden, wie sie selbst und hofft auf zahlreiche Besucher. <\/p>\n","protected":false},"excerpt":{"rendered":"<p>Keine ganze Sekunde hat der Moment gedauert, auf den 15 Sch\u00fclerinnen aus der Q12 des RWGs \u00fcber ein halbes Jahr lang hingearbeitet haben: Mit dem Durchtrennen des roten Bandes vor der T\u00fcr des Raums 218 wurde das Caf\u00e9 \u03c0 er\u00f6ffnet. Hinter dem griechischen Buchstaben \u03c0 steckt normalerweise die ber\u00fchmte Kreiszahl 3,1415\u2026 Am RWG steht das&hellip;<\/p>\n","protected":false},"author":2,"featured_media":17419,"comment_status":"closed","ping_status":"closed","sticky":false,"template":"","format":"standard","meta":{"footnotes":""},"categories":[1],"tags":[99,51,70,96,64],"_links":{"self":[{"href":"https:\/\/www.rwg-bayreuth.de\/home\/index.php?rest_route=\/wp\/v2\/posts\/17418"}],"collection":[{"href":"https:\/\/www.rwg-bayreuth.de\/home\/index.php?rest_route=\/wp\/v2\/posts"}],"about":[{"href":"https:\/\/www.rwg-bayreuth.de\/home\/index.php?rest_route=\/wp\/v2\/types\/post"}],"author":[{"embeddable":true,"href":"https:\/\/www.rwg-bayreuth.de\/home\/index.php?rest_route=\/wp\/v2\/users\/2"}],"replies":[{"embeddable":true,"href":"https:\/\/www.rwg-bayreuth.de\/home\/index.php?rest_route=%2Fwp%2Fv2%2Fcomments&post=17418"}],"version-history":[{"count":5,"href":"https:\/\/www.rwg-bayreuth.de\/home\/index.php?rest_route=\/wp\/v2\/posts\/17418\/revisions"}],"predecessor-version":[{"id":26924,"href":"https:\/\/www.rwg-bayreuth.de\/home\/index.php?rest_route=\/wp\/v2\/posts\/17418\/revisions\/26924"}],"wp:featuredmedia":[{"embeddable":true,"href":"https:\/\/www.rwg-bayreuth.de\/home\/index.php?rest_route=\/wp\/v2\/media\/17419"}],"wp:attachment":[{"href":"https:\/\/www.rwg-bayreuth.de\/home\/index.php?rest_route=%2Fwp%2Fv2%2Fmedia&parent=17418"}],"wp:term":[{"taxonomy":"category","embeddable":true,"href":"https:\/\/www.rwg-bayreuth.de\/home\/index.php?rest_route=%2Fwp%2Fv2%2Fcategories&post=17418"},{"taxonomy":"post_tag","embeddable":true,"href":"https:\/\/www.rwg-bayreuth.de\/home\/index.php?rest_route=%2Fwp%2Fv2%2Ftags&post=17418"}],"curies":[{"name":"wp","href":"https:\/\/api.w.org\/{rel}","templated":true}]}}