{"id":17192,"date":"2017-09-13T08:16:22","date_gmt":"2017-09-13T06:16:22","guid":{"rendered":"http:\/\/www.rwg-bayreuth.de\/home\/?p=17192"},"modified":"2017-09-13T18:53:14","modified_gmt":"2017-09-13T16:53:14","slug":"willkommen-am-rwg","status":"publish","type":"post","link":"https:\/\/www.rwg-bayreuth.de\/home\/?p=17192","title":{"rendered":"Willkommen am RWG"},"content":{"rendered":"<div id=\"attachment_17193\" style=\"width: 460px\" class=\"wp-caption aligncenter\"><a href=\"https:\/\/www.rwg-bayreuth.de\/home\/wp-content\/uploads\/2017\/09\/17-18-F\u00fcnftkl\u00e4ssler-Begr.jpg\"><img loading=\"lazy\" decoding=\"async\" aria-describedby=\"caption-attachment-17193\" src=\"https:\/\/www.rwg-bayreuth.de\/home\/wp-content\/uploads\/2017\/09\/17-18-F\u00fcnftkl\u00e4ssler-Begr.jpg\" alt=\"\" width=\"450\" height=\"333\" class=\"size-full wp-image-17193\" srcset=\"https:\/\/www.rwg-bayreuth.de\/home\/wp-content\/uploads\/2017\/09\/17-18-F\u00fcnftkl\u00e4ssler-Begr.jpg 450w, https:\/\/www.rwg-bayreuth.de\/home\/wp-content\/uploads\/2017\/09\/17-18-F\u00fcnftkl\u00e4ssler-Begr-250x185.jpg 250w\" sizes=\"(max-width: 450px) 100vw, 450px\" \/><\/a><p id=\"caption-attachment-17193\" class=\"wp-caption-text\">Schulleiterin Ursula Graf begr\u00fc\u00dfte die neuen F\u00fcnftkl\u00e4ssler.<\/p><\/div>\n<p>Ganz herzlich hei\u00dft das RWG seine neuen F\u00fcnftkl\u00e4ssler willkommen: 67 haben am Dienstag zum ersten Mal das RWG, ihre neue Schule, besucht. <\/p>\n<p>Der Tag begann etwas sp\u00e4ter als f\u00fcr die anderen RWG-Sch\u00fcler, n\u00e4mlich erst um 9:00 Uhr, aber daf\u00fcr umso aufregender, denn es wurden die neuen Klassen eingeteilt. Gespannt warteten deshalb auch die Eltern im Hintergrund, als in der Turnhalle die Namen verlesen wurden. Zu ihrer Beruhigung konnten viele feststellen, dass sich gegen\u00fcber der ersten Voreinteilung am Schulfest nur wenig getan hatte: Ein wenig kannten sich also alle schon.<\/p>\n<p>Schulleiterin Ursula Graf hatte ermutigende Worte dabei: Sie hie\u00df alle willkommen und verglich die Schule mit einer Bergtour: Es winke mit dem Abitur der Gipfel, aber um ihn sicher zu erreichen, sei es wichtig, gut ausgeschlafen zu sein, gut verpflegt und sich vor allem der F\u00fchrung der Bergf\u00fchrer anzuvertrauen, n\u00e4mlich der Lehrer.<\/p>\n<div id=\"attachment_17194\" style=\"width: 460px\" class=\"wp-caption aligncenter\"><a href=\"https:\/\/www.rwg-bayreuth.de\/home\/wp-content\/uploads\/2017\/09\/17-18-5c-erster-Tag-450.jpg\"><img loading=\"lazy\" decoding=\"async\" aria-describedby=\"caption-attachment-17194\" src=\"https:\/\/www.rwg-bayreuth.de\/home\/wp-content\/uploads\/2017\/09\/17-18-5c-erster-Tag-450.jpg\" alt=\"\" width=\"450\" height=\"308\" class=\"size-full wp-image-17194\" srcset=\"https:\/\/www.rwg-bayreuth.de\/home\/wp-content\/uploads\/2017\/09\/17-18-5c-erster-Tag-450.jpg 450w, https:\/\/www.rwg-bayreuth.de\/home\/wp-content\/uploads\/2017\/09\/17-18-5c-erster-Tag-450-250x171.jpg 250w\" sizes=\"(max-width: 450px) 100vw, 450px\" \/><\/a><p id=\"caption-attachment-17194\" class=\"wp-caption-text\">Die Klasse 5c von Frau Wagner machte allerlei Kennenlern-Spiele.<\/p><\/div>\n<p>Mit den neuen Klassleitern ging es dann ab in die Klassenzimmer. Hier konnte der Rest des Vormittags genutzt werden, um sich gegenseitig noch etwas besser kennen zu lernen und um das eine oder andere Wissenswerte \u00fcber die neue Schule zu erfahren und wie es dort so zugeht. Im Rahmen des KOMPASS-Programmes f\u00fcr die f\u00fcnften Klassen ist es dem RWG wichtig, den Neuen das Zurechtfinden an der neuen Schule zu erleichtern. Dazu geh\u00f6rt am zweiten Schultag eine Hausrallye und dann Lerntipps aller Art. <\/p>\n<p>F\u00fcr die Eltern der neuen F\u00fcnftkl\u00e4ssler steht am Mittwoch, 27.9., ein erster Info-Abend an: Es geht um das Thema Lernen am Gymnasium und es wird das KOMPASS-Programm n\u00e4her vorgestellt. Beginn ist um 19:00 Uhr in der Aula.<\/p>\n","protected":false},"excerpt":{"rendered":"<p>Ganz herzlich hei\u00dft das RWG seine neuen F\u00fcnftkl\u00e4ssler willkommen: 67 haben am Dienstag zum ersten Mal das RWG, ihre neue Schule, besucht. Der Tag begann etwas sp\u00e4ter als f\u00fcr die anderen RWG-Sch\u00fcler, n\u00e4mlich erst um 9:00 Uhr, aber daf\u00fcr umso aufregender, denn es wurden die neuen Klassen eingeteilt. Gespannt warteten deshalb auch die Eltern im&hellip;<\/p>\n","protected":false},"author":1,"featured_media":17193,"comment_status":"closed","ping_status":"closed","sticky":false,"template":"","format":"standard","meta":{"footnotes":""},"categories":[1],"tags":[51],"_links":{"self":[{"href":"https:\/\/www.rwg-bayreuth.de\/home\/index.php?rest_route=\/wp\/v2\/posts\/17192"}],"collection":[{"href":"https:\/\/www.rwg-bayreuth.de\/home\/index.php?rest_route=\/wp\/v2\/posts"}],"about":[{"href":"https:\/\/www.rwg-bayreuth.de\/home\/index.php?rest_route=\/wp\/v2\/types\/post"}],"author":[{"embeddable":true,"href":"https:\/\/www.rwg-bayreuth.de\/home\/index.php?rest_route=\/wp\/v2\/users\/1"}],"replies":[{"embeddable":true,"href":"https:\/\/www.rwg-bayreuth.de\/home\/index.php?rest_route=%2Fwp%2Fv2%2Fcomments&post=17192"}],"version-history":[{"count":5,"href":"https:\/\/www.rwg-bayreuth.de\/home\/index.php?rest_route=\/wp\/v2\/posts\/17192\/revisions"}],"predecessor-version":[{"id":17212,"href":"https:\/\/www.rwg-bayreuth.de\/home\/index.php?rest_route=\/wp\/v2\/posts\/17192\/revisions\/17212"}],"wp:featuredmedia":[{"embeddable":true,"href":"https:\/\/www.rwg-bayreuth.de\/home\/index.php?rest_route=\/wp\/v2\/media\/17193"}],"wp:attachment":[{"href":"https:\/\/www.rwg-bayreuth.de\/home\/index.php?rest_route=%2Fwp%2Fv2%2Fmedia&parent=17192"}],"wp:term":[{"taxonomy":"category","embeddable":true,"href":"https:\/\/www.rwg-bayreuth.de\/home\/index.php?rest_route=%2Fwp%2Fv2%2Fcategories&post=17192"},{"taxonomy":"post_tag","embeddable":true,"href":"https:\/\/www.rwg-bayreuth.de\/home\/index.php?rest_route=%2Fwp%2Fv2%2Ftags&post=17192"}],"curies":[{"name":"wp","href":"https:\/\/api.w.org\/{rel}","templated":true}]}}