{"id":16873,"date":"2017-07-25T08:33:51","date_gmt":"2017-07-25T06:33:51","guid":{"rendered":"http:\/\/www.rwg-bayreuth.de\/home\/?p=16873"},"modified":"2019-01-25T11:53:29","modified_gmt":"2019-01-25T10:53:29","slug":"vom-kudamm-in-den-bundestag","status":"publish","type":"post","link":"https:\/\/www.rwg-bayreuth.de\/home\/?p=16873","title":{"rendered":"Vom Kudamm in den Bundestag"},"content":{"rendered":"<div id=\"attachment_16875\" style=\"width: 460px\" class=\"wp-caption aligncenter\"><a href=\"https:\/\/www.rwg-bayreuth.de\/home\/wp-content\/uploads\/2017\/07\/16-17-Berlin-Gruppe-450.jpg\"><img loading=\"lazy\" decoding=\"async\" aria-describedby=\"caption-attachment-16875\" src=\"https:\/\/www.rwg-bayreuth.de\/home\/wp-content\/uploads\/2017\/07\/16-17-Berlin-Gruppe-450-450x300.jpg\" alt=\"\" width=\"450\" height=\"300\" class=\"size-medium wp-image-16875\" srcset=\"https:\/\/www.rwg-bayreuth.de\/home\/wp-content\/uploads\/2017\/07\/16-17-Berlin-Gruppe-450.jpg 450w, https:\/\/www.rwg-bayreuth.de\/home\/wp-content\/uploads\/2017\/07\/16-17-Berlin-Gruppe-450-250x167.jpg 250w\" sizes=\"(max-width: 450px) 100vw, 450px\" \/><\/a><p id=\"caption-attachment-16875\" class=\"wp-caption-text\">Im Abendlicht sammelte sich die Gruppe vor dem Bundestag<\/p><\/div>\n<p>\u201eWir woll\u2019n Wasserskifahrn` auf dem Kurf\u00fcrstendamm\u2026 \u201c- das war das Begleit- und Erheiterungslied f\u00fcr den f\u00fcnft\u00e4gigen Berlinaufenthalt, den die 10.Klassen des RWG genossen. Hier ist ein Reisebericht:<\/p>\n<p>Mit verschlafenem, aber ebenso aufgeregtem Gem\u00fctszustand brachen wir am Montagmorgen in zwei Gruppen in die Bundeshauptstadt auf. Nach langer, aber angenehmer Busfahrt kamen wir am Potsdamer Platz an und durften erst einmal einige Sonnenstrahlen einfangen und den ein oder anderen Blick in die Mall of Berlin werfen, in welcher nicht nur die Shoppingherzen h\u00f6her schlagen konnten, sondern auch reichlich Essensverpflegung f\u00fcr die hungrigen Sch\u00fclerb\u00e4uche vorzufinden war. Im Anschluss an die F\u00fchrung \u201eTopographie des Terrors\u201c und des Verschaffens eines groben \u00dcberblicks \u00fcber Berlin machten wir uns auf in unser sehr gro\u00dfes und modernes Hostel am Bahnhof Zoo in der N\u00e4he des Kudamms. Zur Abrundung dieses eindrucksvollen Tages besuchten wir den Bundestag und genossen auf der Kuppel des Reichstagsgeb\u00e4udes den atemberaubenden Anblick der Stadt, welche von unz\u00e4hligen Lichtern in der Dunkelheit erhellt worden war.<\/p>\n<p>Vom morgendlichen Fr\u00fchst\u00fccksbuffet starteten wir in die n\u00e4chsten Tage mit interessanten F\u00fchrungen und unterschiedlichen Programmpunkten. So bereicherte uns die Fahrt insgesamt mit historischem, politischem aber auch kulturellem Wissen, sodass alter Schulstoff aufgefrischt, aber auch vertieft werden konnte. Themenbereiche war hier vor allem die Deutsche Geschichte des 20. Jahrhunderts (NS-Zeit, Holocaust, DDR). Dazu geh\u00f6rten neben vielen Museumsbesuchen wie der Stasi-Zentrale oder dem Deutschen Historischen Museum selbstverst\u00e4ndlich auch der geografische \u00dcberblick \u00fcber Berlin und somit das Besichtigen vieler Wahrzeichen sowie das Erkunden versteckter Berliner-Ecken.<\/p>\n<div id=\"attachment_16874\" style=\"width: 460px\" class=\"wp-caption aligncenter\"><a href=\"https:\/\/www.rwg-bayreuth.de\/home\/wp-content\/uploads\/2017\/07\/16-17-Berlin-Bundestag-450.jpg\"><img loading=\"lazy\" decoding=\"async\" aria-describedby=\"caption-attachment-16874\" src=\"https:\/\/www.rwg-bayreuth.de\/home\/wp-content\/uploads\/2017\/07\/16-17-Berlin-Bundestag-450-450x313.jpg\" alt=\"\" width=\"450\" height=\"313\" class=\"size-medium wp-image-16874\" srcset=\"https:\/\/www.rwg-bayreuth.de\/home\/wp-content\/uploads\/2017\/07\/16-17-Berlin-Bundestag-450.jpg 450w, https:\/\/www.rwg-bayreuth.de\/home\/wp-content\/uploads\/2017\/07\/16-17-Berlin-Bundestag-450-250x174.jpg 250w\" sizes=\"(max-width: 450px) 100vw, 450px\" \/><\/a><p id=\"caption-attachment-16874\" class=\"wp-caption-text\">Auf der Zuh\u00f6rertrib\u00fchne des Bundestags.<\/p><\/div>\n<p>Ob Brandenburger Tor, politische Geb\u00e4ude, die East Side Gallery, Bruchteile der Mauer oder der ein oder andere unbekannt gelegene Hinterhof in Berlin Mitte zum Kaffeetrinken, wenig blieb von uns unentdeckt und trotz der Gefahr, sich in der Stadt zu verlaufen, kamen wir problemfrei durch die Stadt und gewannen viele positive Eindr\u00fccke. Das Highlight der Woche war f\u00fcr viele am Mittwochabend das Disney-Musical \u201eDer Gl\u00f6ckner von Notre Dame\u201c, welches im wundersch\u00f6nen Theater des Westens gespielt wurde. Neben dem vollen Programm gab es aber auch ausreichend Freizeit, um selbst noch durch gro\u00dfe Einkaufszentren und Shoppingmeilen zu schlendern oder einfach in den nahegelegenen Gr\u00fcnfl\u00e4chen zu entspannen.<\/p>\n<p>F\u00fcr einen ganz modernen und exklusiven \u201eKick\u201c der Woche sorgte der Besuch bei einer Boulevardzeitung. Dort hatten wir die M\u00f6glichkeit, die Arbeit der Redaktion hautnah mitzuerleben und durften aktiv mithelfen, die Social-Media-Abteilung zu verbessern. Spannendster Moment hierbei war der Einblick in die VIP-Etage mit Panoramaaussicht im obersten Stock, die sich auf ca. 400 Metern H\u00f6he befindet.<br \/>\nLeider neigte sich unsere Fahrt schnell dem Ende zu, sodass wir nach einem Kurztrip durch das J\u00fcdische Museum freitags wieder die Heimreise antreten mussten.<br \/>\nAufgrund des Berliner Ferienbeginns und der daraus resultierenden vollen Stra\u00dfen und vielen Staus cancelten wir leider den Zwischenstopp in Potsdam und kamen daher gegen 18 Uhr ersch\u00f6pft in Bayreuth an. <\/p>\n<p>Ein herzliches Dankesch\u00f6n richten wir an unsere nette und offene Busfahrerin, die sorgsamen Mitarbeiter im Hostel, allen F\u00fchrern und ganz besonders an unsere betreuenden Lehrer Frau Herrmann-Maier, Frau Steininger, Frau Track und Herrn Schill f\u00fcr die tolle Fahrt und den sch\u00f6nen und informativen Aufenthalt in Berlin.<\/p>\n<p><em>Lena Neuner, 10b<\/em><\/p>\n","protected":false},"excerpt":{"rendered":"<p>\u201eWir woll\u2019n Wasserskifahrn` auf dem Kurf\u00fcrstendamm\u2026 \u201c- das war das Begleit- und Erheiterungslied f\u00fcr den f\u00fcnft\u00e4gigen Berlinaufenthalt, den die 10.Klassen des RWG genossen. Hier ist ein Reisebericht: Mit verschlafenem, aber ebenso aufgeregtem Gem\u00fctszustand brachen wir am Montagmorgen in zwei Gruppen in die Bundeshauptstadt auf. Nach langer, aber angenehmer Busfahrt kamen wir am Potsdamer Platz an&hellip;<\/p>\n","protected":false},"author":2,"featured_media":16875,"comment_status":"closed","ping_status":"closed","sticky":false,"template":"","format":"standard","meta":{"footnotes":""},"categories":[1],"tags":[92,51],"_links":{"self":[{"href":"https:\/\/www.rwg-bayreuth.de\/home\/index.php?rest_route=\/wp\/v2\/posts\/16873"}],"collection":[{"href":"https:\/\/www.rwg-bayreuth.de\/home\/index.php?rest_route=\/wp\/v2\/posts"}],"about":[{"href":"https:\/\/www.rwg-bayreuth.de\/home\/index.php?rest_route=\/wp\/v2\/types\/post"}],"author":[{"embeddable":true,"href":"https:\/\/www.rwg-bayreuth.de\/home\/index.php?rest_route=\/wp\/v2\/users\/2"}],"replies":[{"embeddable":true,"href":"https:\/\/www.rwg-bayreuth.de\/home\/index.php?rest_route=%2Fwp%2Fv2%2Fcomments&post=16873"}],"version-history":[{"count":3,"href":"https:\/\/www.rwg-bayreuth.de\/home\/index.php?rest_route=\/wp\/v2\/posts\/16873\/revisions"}],"predecessor-version":[{"id":16880,"href":"https:\/\/www.rwg-bayreuth.de\/home\/index.php?rest_route=\/wp\/v2\/posts\/16873\/revisions\/16880"}],"wp:featuredmedia":[{"embeddable":true,"href":"https:\/\/www.rwg-bayreuth.de\/home\/index.php?rest_route=\/wp\/v2\/media\/16875"}],"wp:attachment":[{"href":"https:\/\/www.rwg-bayreuth.de\/home\/index.php?rest_route=%2Fwp%2Fv2%2Fmedia&parent=16873"}],"wp:term":[{"taxonomy":"category","embeddable":true,"href":"https:\/\/www.rwg-bayreuth.de\/home\/index.php?rest_route=%2Fwp%2Fv2%2Fcategories&post=16873"},{"taxonomy":"post_tag","embeddable":true,"href":"https:\/\/www.rwg-bayreuth.de\/home\/index.php?rest_route=%2Fwp%2Fv2%2Ftags&post=16873"}],"curies":[{"name":"wp","href":"https:\/\/api.w.org\/{rel}","templated":true}]}}