{"id":16622,"date":"2000-01-17T01:30:34","date_gmt":"2000-01-17T00:30:34","guid":{"rendered":"http:\/\/www.rwg-bayreuth.de\/home\/?p=16622"},"modified":"2017-07-21T19:42:09","modified_gmt":"2017-07-21T17:42:09","slug":"gold-gab-ich-fuer-eisen-die-hoeheren-toechter-ziehen-in-den-krieg","status":"publish","type":"post","link":"https:\/\/www.rwg-bayreuth.de\/home\/?p=16622","title":{"rendered":"&#8222;Gold gab ich f\u00fcr Eisen&#8220;: Die h\u00f6heren T\u00f6chter ziehen in den Krieg"},"content":{"rendered":"<div id=\"attachment_16624\" style=\"width: 910px\" class=\"wp-caption aligncenter\"><a href=\"https:\/\/www.rwg-bayreuth.de\/home\/wp-content\/uploads\/2017\/07\/zweite_Klasse_1916_1917_900.jpg\"><img loading=\"lazy\" decoding=\"async\" aria-describedby=\"caption-attachment-16624\" class=\"size-full wp-image-16624\" src=\"https:\/\/www.rwg-bayreuth.de\/home\/wp-content\/uploads\/2017\/07\/zweite_Klasse_1916_1917_900.jpg\" alt=\"\" width=\"900\" height=\"669\" srcset=\"https:\/\/www.rwg-bayreuth.de\/home\/wp-content\/uploads\/2017\/07\/zweite_Klasse_1916_1917_900.jpg 900w, https:\/\/www.rwg-bayreuth.de\/home\/wp-content\/uploads\/2017\/07\/zweite_Klasse_1916_1917_900-450x335.jpg 450w, https:\/\/www.rwg-bayreuth.de\/home\/wp-content\/uploads\/2017\/07\/zweite_Klasse_1916_1917_900-768x571.jpg 768w, https:\/\/www.rwg-bayreuth.de\/home\/wp-content\/uploads\/2017\/07\/zweite_Klasse_1916_1917_900-250x186.jpg 250w\" sizes=\"(max-width: 900px) 100vw, 900px\" \/><\/a><p id=\"caption-attachment-16624\" class=\"wp-caption-text\">Die zweite (6.) Klasse im Kriegsschuljahr 1916\/1917<\/p><\/div>\n<p>Am 1. August 1914 brach schlie\u00dflich nach langen Wochen der Ungewissheit der Krieg aus. Sp\u00e4ter wurde er der &#8222;Weltkrieg&#8220; genannt, noch sp\u00e4ter musste er dann als &#8222;Erster Weltkrieg&#8220; verbucht werden.<br \/>\nDie aus heutiger Sicht nicht mehr nachvollziehbare Kriegsbegeisterung und die Euphorie des &#8222;Augusterlebnisses&#8220; erfassten auch Bayreuth und die Lehrer- und Sch\u00fclerschaft der H\u00f6heren M\u00e4dchenschule. Man wollte nicht abseits stehen und sich auch am patriotischen Heldenkampf beteiligen. So hatte es auch Kaiser Wilhelm II. am 6. August in Berlin verk\u00fcndet:<\/p>\n<p><em>So mu\u00df denn das Schwert entscheiden. Mitten im Frieden \u00fcberf\u00e4llt uns der Feind. Darum auf! Zu den Waffen! Jedes Schwanken, jedes Z\u00f6gern w\u00e4re Verrat am Vaterlande.<\/em><\/p>\n<p>Die Sch\u00fclerinnen konnten freilich nicht mit dem S\u00e4bel rasseln, ein Auszug &#8222;ins Feld&#8220; war nicht vorgesehen, aber im Rahmen ihrer M\u00f6glichkeit taten sie nun ihr Bestes. Sie (bzw. ihre Eltern) zeichneten &#8222;Kriegsanleihen&#8220;, beteiligten sich an zahlreichen Sammlungen, stopften Soldatensocken und stellten im Handarbeitsunterricht &#8222;Liebesgaben&#8220; f\u00fcr die Frontk\u00e4mpfer her. Im Rahmen einer &#8222;Kriegsbuchwoche&#8220; vom 13. bis 19. Juni 1915 wurden f\u00fcr die Soldaten im Kriegseinsatz B\u00fccher gespendet.<\/p>\n<p>Schon befremdlicher war die Teilnahme an einer &#8222;Nagelung&#8220; im Mai 1916, n\u00e4mlich an der Einweihung eines &#8222;Kriegswahrzeichens&#8220;: In einer aus Brettern gezimmerten &#8222;Walhalla&#8220; im Innenhof des alten Schlosses in Bayreuth wurde ein gro\u00dfes h\u00f6lzernes &#8222;Helden-Schwert&#8220; aufgestellt. Es sollte m\u00f6glichst l\u00fcckenlos mit N\u00e4geln vollgeh\u00e4mmert werden. Der Erl\u00f6s aus dem Verkauf der N\u00e4gel kam anschlie\u00dfend Kriegerwitwen und -waisen zugute.<\/p>\n<div id=\"attachment_16628\" style=\"width: 460px\" class=\"wp-caption aligncenter\"><a href=\"https:\/\/www.rwg-bayreuth.de\/home\/wp-content\/uploads\/2017\/07\/nagelung_heldenschwert_voelk_walhalla_450.jpg\"><img loading=\"lazy\" decoding=\"async\" aria-describedby=\"caption-attachment-16628\" class=\"size-full wp-image-16628\" src=\"https:\/\/www.rwg-bayreuth.de\/home\/wp-content\/uploads\/2017\/07\/nagelung_heldenschwert_voelk_walhalla_450.jpg\" alt=\"\" width=\"450\" height=\"283\" srcset=\"https:\/\/www.rwg-bayreuth.de\/home\/wp-content\/uploads\/2017\/07\/nagelung_heldenschwert_voelk_walhalla_450.jpg 450w, https:\/\/www.rwg-bayreuth.de\/home\/wp-content\/uploads\/2017\/07\/nagelung_heldenschwert_voelk_walhalla_450-250x157.jpg 250w\" sizes=\"(max-width: 450px) 100vw, 450px\" \/><\/a><p id=\"caption-attachment-16628\" class=\"wp-caption-text\">&#8222;Nagelung&#8220; des &#8222;Helden-Schwerts&#8220; mit Lehrer V\u00f6lk 1916<\/p><\/div>\n<p>Auch allerlei Kriegsger\u00e4t wurde \u00f6ffentlich ausgestellt und konnte von den Daheimgebliebenen begutachtet werden. So besuchten die Sch\u00fclerinnen die &#8222;Kriegs-Luftfahrtausstellung&#8220; im November 1917 in der Markgr\u00e4flichen Reithalle, der sp\u00e4teren Stadthalle.<\/p>\n<div id=\"attachment_16632\" style=\"width: 460px\" class=\"wp-caption aligncenter\"><a href=\"https:\/\/www.rwg-bayreuth.de\/home\/wp-content\/uploads\/2017\/07\/kriegsluftfahrtausstellung_1917_450.jpg\"><img loading=\"lazy\" decoding=\"async\" aria-describedby=\"caption-attachment-16632\" class=\"size-full wp-image-16632\" src=\"https:\/\/www.rwg-bayreuth.de\/home\/wp-content\/uploads\/2017\/07\/kriegsluftfahrtausstellung_1917_450.jpg\" alt=\"\" width=\"450\" height=\"289\" srcset=\"https:\/\/www.rwg-bayreuth.de\/home\/wp-content\/uploads\/2017\/07\/kriegsluftfahrtausstellung_1917_450.jpg 450w, https:\/\/www.rwg-bayreuth.de\/home\/wp-content\/uploads\/2017\/07\/kriegsluftfahrtausstellung_1917_450-250x161.jpg 250w\" sizes=\"(max-width: 450px) 100vw, 450px\" \/><\/a><p id=\"caption-attachment-16632\" class=\"wp-caption-text\">Auf der &#8222;Kriegs-Luftfahrtausstellung&#8220; 1917<\/p><\/div>\n<p>W\u00e4hrend der Kriegsjahre wurden zudem zahlreiche, freilich etwas voreilige &#8222;Siegesfeiern&#8220; mit Musik und Deklamationen abgehalten, offenbar um die allgemeine Kampfmoral zu st\u00e4rken. Auf mehreren &#8222;Fr\u00fchlingsfeiern&#8220; wurde zus\u00e4tzlich f\u00fcr die Kriegsf\u00fcrsorge des Roten Kreuzes gesammelt. Diese Fr\u00fchlingsfeiern ersetzten ab 1917 die \u00fcblichen Jahresschlussfeiern.<\/p>\n<div id=\"attachment_16635\" style=\"width: 460px\" class=\"wp-caption aligncenter\"><a href=\"https:\/\/www.rwg-bayreuth.de\/home\/wp-content\/uploads\/2017\/07\/Schlussfeier_Kriegsjahr_1915_450.jpg\"><img loading=\"lazy\" decoding=\"async\" aria-describedby=\"caption-attachment-16635\" class=\"size-full wp-image-16635\" src=\"https:\/\/www.rwg-bayreuth.de\/home\/wp-content\/uploads\/2017\/07\/Schlussfeier_Kriegsjahr_1915_450.jpg\" alt=\"\" width=\"450\" height=\"704\" srcset=\"https:\/\/www.rwg-bayreuth.de\/home\/wp-content\/uploads\/2017\/07\/Schlussfeier_Kriegsjahr_1915_450.jpg 450w, https:\/\/www.rwg-bayreuth.de\/home\/wp-content\/uploads\/2017\/07\/Schlussfeier_Kriegsjahr_1915_450-288x450.jpg 288w, https:\/\/www.rwg-bayreuth.de\/home\/wp-content\/uploads\/2017\/07\/Schlussfeier_Kriegsjahr_1915_450-250x391.jpg 250w\" sizes=\"(max-width: 450px) 100vw, 450px\" \/><\/a><p id=\"caption-attachment-16635\" class=\"wp-caption-text\">Programm einer &#8222;Schlu\u00dffeier&#8220; im Kriegsjahr 1915<\/p><\/div>\n<p>Perfide war jedoch der Aufruf zu einer Goldsammlung, der von Schulleiter Pauli unterzeichnet wurde und im Archiv der Schule aufbewahrt ist. Es handelte sich um das Schreiben &#8222;An die Schuljugend Deutschlands!&#8220;, in dem die Aktion &#8222;Sammelt Gold f\u00fcr die Reichsbank!&#8220; proklamiert wurde. Um den &#8222;Sieg&#8220; im Krieg zu sichern, sollte der &#8222;Kriegsschatz&#8220;, also der &#8222;Goldbestand der Reichsbank&#8220;, vergr\u00f6\u00dfert werden. Das Problem war jedoch, dass aus verst\u00e4ndlichen Gr\u00fcnden viele Eltern ihre Gold- und Silbertaler, die in Friedenszeiten als Zahlungsmittel gedient hatten, sorgf\u00e4ltig daheim verwahrten und partout nicht gegen das nun ausgegebene Papiergeld umtauschen wollten. (Des Endsieges so ganz sicher war man sich in diesen Jahren wie auch bei sp\u00e4terer Gelegenheit dann offenbar doch nicht.) Also sollten sich die Sch\u00fclerinnen und Sch\u00fcler aufmachen und daheim &#8222;inst\u00e4ndigst und unaufh\u00f6rlich&#8220; ihre Eltern, Gro\u00dfeltern und Verwandten anflehen, um sie zum Umtausch der M\u00fcnzen in die Geldscheine zu bewegen. Und sollte dieser Umtausch nicht so einfach m\u00f6glich sein, so h\u00e4tten die Sch\u00fcler auch die M\u00f6glichkeit das Edelmetall gleich mit den Unterricht zu bringen und bei den Lehrern abzuliefern, die sich dann um das Weitere k\u00fcmmern w\u00fcrden &#8230;<\/p>\n<div id=\"attachment_16639\" style=\"width: 460px\" class=\"wp-caption aligncenter\"><a href=\"https:\/\/www.rwg-bayreuth.de\/home\/wp-content\/uploads\/2017\/07\/Goldsammlung_Weltkrieg_450.jpg\"><img loading=\"lazy\" decoding=\"async\" aria-describedby=\"caption-attachment-16639\" class=\"size-full wp-image-16639\" src=\"https:\/\/www.rwg-bayreuth.de\/home\/wp-content\/uploads\/2017\/07\/Goldsammlung_Weltkrieg_450.jpg\" alt=\"\" width=\"450\" height=\"609\" srcset=\"https:\/\/www.rwg-bayreuth.de\/home\/wp-content\/uploads\/2017\/07\/Goldsammlung_Weltkrieg_450.jpg 450w, https:\/\/www.rwg-bayreuth.de\/home\/wp-content\/uploads\/2017\/07\/Goldsammlung_Weltkrieg_450-333x450.jpg 333w, https:\/\/www.rwg-bayreuth.de\/home\/wp-content\/uploads\/2017\/07\/Goldsammlung_Weltkrieg_450-250x338.jpg 250w\" sizes=\"(max-width: 450px) 100vw, 450px\" \/><\/a><p id=\"caption-attachment-16639\" class=\"wp-caption-text\">Aufruf zu einer &#8222;Goldsammlung&#8220; bei den Eltern im Ersten Weltkrieg<\/p><\/div>\n<p>Soviel selbstloser Einsatz blieb nicht ohne Anerkennung. Am 18. April 1918 wurde der Schule vom bayerischen K\u00f6nig ein &#8222;Ehrendiplom mit der Allerh\u00f6chsten Anerkennung f\u00fcr verdienstvolle Kriegsarbeit in der Heimat&#8220; \u00fcberstellt.<\/p>\n<div id=\"attachment_16641\" style=\"width: 460px\" class=\"wp-caption aligncenter\"><a href=\"https:\/\/www.rwg-bayreuth.de\/home\/wp-content\/uploads\/2017\/07\/Urkunde_Koenig_1918_450.jpg\"><img loading=\"lazy\" decoding=\"async\" aria-describedby=\"caption-attachment-16641\" class=\"size-full wp-image-16641\" src=\"https:\/\/www.rwg-bayreuth.de\/home\/wp-content\/uploads\/2017\/07\/Urkunde_Koenig_1918_450.jpg\" alt=\"\" width=\"450\" height=\"395\" srcset=\"https:\/\/www.rwg-bayreuth.de\/home\/wp-content\/uploads\/2017\/07\/Urkunde_Koenig_1918_450.jpg 450w, https:\/\/www.rwg-bayreuth.de\/home\/wp-content\/uploads\/2017\/07\/Urkunde_Koenig_1918_450-250x219.jpg 250w\" sizes=\"(max-width: 450px) 100vw, 450px\" \/><\/a><p id=\"caption-attachment-16641\" class=\"wp-caption-text\">Ehrenurkunde des bayerischen K\u00f6nigs 1918<\/p><\/div>\n<p>Ab 1916 wurde jedoch der Mangel an Lebensmitteln sp\u00fcrbar, aber noch im Hungerwinter 1917 konnte der Ern\u00e4hungszustand der meist privilegierten Sch\u00fclerinnen als &#8222;durchaus gut&#8220; bezeichnet werden. Aber die allgemeine Not nahm zu. 1917 musste dann in der Aula eine Brotausgabestelle eingerichtet werden, vor der sich die Menschen sammelten. So ging die &#8222;Gro\u00dfe Zeit, die sich dann als so klein herausstellte&#8220; (Karl Kraus), allm\u00e4hlich ihrem bitteren Ende entgegen.<\/p>\n<div id=\"attachment_16642\" style=\"width: 460px\" class=\"wp-caption aligncenter\"><a href=\"https:\/\/www.rwg-bayreuth.de\/home\/wp-content\/uploads\/2017\/07\/brotschlange_1917_450.jpg\"><img loading=\"lazy\" decoding=\"async\" aria-describedby=\"caption-attachment-16642\" class=\"size-full wp-image-16642\" src=\"https:\/\/www.rwg-bayreuth.de\/home\/wp-content\/uploads\/2017\/07\/brotschlange_1917_450.jpg\" alt=\"\" width=\"450\" height=\"264\" srcset=\"https:\/\/www.rwg-bayreuth.de\/home\/wp-content\/uploads\/2017\/07\/brotschlange_1917_450.jpg 450w, https:\/\/www.rwg-bayreuth.de\/home\/wp-content\/uploads\/2017\/07\/brotschlange_1917_450-250x147.jpg 250w\" sizes=\"(max-width: 450px) 100vw, 450px\" \/><\/a><p id=\"caption-attachment-16642\" class=\"wp-caption-text\">Brotschlange vor der Aula 1917<\/p><\/div>\n","protected":false},"excerpt":{"rendered":"<p>Am 1. August 1914 brach schlie\u00dflich nach langen Wochen der Ungewissheit der Krieg aus. Sp\u00e4ter wurde er der &#8222;Weltkrieg&#8220; genannt, noch sp\u00e4ter musste er dann als &#8222;Erster Weltkrieg&#8220; verbucht werden. Die aus heutiger Sicht nicht mehr nachvollziehbare Kriegsbegeisterung und die Euphorie des &#8222;Augusterlebnisses&#8220; erfassten auch Bayreuth und die Lehrer- und Sch\u00fclerschaft der H\u00f6heren M\u00e4dchenschule. Man&hellip;<\/p>\n","protected":false},"author":1,"featured_media":0,"comment_status":"closed","ping_status":"closed","sticky":false,"template":"","format":"standard","meta":{"footnotes":""},"categories":[32],"tags":[],"_links":{"self":[{"href":"https:\/\/www.rwg-bayreuth.de\/home\/index.php?rest_route=\/wp\/v2\/posts\/16622"}],"collection":[{"href":"https:\/\/www.rwg-bayreuth.de\/home\/index.php?rest_route=\/wp\/v2\/posts"}],"about":[{"href":"https:\/\/www.rwg-bayreuth.de\/home\/index.php?rest_route=\/wp\/v2\/types\/post"}],"author":[{"embeddable":true,"href":"https:\/\/www.rwg-bayreuth.de\/home\/index.php?rest_route=\/wp\/v2\/users\/1"}],"replies":[{"embeddable":true,"href":"https:\/\/www.rwg-bayreuth.de\/home\/index.php?rest_route=%2Fwp%2Fv2%2Fcomments&post=16622"}],"version-history":[{"count":32,"href":"https:\/\/www.rwg-bayreuth.de\/home\/index.php?rest_route=\/wp\/v2\/posts\/16622\/revisions"}],"predecessor-version":[{"id":16714,"href":"https:\/\/www.rwg-bayreuth.de\/home\/index.php?rest_route=\/wp\/v2\/posts\/16622\/revisions\/16714"}],"wp:attachment":[{"href":"https:\/\/www.rwg-bayreuth.de\/home\/index.php?rest_route=%2Fwp%2Fv2%2Fmedia&parent=16622"}],"wp:term":[{"taxonomy":"category","embeddable":true,"href":"https:\/\/www.rwg-bayreuth.de\/home\/index.php?rest_route=%2Fwp%2Fv2%2Fcategories&post=16622"},{"taxonomy":"post_tag","embeddable":true,"href":"https:\/\/www.rwg-bayreuth.de\/home\/index.php?rest_route=%2Fwp%2Fv2%2Ftags&post=16622"}],"curies":[{"name":"wp","href":"https:\/\/api.w.org\/{rel}","templated":true}]}}