{"id":16513,"date":"2017-07-15T10:21:33","date_gmt":"2017-07-15T08:21:33","guid":{"rendered":"http:\/\/www.rwg-bayreuth.de\/home\/?p=16513"},"modified":"2017-07-16T07:54:00","modified_gmt":"2017-07-16T05:54:00","slug":"sieger-beim-europaeischen-kunstwettbewerb","status":"publish","type":"post","link":"https:\/\/www.rwg-bayreuth.de\/home\/?p=16513","title":{"rendered":"Sieger beim europ\u00e4ischen Kunstwettbewerb"},"content":{"rendered":"<div id=\"attachment_16515\" style=\"width: 460px\" class=\"wp-caption aligncenter\"><a href=\"https:\/\/www.rwg-bayreuth.de\/home\/wp-content\/uploads\/2017\/07\/16-17-Europ-Wettbewerb-Gruppe-450.jpg\"><img loading=\"lazy\" decoding=\"async\" aria-describedby=\"caption-attachment-16515\" src=\"https:\/\/www.rwg-bayreuth.de\/home\/wp-content\/uploads\/2017\/07\/16-17-Europ-Wettbewerb-Gruppe-450-450x299.jpg\" alt=\"\" width=\"450\" height=\"299\" class=\"size-medium wp-image-16515\" srcset=\"https:\/\/www.rwg-bayreuth.de\/home\/wp-content\/uploads\/2017\/07\/16-17-Europ-Wettbewerb-Gruppe-450.jpg 450w, https:\/\/www.rwg-bayreuth.de\/home\/wp-content\/uploads\/2017\/07\/16-17-Europ-Wettbewerb-Gruppe-450-250x166.jpg 250w\" sizes=\"(max-width: 450px) 100vw, 450px\" \/><\/a><p id=\"caption-attachment-16515\" class=\"wp-caption-text\">Kunst wird am RWG gro\u00dfgeschrieben.<\/p><\/div>\n<p>Beim 64. Europ\u00e4ischen Wettbewerb 2017 konnten von den 23.003 in Bayern teilnehmenden Sch\u00fclern 14 Sch\u00fcler und Sch\u00fclerinnen unserer Schule einen Sieg davontragen. In der letzten Kunstpause des Schuljahres wurden die offiziellen Urkunden und die Geschenke den Siegerinnen und Siegern im  Rahmen einer feierlichen Veranstaltung \u00fcberreicht.<\/p>\n<p>Frau Graf betonte dabei die Wichtigkeit der kreativen Auseinandersetzung mit aktuellen politischen Themen und freute sich \u00fcber die vielen sch\u00f6nen Arbeiten, die im Rahmen der Aufgabenstellungen gestaltet wurden.<\/p>\n<p>Von den 76 eingereichten Bildern wurden f\u00fcr den bayerischen Landespreis Luisa Rie\u00df und Allesandro Danner aus der Klasse 6c nominiert. Beide hatten europ\u00e4ische Sagengestalten in die heutige Zeit versetzt. Der 64. Europ\u00e4ische Wettbewerb 2017 schickte unsere Sch\u00fclerinnen und Sch\u00fcler auf Spurensuche nach Europas reichen Kultursch\u00e4tzen und ermutigte sie, die kulturelle Vielfalt Europas selbstst\u00e4ndig zu erforschen. So konnte Kira Scheiding aus der 6b sich mit dem Thema \u201eMusik verbindet\u201c anhand von Smetanas \u201eDie Moldau\u201c zu einer gemalten Musikszene anregen lassen. Leonie Thiele aus der 5a interpretierte das Werk von Vivaldi \u201e Die vier Jahreszeiten\u201c auf ihre eigene Weise um. Leah Sophie Opel aus der 8b, Emely Richter aus der 8d sowie Jana Dimitrova und Marie Leonhardt aus der 8e lie\u00dfen sich in das Jahr 2007 \u201ebeamen\u201c- ein Begriff, den wir aus der Verfilmung von \u201eStarwars\u201c kennen. Die Sch\u00fclerinnen zeigen in Ihren bildnerischen Arbeiten die Ver\u00e4nderungen in Technik, Gesellschaft, Sprache, Mode, Architektur, Musik, Malerei und bei Br\u00e4uchen auf.<\/p>\n<p>Weitergereicht zur Bundesjury wurden die Arbeiten von Jennifer Honstein und Marie Kleineidam aus der 7c, beide Sch\u00fclerinnen wurden bereits zum dritten Mal auf dieser Ebene nominiert. Auch Antonia Hirsch und Frederike M\u00fcnch aus der 8d wurden zur Bundesjury weitergereicht. Nicole Ognev aus der 6b hat auf Bundesebene einen Preis erhalten, sie darf ein \u201eZeit Leo\u201c\u2013Abonnement f\u00fcr 12 Monate lesen.<\/p>\n<p>Herzlichen Gl\u00fcckwunsch!<\/p>\n<p><em>Gerdes<\/em><\/p>\n","protected":false},"excerpt":{"rendered":"<p>Beim 64. Europ\u00e4ischen Wettbewerb 2017 konnten von den 23.003 in Bayern teilnehmenden Sch\u00fclern 14 Sch\u00fcler und Sch\u00fclerinnen unserer Schule einen Sieg davontragen. In der letzten Kunstpause des Schuljahres wurden die offiziellen Urkunden und die Geschenke den Siegerinnen und Siegern im Rahmen einer feierlichen Veranstaltung \u00fcberreicht. Frau Graf betonte dabei die Wichtigkeit der kreativen Auseinandersetzung mit&hellip;<\/p>\n","protected":false},"author":2,"featured_media":16515,"comment_status":"closed","ping_status":"closed","sticky":false,"template":"","format":"standard","meta":{"footnotes":""},"categories":[1],"tags":[51,41],"_links":{"self":[{"href":"https:\/\/www.rwg-bayreuth.de\/home\/index.php?rest_route=\/wp\/v2\/posts\/16513"}],"collection":[{"href":"https:\/\/www.rwg-bayreuth.de\/home\/index.php?rest_route=\/wp\/v2\/posts"}],"about":[{"href":"https:\/\/www.rwg-bayreuth.de\/home\/index.php?rest_route=\/wp\/v2\/types\/post"}],"author":[{"embeddable":true,"href":"https:\/\/www.rwg-bayreuth.de\/home\/index.php?rest_route=\/wp\/v2\/users\/2"}],"replies":[{"embeddable":true,"href":"https:\/\/www.rwg-bayreuth.de\/home\/index.php?rest_route=%2Fwp%2Fv2%2Fcomments&post=16513"}],"version-history":[{"count":1,"href":"https:\/\/www.rwg-bayreuth.de\/home\/index.php?rest_route=\/wp\/v2\/posts\/16513\/revisions"}],"predecessor-version":[{"id":16517,"href":"https:\/\/www.rwg-bayreuth.de\/home\/index.php?rest_route=\/wp\/v2\/posts\/16513\/revisions\/16517"}],"wp:featuredmedia":[{"embeddable":true,"href":"https:\/\/www.rwg-bayreuth.de\/home\/index.php?rest_route=\/wp\/v2\/media\/16515"}],"wp:attachment":[{"href":"https:\/\/www.rwg-bayreuth.de\/home\/index.php?rest_route=%2Fwp%2Fv2%2Fmedia&parent=16513"}],"wp:term":[{"taxonomy":"category","embeddable":true,"href":"https:\/\/www.rwg-bayreuth.de\/home\/index.php?rest_route=%2Fwp%2Fv2%2Fcategories&post=16513"},{"taxonomy":"post_tag","embeddable":true,"href":"https:\/\/www.rwg-bayreuth.de\/home\/index.php?rest_route=%2Fwp%2Fv2%2Ftags&post=16513"}],"curies":[{"name":"wp","href":"https:\/\/api.w.org\/{rel}","templated":true}]}}