{"id":16430,"date":"2017-07-07T07:19:02","date_gmt":"2017-07-07T05:19:02","guid":{"rendered":"http:\/\/www.rwg-bayreuth.de\/home\/?p=16430"},"modified":"2019-05-21T21:46:33","modified_gmt":"2019-05-21T19:46:33","slug":"sprachtalente-des-rwg","status":"publish","type":"post","link":"https:\/\/www.rwg-bayreuth.de\/home\/?p=16430","title":{"rendered":"Sprachtalente des RWG"},"content":{"rendered":"<div id=\"attachment_16432\" style=\"width: 460px\" class=\"wp-caption aligncenter\"><a href=\"https:\/\/www.rwg-bayreuth.de\/home\/wp-content\/uploads\/2017\/07\/16-17-Bundeswettbewerb-FS-450.jpg\"><img loading=\"lazy\" decoding=\"async\" aria-describedby=\"caption-attachment-16432\" src=\"https:\/\/www.rwg-bayreuth.de\/home\/wp-content\/uploads\/2017\/07\/16-17-Bundeswettbewerb-FS-450.jpg\" alt=\"\" width=\"450\" height=\"314\" class=\"size-full wp-image-16432\" srcset=\"https:\/\/www.rwg-bayreuth.de\/home\/wp-content\/uploads\/2017\/07\/16-17-Bundeswettbewerb-FS-450.jpg 450w, https:\/\/www.rwg-bayreuth.de\/home\/wp-content\/uploads\/2017\/07\/16-17-Bundeswettbewerb-FS-450-250x174.jpg 250w\" sizes=\"(max-width: 450px) 100vw, 450px\" \/><\/a><p id=\"caption-attachment-16432\" class=\"wp-caption-text\">Frau Rupp (links), die Betreuerin des Wettbewerbs, und Schulleiterin Ursula Graf (rechts) freuten sich \u00fcber die Sprachtalente.<\/p><\/div>\n<p>Was w\u00e4re der Bundeswettbewerb Fremdsprachen ohne freiwillige Teilnehmer des RWG? Er w\u00e4re auf jeden Fall um einige Sprachtalente \u00e4rmer, zeigten unsere Sch\u00fcler doch auch dieses Jahr wieder tolle Leistungen.<\/p>\n<p>Spa\u00df, Motivation, Herausforderung und das Gef\u00fchl etwas geschafft zu haben \u2013 all das ist Teil des SOLO-Wettbewerbs, an dem unsere Sch\u00fclerinnen Anna Wunderlich (10c, Englisch), Franziska Fischer (9b, Spanisch), Hannah Stadter (10b, Latein) und Luca Ossendorf (9b, Italienisch) erfolgreich teilgenommen haben. Dabei mussten sie zun\u00e4chst eine Hausaufgabe anfertigen, die darin bestand, sich zu einem Text sowie einem Sprechimpuls (z. B. ein Bild oder ein Comic), eine kleine Geschichte oder einen Dialog auszudenken und diesen auf einen Tontr\u00e4ger zu sprechen. Am Klausuren-Tag im Januar fanden dann die schriftlichen Pr\u00fcfungen statt, in denen es auf Ausdrucksf\u00e4higkeit, Grammatik und Vokabelwissen ankam, aber auch auf sprachliche Kreativit\u00e4t und Lust, etwas \u00fcber andere L\u00e4nder und Kulturen zu erfahren. Allen Teilnehmerinnen an dieser Stelle noch einmal herzlichen Gl\u00fcckwunsch und h\u00f6chste Anerkennung f\u00fcr Ihre Leistungen in diesem anspruchsvollen Wettbewerb.<\/p>\n<p>Dar\u00fcber hinaus engagierte sich Fabian Lucas (Q11) im Wettbewerb SOLO PLUS f\u00fcr Oberstufensch\u00fcler und konnte nach seinem 2. bayerischen Landespreis in Latein im vorletzten Jahr nun erneut einen tollen Erfolg verbuchen: er hat sich als einer von insgesamt 49 Sch\u00fclerInnen f\u00fcr die viert\u00e4gige Finalrunde im September qualifiziert und damit 184 anderen TeilnehmerInnen das Nachsehen gegeben. Nachdem in der zweiten Wettbewerbsrunde noch schriftliche Aufgaben im Fokus standen, geht es im Finale darum, in mehrsprachigen Diskussionsrunden sowie Einzelpr\u00fcfungen, in die jeweils bis zu vier Fremdsprachen eingebracht werden k\u00f6nnen, m\u00fcndlich zu anspruchsvollen Themen zu brillieren. Fachwissen und Diskussionsverhalten spielen also ebenfalls eine wichtige Rolle. Fabian wird sich dieser Herausforderung in den Sprachen Latein, Englisch und Spanisch stellen. Die Sch\u00fcler und Lehrer des RWG dr\u00fccken ihm fest die Daumen!<\/p>\n<p>Wer nun eventuell auch Lust bekommen hat, am Wettbewerb teilzunehmen: die Anmeldung f\u00fcr 2018 ist ab Anfang Juni bis zum 6. Oktober 2017 online m\u00f6glich. Sprecht einfach euren Fremdsprachenlehrer oder mich darauf an &#8211; wir freuen uns \u00fcber zahlreiche Teilnehmer!<\/p>\n<p><em>Annika Rupp<\/em><\/p>\n","protected":false},"excerpt":{"rendered":"<p>Was w\u00e4re der Bundeswettbewerb Fremdsprachen ohne freiwillige Teilnehmer des RWG? Er w\u00e4re auf jeden Fall um einige Sprachtalente \u00e4rmer, zeigten unsere Sch\u00fcler doch auch dieses Jahr wieder tolle Leistungen. Spa\u00df, Motivation, Herausforderung und das Gef\u00fchl etwas geschafft zu haben \u2013 all das ist Teil des SOLO-Wettbewerbs, an dem unsere Sch\u00fclerinnen Anna Wunderlich (10c, Englisch), Franziska&hellip;<\/p>\n","protected":false},"author":2,"featured_media":16432,"comment_status":"closed","ping_status":"closed","sticky":false,"template":"","format":"standard","meta":{"footnotes":""},"categories":[1],"tags":[88,60,51,69,67,97],"_links":{"self":[{"href":"https:\/\/www.rwg-bayreuth.de\/home\/index.php?rest_route=\/wp\/v2\/posts\/16430"}],"collection":[{"href":"https:\/\/www.rwg-bayreuth.de\/home\/index.php?rest_route=\/wp\/v2\/posts"}],"about":[{"href":"https:\/\/www.rwg-bayreuth.de\/home\/index.php?rest_route=\/wp\/v2\/types\/post"}],"author":[{"embeddable":true,"href":"https:\/\/www.rwg-bayreuth.de\/home\/index.php?rest_route=\/wp\/v2\/users\/2"}],"replies":[{"embeddable":true,"href":"https:\/\/www.rwg-bayreuth.de\/home\/index.php?rest_route=%2Fwp%2Fv2%2Fcomments&post=16430"}],"version-history":[{"count":1,"href":"https:\/\/www.rwg-bayreuth.de\/home\/index.php?rest_route=\/wp\/v2\/posts\/16430\/revisions"}],"predecessor-version":[{"id":16433,"href":"https:\/\/www.rwg-bayreuth.de\/home\/index.php?rest_route=\/wp\/v2\/posts\/16430\/revisions\/16433"}],"wp:featuredmedia":[{"embeddable":true,"href":"https:\/\/www.rwg-bayreuth.de\/home\/index.php?rest_route=\/wp\/v2\/media\/16432"}],"wp:attachment":[{"href":"https:\/\/www.rwg-bayreuth.de\/home\/index.php?rest_route=%2Fwp%2Fv2%2Fmedia&parent=16430"}],"wp:term":[{"taxonomy":"category","embeddable":true,"href":"https:\/\/www.rwg-bayreuth.de\/home\/index.php?rest_route=%2Fwp%2Fv2%2Fcategories&post=16430"},{"taxonomy":"post_tag","embeddable":true,"href":"https:\/\/www.rwg-bayreuth.de\/home\/index.php?rest_route=%2Fwp%2Fv2%2Ftags&post=16430"}],"curies":[{"name":"wp","href":"https:\/\/api.w.org\/{rel}","templated":true}]}}