{"id":15836,"date":"2017-05-31T15:00:23","date_gmt":"2017-05-31T13:00:23","guid":{"rendered":"http:\/\/www.rwg-bayreuth.de\/home\/?p=15836"},"modified":"2017-05-31T15:05:06","modified_gmt":"2017-05-31T13:05:06","slug":"infotag-eine-welt-im-landtag-am-18-mai-2017","status":"publish","type":"post","link":"https:\/\/www.rwg-bayreuth.de\/home\/?p=15836","title":{"rendered":"Infotag \u201eEine Welt\u201c im Landtag am 18. Mai 2017"},"content":{"rendered":"<div id=\"attachment_15839\" style=\"width: 460px\" class=\"wp-caption aligncenter\"><a href=\"https:\/\/www.rwg-bayreuth.de\/home\/wp-content\/uploads\/2017\/05\/2017Landtag1.jpg\"><img loading=\"lazy\" decoding=\"async\" aria-describedby=\"caption-attachment-15839\" class=\"size-medium wp-image-15839\" src=\"https:\/\/www.rwg-bayreuth.de\/home\/wp-content\/uploads\/2017\/05\/2017Landtag1-450x300.jpg\" alt=\"\" width=\"450\" height=\"300\" srcset=\"https:\/\/www.rwg-bayreuth.de\/home\/wp-content\/uploads\/2017\/05\/2017Landtag1-450x300.jpg 450w, https:\/\/www.rwg-bayreuth.de\/home\/wp-content\/uploads\/2017\/05\/2017Landtag1-250x167.jpg 250w, https:\/\/www.rwg-bayreuth.de\/home\/wp-content\/uploads\/2017\/05\/2017Landtag1.jpg 567w\" sizes=\"(max-width: 450px) 100vw, 450px\" \/><\/a><p id=\"caption-attachment-15839\" class=\"wp-caption-text\">Foto: &#8222;Eine Welt Netzwerk Bayern e.V. \/ Schurse&#8220;<\/p><\/div>\n<p>Die Globalisierung ein St\u00fcck gerechter gestalten \u2013 f\u00fcr dieses Ziel setzen sich kirchliche und nichtkirchliche \u201eEine Welt-Initiativen\u201c gemeinsam ein. In Bayern sind mittlerweile 161 Mitgliedsgruppen aktiv und im Dachverband \u201eEine Welt Netzwerk Bayern e.V.\u201c zusammengeschlossen, pro-A-kids e.V. ist seit 2012 Mitglied im Dachverband. Bei einem Infotag im Landtag stellten wir unsere Ideen vor und suchten dazu den Gedankenaustausch mit Abgeordneten und Regierungsvertretern. Auch Ministerpr\u00e4sident Horst Seehofer nahm sich die Zeit f\u00fcr Gespr\u00e4che mit den Akteuren.<\/p>\n<p>Mit dabei in M\u00fcnchen waren auch Timm Pastner und Louis Forster vom Richard Wagner Gymnasium in Bayreuth, die den Erl\u00f6s einer Sch\u00fclerfirma f\u00fcr unseren Verein gespendet hatten.<\/p>\n<p>Zw\u00f6lf Sch\u00fcler der Q12 hatten hierf\u00fcr im Februar 2016 das Unternehmen BastelSchere gegr\u00fcndet und ein Jahr lang Bastelworkshops f\u00fcr Grundsch\u00fcler angeboten. Bei der Unternehmensgr\u00fcndung durften die Jungunternehmer Wirtschaft in der Praxis erleben. Von der Namensfindung, Logogestaltung \u00fcber das Marketing und die Buchf\u00fchrung bis hin zur Hauptversammlung musste alles umgesetzt werden. Durch die Unternehmensgr\u00fcndung konnten auch das Arbeiten im Team, die F\u00f6rderung der Selbstst\u00e4ndigkeit, aber auch Organisationsgeschick und Kommunikationsf\u00e4higkeit gest\u00e4rkt werden. Die Abiturienten lassen nun die Schulzeit mit neuen wirtschaftlichen Einblicken und einem Mehrwert an gewonnen Kompetenzen hinter sich.<\/p>\n<p><a href=\"https:\/\/www.rwg-bayreuth.de\/home\/wp-content\/uploads\/2017\/05\/2017Landtag2.jpg\"><img loading=\"lazy\" decoding=\"async\" class=\"alignright size-medium wp-image-15837\" src=\"https:\/\/www.rwg-bayreuth.de\/home\/wp-content\/uploads\/2017\/05\/2017Landtag2-450x276.jpg\" alt=\"\" width=\"450\" height=\"276\" srcset=\"https:\/\/www.rwg-bayreuth.de\/home\/wp-content\/uploads\/2017\/05\/2017Landtag2-450x276.jpg 450w, https:\/\/www.rwg-bayreuth.de\/home\/wp-content\/uploads\/2017\/05\/2017Landtag2-768x471.jpg 768w, https:\/\/www.rwg-bayreuth.de\/home\/wp-content\/uploads\/2017\/05\/2017Landtag2-250x153.jpg 250w, https:\/\/www.rwg-bayreuth.de\/home\/wp-content\/uploads\/2017\/05\/2017Landtag2.jpg 900w\" sizes=\"(max-width: 450px) 100vw, 450px\" \/><\/a><\/p>\n<p>Nach Aufl\u00f6sung des Unternehmens wurde die Frage diskutiert, wie der erwirtschaftete Gewinn verwendet werden soll. Den Sch\u00fclern war es wichtig, dass das Geld aus einem Sch\u00fclerunternehmen<br \/>\neinem p\u00e4dagogischen Zweck dienen soll. Unter dem Motto \u201eSch\u00fcler spenden f\u00fcr Sch\u00fcler\u201c war die L\u00f6sung schnell gefunden.<\/p>\n<p>Der Gewinn von 660 Euro ging an unseren Verein. Mit der Spende wird ein Nachhilfelehrer finanziert werden, um die erheblichen Leistungsdefizite von Sch\u00fclern, die aus finanziell schlechten Verh\u00e4ltnissen stammen, in Mathe, Physik, Chemie und Biologie aufzuholen. Durch die ungew\u00f6hnlich enge Betreuung k\u00f6nnen besonders schnelle Fortschritte erzielt werden und die Kinder erhalten die Chance, auch im Klassenverband wieder mithalten zu k\u00f6nnen. Aus diesem Grund \u00fcberreichte die Chefin des Sch\u00fclerunternehmens BastelSchere, Katja Wild, gemeinsam mit ihren Mitarbeitern, der betreuenden Lehrerin, Frau Schmidt und dem stellvertretenden Schulleiter, Herrn Weber, den Gewinn an Frau B\u00e4r, der Schatzmeisterin von pro-A-kids e.V<br \/>\n<a href=\"https:\/\/www.rwg-bayreuth.de\/home\/wp-content\/uploads\/2017\/05\/2017Landtag3.jpg\"><img loading=\"lazy\" decoding=\"async\" class=\"aligncenter size-medium wp-image-15838\" src=\"https:\/\/www.rwg-bayreuth.de\/home\/wp-content\/uploads\/2017\/05\/2017Landtag3-450x253.jpg\" alt=\"\" width=\"450\" height=\"253\" srcset=\"https:\/\/www.rwg-bayreuth.de\/home\/wp-content\/uploads\/2017\/05\/2017Landtag3-450x253.jpg 450w, https:\/\/www.rwg-bayreuth.de\/home\/wp-content\/uploads\/2017\/05\/2017Landtag3-768x432.jpg 768w, https:\/\/www.rwg-bayreuth.de\/home\/wp-content\/uploads\/2017\/05\/2017Landtag3-250x141.jpg 250w, https:\/\/www.rwg-bayreuth.de\/home\/wp-content\/uploads\/2017\/05\/2017Landtag3-800x450.jpg 800w, https:\/\/www.rwg-bayreuth.de\/home\/wp-content\/uploads\/2017\/05\/2017Landtag3.jpg 900w\" sizes=\"(max-width: 450px) 100vw, 450px\" \/><\/a><\/p>\n","protected":false},"excerpt":{"rendered":"<p>Die Globalisierung ein St\u00fcck gerechter gestalten \u2013 f\u00fcr dieses Ziel setzen sich kirchliche und nichtkirchliche \u201eEine Welt-Initiativen\u201c gemeinsam ein. In Bayern sind mittlerweile 161 Mitgliedsgruppen aktiv und im Dachverband \u201eEine Welt Netzwerk Bayern e.V.\u201c zusammengeschlossen, pro-A-kids e.V. ist seit 2012 Mitglied im Dachverband. Bei einem Infotag im Landtag stellten wir unsere Ideen vor und suchten&hellip;<\/p>\n","protected":false},"author":11,"featured_media":15839,"comment_status":"closed","ping_status":"closed","sticky":false,"template":"","format":"standard","meta":{"footnotes":""},"categories":[1],"tags":[51,64,53],"_links":{"self":[{"href":"https:\/\/www.rwg-bayreuth.de\/home\/index.php?rest_route=\/wp\/v2\/posts\/15836"}],"collection":[{"href":"https:\/\/www.rwg-bayreuth.de\/home\/index.php?rest_route=\/wp\/v2\/posts"}],"about":[{"href":"https:\/\/www.rwg-bayreuth.de\/home\/index.php?rest_route=\/wp\/v2\/types\/post"}],"author":[{"embeddable":true,"href":"https:\/\/www.rwg-bayreuth.de\/home\/index.php?rest_route=\/wp\/v2\/users\/11"}],"replies":[{"embeddable":true,"href":"https:\/\/www.rwg-bayreuth.de\/home\/index.php?rest_route=%2Fwp%2Fv2%2Fcomments&post=15836"}],"version-history":[{"count":1,"href":"https:\/\/www.rwg-bayreuth.de\/home\/index.php?rest_route=\/wp\/v2\/posts\/15836\/revisions"}],"predecessor-version":[{"id":15840,"href":"https:\/\/www.rwg-bayreuth.de\/home\/index.php?rest_route=\/wp\/v2\/posts\/15836\/revisions\/15840"}],"wp:featuredmedia":[{"embeddable":true,"href":"https:\/\/www.rwg-bayreuth.de\/home\/index.php?rest_route=\/wp\/v2\/media\/15839"}],"wp:attachment":[{"href":"https:\/\/www.rwg-bayreuth.de\/home\/index.php?rest_route=%2Fwp%2Fv2%2Fmedia&parent=15836"}],"wp:term":[{"taxonomy":"category","embeddable":true,"href":"https:\/\/www.rwg-bayreuth.de\/home\/index.php?rest_route=%2Fwp%2Fv2%2Fcategories&post=15836"},{"taxonomy":"post_tag","embeddable":true,"href":"https:\/\/www.rwg-bayreuth.de\/home\/index.php?rest_route=%2Fwp%2Fv2%2Ftags&post=15836"}],"curies":[{"name":"wp","href":"https:\/\/api.w.org\/{rel}","templated":true}]}}