{"id":15582,"date":"2017-05-09T16:17:30","date_gmt":"2017-05-09T14:17:30","guid":{"rendered":"http:\/\/www.rwg-bayreuth.de\/home\/?p=15582"},"modified":"2017-05-09T17:31:03","modified_gmt":"2017-05-09T15:31:03","slug":"buchpaten-fuer-die-neuen-fuenftklaessler","status":"publish","type":"post","link":"https:\/\/www.rwg-bayreuth.de\/home\/?p=15582","title":{"rendered":"Buchpaten f\u00fcr die neuen F\u00fcnftkl\u00e4ssler"},"content":{"rendered":"<div id=\"attachment_15583\" style=\"width: 460px\" class=\"wp-caption aligncenter\"><a href=\"https:\/\/www.rwg-bayreuth.de\/home\/wp-content\/uploads\/2017\/05\/16-17-Buchpaten-450.jpg\"><img loading=\"lazy\" decoding=\"async\" aria-describedby=\"caption-attachment-15583\" src=\"https:\/\/www.rwg-bayreuth.de\/home\/wp-content\/uploads\/2017\/05\/16-17-Buchpaten-450.jpg\" alt=\"\" width=\"450\" height=\"299\" class=\"size-full wp-image-15583\" srcset=\"https:\/\/www.rwg-bayreuth.de\/home\/wp-content\/uploads\/2017\/05\/16-17-Buchpaten-450.jpg 450w, https:\/\/www.rwg-bayreuth.de\/home\/wp-content\/uploads\/2017\/05\/16-17-Buchpaten-450-250x166.jpg 250w\" sizes=\"(max-width: 450px) 100vw, 450px\" \/><\/a><p id=\"caption-attachment-15583\" class=\"wp-caption-text\">Im Lesenden Klassenzimmer suchten die Buchpaten nach Lesestoff.<\/p><\/div>\n<p>W\u00e4hrend in dieser Woche die Anmeldung f\u00fcr die neuen F\u00fcnftkl\u00e4ssler am Gymnasium l\u00e4uft, arbeiten Sch\u00fcler\/innen der Klasse 5c bereits jetzt eifrig an Leseempfehlungen f\u00fcr die Neuank\u00f6mmlinge am RWG im n\u00e4chsten Schuljahr.<\/p>\n<p>Die Idee entstand innerhalb des Deutschunterrichts im Zusammenhang mit dem Welttag des Buches, der seit 1995 durch Festlegung der UNESCO allj\u00e4hrlich am 23. April gefeiert wird. Seinen Ursprung hat der Feiertag f\u00fcr das Buch in einer katalanischen Tradition, wonach sich die Menschen zum Namenstag des Volksheiligen Sant Jordi (Sankt Georg) zun\u00e4chst Rosen und sp\u00e4ter auch B\u00fccher verschenkten. Die UNESCO m\u00f6chte mit dem Welttag des Buches und den damit verbundenen weltweiten Aktivit\u00e4ten Buch und Lesen f\u00f6rdern. <\/p>\n<p>Die F\u00fcnftkl\u00e4ssler sind nun ebenfalls dabei, eine Buchempfehlung f\u00fcr unsere k\u00fcnftigen neuen Gymnasiasten auszusprechen: Sie wollen zu diesem Zweck eine Art bunten Klappentext ihres Lieblingsbuches gestalten, der sich wortw\u00f6rtlich aufklappen l\u00e4sst und zum Weiterlesen anregt&#8230; Wer die Aktion &#8218;Ich schenk&#8216; dir eine Geschichte&#8216; des deutschen Buchhandels kennt, kann vom Grundprinzip sicherlich einige \u00c4hnlichkeiten erkennen. <\/p>\n<p>Doch die Sch\u00fcler\/innen bieten weit mehr \u2013 sie werden zu sog. Buchpaten f\u00fcr die (Noch-)Grundsch\u00fcler\/innen! \u00c4hnlich wie es im Privaten die Patentante und den Patenonkel f\u00fcr die kleine Nichte bzw. den Neffen gibt, findet so im Idealfall jeder neue F\u00fcnftkl\u00e4ssler einen schon etwas &#8218;routinierteren&#8216; Sechstkl\u00e4ssler, der mit Rat und Tat in Sachen der Buchlekt\u00fcre zur Seite stehen kann \u2013 und vielleicht bleibt es ja nicht nur beim Thema lesen? Jedenfalls w\u00e4re somit schon einmal eine erste gemeinsame Grundlage geschaffen und der \u00dcbergang von der Grundschule zum Gymnasium auch von fachlicher Seite des Deutschunterrichts erleichtert. Zudem sollen auch gemeinsame Lesetreffen der &#8218;Patenklasse&#8216; mit den neuen F\u00fcnftkl\u00e4sslern organisiert werden, um nicht nur zusammen Spa\u00df am Lesen zu haben, sondern auch, um die Gemeinschaft zu st\u00e4rken.<\/p>\n<p>Die Sch\u00fcler\/innen der Klasse 5c freuen sich zusammen mit ihrer Klassenleiterin und Deutschlehrerin Frau Track schon auf viele neugierige Viertkl\u00e4ssler\/innen! <\/p>\n","protected":false},"excerpt":{"rendered":"<p>W\u00e4hrend in dieser Woche die Anmeldung f\u00fcr die neuen F\u00fcnftkl\u00e4ssler am Gymnasium l\u00e4uft, arbeiten Sch\u00fcler\/innen der Klasse 5c bereits jetzt eifrig an Leseempfehlungen f\u00fcr die Neuank\u00f6mmlinge am RWG im n\u00e4chsten Schuljahr. Die Idee entstand innerhalb des Deutschunterrichts im Zusammenhang mit dem Welttag des Buches, der seit 1995 durch Festlegung der UNESCO allj\u00e4hrlich am 23. April&hellip;<\/p>\n","protected":false},"author":1,"featured_media":15583,"comment_status":"closed","ping_status":"closed","sticky":false,"template":"","format":"standard","meta":{"footnotes":""},"categories":[1],"tags":[47,59,51],"_links":{"self":[{"href":"https:\/\/www.rwg-bayreuth.de\/home\/index.php?rest_route=\/wp\/v2\/posts\/15582"}],"collection":[{"href":"https:\/\/www.rwg-bayreuth.de\/home\/index.php?rest_route=\/wp\/v2\/posts"}],"about":[{"href":"https:\/\/www.rwg-bayreuth.de\/home\/index.php?rest_route=\/wp\/v2\/types\/post"}],"author":[{"embeddable":true,"href":"https:\/\/www.rwg-bayreuth.de\/home\/index.php?rest_route=\/wp\/v2\/users\/1"}],"replies":[{"embeddable":true,"href":"https:\/\/www.rwg-bayreuth.de\/home\/index.php?rest_route=%2Fwp%2Fv2%2Fcomments&post=15582"}],"version-history":[{"count":3,"href":"https:\/\/www.rwg-bayreuth.de\/home\/index.php?rest_route=\/wp\/v2\/posts\/15582\/revisions"}],"predecessor-version":[{"id":15588,"href":"https:\/\/www.rwg-bayreuth.de\/home\/index.php?rest_route=\/wp\/v2\/posts\/15582\/revisions\/15588"}],"wp:featuredmedia":[{"embeddable":true,"href":"https:\/\/www.rwg-bayreuth.de\/home\/index.php?rest_route=\/wp\/v2\/media\/15583"}],"wp:attachment":[{"href":"https:\/\/www.rwg-bayreuth.de\/home\/index.php?rest_route=%2Fwp%2Fv2%2Fmedia&parent=15582"}],"wp:term":[{"taxonomy":"category","embeddable":true,"href":"https:\/\/www.rwg-bayreuth.de\/home\/index.php?rest_route=%2Fwp%2Fv2%2Fcategories&post=15582"},{"taxonomy":"post_tag","embeddable":true,"href":"https:\/\/www.rwg-bayreuth.de\/home\/index.php?rest_route=%2Fwp%2Fv2%2Ftags&post=15582"}],"curies":[{"name":"wp","href":"https:\/\/api.w.org\/{rel}","templated":true}]}}