{"id":15550,"date":"2017-05-04T19:48:43","date_gmt":"2017-05-04T17:48:43","guid":{"rendered":"http:\/\/www.rwg-bayreuth.de\/home\/?p=15550"},"modified":"2017-10-16T15:58:40","modified_gmt":"2017-10-16T13:58:40","slug":"ein-grosses-konzert-mit-grossem-finale","status":"publish","type":"post","link":"https:\/\/www.rwg-bayreuth.de\/home\/?p=15550","title":{"rendered":"Ein gro\u00dfes Konzert mit gro\u00dfem Finale"},"content":{"rendered":"<div id=\"attachment_15551\" style=\"width: 1034px\" class=\"wp-caption aligncenter\"><a href=\"https:\/\/www.rwg-bayreuth.de\/home\/wp-content\/uploads\/2017\/05\/16-17-Sommerkonz-61-alle-1024.jpg\"><img loading=\"lazy\" decoding=\"async\" aria-describedby=\"caption-attachment-15551\" src=\"https:\/\/www.rwg-bayreuth.de\/home\/wp-content\/uploads\/2017\/05\/16-17-Sommerkonz-61-alle-1024.jpg\" alt=\"\" width=\"1024\" height=\"457\" class=\"size-full wp-image-15551\" srcset=\"https:\/\/www.rwg-bayreuth.de\/home\/wp-content\/uploads\/2017\/05\/16-17-Sommerkonz-61-alle-1024.jpg 1024w, https:\/\/www.rwg-bayreuth.de\/home\/wp-content\/uploads\/2017\/05\/16-17-Sommerkonz-61-alle-1024-450x201.jpg 450w, https:\/\/www.rwg-bayreuth.de\/home\/wp-content\/uploads\/2017\/05\/16-17-Sommerkonz-61-alle-1024-768x343.jpg 768w, https:\/\/www.rwg-bayreuth.de\/home\/wp-content\/uploads\/2017\/05\/16-17-Sommerkonz-61-alle-1024-250x112.jpg 250w\" sizes=\"(max-width: 1024px) 100vw, 1024px\" \/><\/a><p id=\"caption-attachment-15551\" class=\"wp-caption-text\">Der Gro\u00dfe Chor hatte beim Sommerkonzert ein gro\u00dfes Finale.<\/p><\/div>\n<p>Das Finale war grandios: Mit einem Melodienreigen aus dem Musical \u201eWest Side Story\u201c zeigte sich der Gro\u00dfe Chor beim Sommerkonzert zum Schuljubil\u00e4um von seiner besten Seite.<\/p>\n<p>Melodien wie \u201eTonight\u201c, \u201eI feel pretty\u201c oder \u201eAmerica\u201c sind l\u00e4ngst Klassiker des Genres geworden. Doch die eing\u00e4ngige Melodien von Leonard Bernstein verf\u00fchren immer noch zum Mitsummen oder zum rhythmischen Mitschwingen und k\u00f6nnen dort, wo sie langsamer und getragener sind, eine intensive Stimmung ausl\u00f6sen, besonders wenn sie entschlossen und stimmlich so sicher gesungen werden, wie es der Gro\u00dfe Chor tat. Es ist klar, dass es im Europasaal des Zentrums an der Badstra\u00dfe, der zum ersten Mal f\u00fcr unser Schulkonzert verwendet wurde, nicht ohne Zugabe des Gro\u00dfen Chores abging.<\/p>\n<div id=\"attachment_15552\" style=\"width: 460px\" class=\"wp-caption aligncenter\"><a href=\"https:\/\/www.rwg-bayreuth.de\/home\/wp-content\/uploads\/2017\/05\/16-17-Sommerkonz-1-Kammerchor-450.jpg\"><img loading=\"lazy\" decoding=\"async\" aria-describedby=\"caption-attachment-15552\" src=\"https:\/\/www.rwg-bayreuth.de\/home\/wp-content\/uploads\/2017\/05\/16-17-Sommerkonz-1-Kammerchor-450.jpg\" alt=\"\" width=\"450\" height=\"298\" class=\"size-full wp-image-15552\" srcset=\"https:\/\/www.rwg-bayreuth.de\/home\/wp-content\/uploads\/2017\/05\/16-17-Sommerkonz-1-Kammerchor-450.jpg 450w, https:\/\/www.rwg-bayreuth.de\/home\/wp-content\/uploads\/2017\/05\/16-17-Sommerkonz-1-Kammerchor-450-250x166.jpg 250w\" sizes=\"(max-width: 450px) 100vw, 450px\" \/><\/a><p id=\"caption-attachment-15552\" class=\"wp-caption-text\">Der Kammerchor sang englische Volkslieder.<\/p><\/div>\n<p>Aber auch die anderen Mitwirkenden brauchten sich nicht zu verstecken. Er\u00f6ffnet wurde das Konzert, das wegen der eingeschr\u00e4nkten Sitzplatzzahl zweimal gespielt wurde, vom Kammerchor mit englischen Volksliedern, teils bekannt (\u201eGreensleeves\u201c), teils weniger (\u201eOh, dear, what can the matter be?\u201c von J. Carter). <\/p>\n<p>Gro\u00dfe T\u00f6ne schlugen Lena Kropf (Klarinette) und Corinna Stoyke (Trompete) mit einem Lied von Guiseppe Verdi an, der, was seine \u00fcppigen Melodien betrifft, alles andere als bescheiden komponierte. Nur vom Musiklehrerklavier begleitet, standen die beiden alleine auf der gro\u00dfen B\u00fchne des Europasaals und zeigten viel Courage und Sicherheit. Wie viele Probenstunden dem Auftritt vorausging, darf nur vermutet werden; auf alle F\u00e4lle war der dankbare Applaus des Publikums eine sch\u00f6ne Belohnung.<\/p>\n<div id=\"attachment_15553\" style=\"width: 460px\" class=\"wp-caption aligncenter\"><a href=\"https:\/\/www.rwg-bayreuth.de\/home\/wp-content\/uploads\/2017\/05\/16-17-Sommerkonz-2-Untersufenchor-450.jpg\"><img loading=\"lazy\" decoding=\"async\" aria-describedby=\"caption-attachment-15553\" src=\"https:\/\/www.rwg-bayreuth.de\/home\/wp-content\/uploads\/2017\/05\/16-17-Sommerkonz-2-Untersufenchor-450.jpg\" alt=\"\" width=\"450\" height=\"292\" class=\"size-full wp-image-15553\" srcset=\"https:\/\/www.rwg-bayreuth.de\/home\/wp-content\/uploads\/2017\/05\/16-17-Sommerkonz-2-Untersufenchor-450.jpg 450w, https:\/\/www.rwg-bayreuth.de\/home\/wp-content\/uploads\/2017\/05\/16-17-Sommerkonz-2-Untersufenchor-450-250x162.jpg 250w\" sizes=\"(max-width: 450px) 100vw, 450px\" \/><\/a><p id=\"caption-attachment-15553\" class=\"wp-caption-text\">Der Unterstufenchor wurde von den Blockfl\u00f6ten begleitet.<\/p><\/div>\n<p>Der Unterstufenchor gab Volkst\u00fcmliches zum Besten und schickte das Publikum erst \u201eIm Fr\u00fchtau zu Berge\u201c und sang dann vom \u201eEselhaften Martin\u201c &#8211; ein etwas skurriles Textgebilde, bei dem zum Gl\u00fcck die Melodie und der Gesang im Vordergrund stehen, was etwas \u00fcber Mozarts seltsames Genie als Textdichter hinwegtr\u00f6stet.<\/p>\n<div id=\"attachment_15554\" style=\"width: 460px\" class=\"wp-caption aligncenter\"><a href=\"https:\/\/www.rwg-bayreuth.de\/home\/wp-content\/uploads\/2017\/05\/16-17-Sommerkonz-3-Suite-450.jpg\"><img loading=\"lazy\" decoding=\"async\" aria-describedby=\"caption-attachment-15554\" src=\"https:\/\/www.rwg-bayreuth.de\/home\/wp-content\/uploads\/2017\/05\/16-17-Sommerkonz-3-Suite-450.jpg\" alt=\"\" width=\"450\" height=\"322\" class=\"size-full wp-image-15554\" srcset=\"https:\/\/www.rwg-bayreuth.de\/home\/wp-content\/uploads\/2017\/05\/16-17-Sommerkonz-3-Suite-450.jpg 450w, https:\/\/www.rwg-bayreuth.de\/home\/wp-content\/uploads\/2017\/05\/16-17-Sommerkonz-3-Suite-450-250x179.jpg 250w\" sizes=\"(max-width: 450px) 100vw, 450px\" \/><\/a><p id=\"caption-attachment-15554\" class=\"wp-caption-text\">Allein vor gro\u00dfem Publikum zu spielen erfordert viel Mut.<\/p><\/div>\n<p>Feierlich im Saale wurde es bei C.W. Witts Suite in F-dur, welches Annegret Hahn, Clara Weidekamm (Fl\u00f6ten), Antonia Beierlein (Violine) und Theresa Griese (Cello) als Quartett spielten. Die alten Tanzfolgen sind immer noch h\u00f6renswert, eing\u00e4ngig und versetzte die Zuh\u00f6rer in der sch\u00f6nen Interpretation der vier Musikerinnen innerlich an einen Ball in der Barockzeit, zu der Witt lebte.<\/p>\n<div id=\"attachment_15556\" style=\"width: 460px\" class=\"wp-caption aligncenter\"><a href=\"https:\/\/www.rwg-bayreuth.de\/home\/wp-content\/uploads\/2017\/05\/16-17-Sommerkonz-4-Block-450.jpg\"><img loading=\"lazy\" decoding=\"async\" aria-describedby=\"caption-attachment-15556\" src=\"https:\/\/www.rwg-bayreuth.de\/home\/wp-content\/uploads\/2017\/05\/16-17-Sommerkonz-4-Block-450.jpg\" alt=\"\" width=\"450\" height=\"316\" class=\"size-full wp-image-15556\" srcset=\"https:\/\/www.rwg-bayreuth.de\/home\/wp-content\/uploads\/2017\/05\/16-17-Sommerkonz-4-Block-450.jpg 450w, https:\/\/www.rwg-bayreuth.de\/home\/wp-content\/uploads\/2017\/05\/16-17-Sommerkonz-4-Block-450-250x176.jpg 250w\" sizes=\"(max-width: 450px) 100vw, 450px\" \/><\/a><p id=\"caption-attachment-15556\" class=\"wp-caption-text\">Frau Mehling leitet die Blockfl\u00f6tengruppe und dirigierte die S\u00e4nger.<\/p><\/div>\n<p>Passend zum Monat hatte das Blockfl\u00f6tenensemble und ausgew\u00e4hlte S\u00e4ngerinnen M. Praetorius \u201eDer Maien\u201c vorbereitet.  Wie der Text verspricht, bringt der heuer \u201eder Bl\u00fcmlein viel\u201c, aber l\u00e4sst das \u201eHerze\u201c auch \u201etrauern.\u201c Zum Gl\u00fcck blieben die S\u00e4nger w\u00e4hrend des Vortrags putzmunter, und es war einen Freude, die blitzenden \u00c4uglein der Mitwirkenden zu sehen.<\/p>\n<div id=\"attachment_15558\" style=\"width: 460px\" class=\"wp-caption aligncenter\"><a href=\"https:\/\/www.rwg-bayreuth.de\/home\/wp-content\/uploads\/2017\/05\/16-17-Sommerkonz-5-Q12-450.jpg\"><img loading=\"lazy\" decoding=\"async\" aria-describedby=\"caption-attachment-15558\" src=\"https:\/\/www.rwg-bayreuth.de\/home\/wp-content\/uploads\/2017\/05\/16-17-Sommerkonz-5-Q12-450.jpg\" alt=\"\" width=\"450\" height=\"306\" class=\"size-full wp-image-15558\" srcset=\"https:\/\/www.rwg-bayreuth.de\/home\/wp-content\/uploads\/2017\/05\/16-17-Sommerkonz-5-Q12-450.jpg 450w, https:\/\/www.rwg-bayreuth.de\/home\/wp-content\/uploads\/2017\/05\/16-17-Sommerkonz-5-Q12-450-250x170.jpg 250w\" sizes=\"(max-width: 450px) 100vw, 450px\" \/><\/a><p id=\"caption-attachment-15558\" class=\"wp-caption-text\">F\u00fcr die Q12 war es der letzte Auftritt f\u00fcr das RWG.<\/p><\/div>\n<p>Die Q12 schlug gleich noch einmal in die gleiche Kerbe: \u201eWhat then is love but mourning?\u201c, sangen sie, begleitet von Gitarren (K. Niedens, M. Schrader und C. B\u00f6hner), Klavier (K. Schulte) und Violine (A. Lehner). Ob die Q12ler von ihrer Liebe zum RWG gesungen haben, von dem sie demn\u00e4chst voller Trauer Abschied nehmen?<\/p>\n<div id=\"attachment_15559\" style=\"width: 460px\" class=\"wp-caption aligncenter\"><a href=\"https:\/\/www.rwg-bayreuth.de\/home\/wp-content\/uploads\/2017\/05\/16-17-Sommerkonz-6-Orch-450.jpg\"><img loading=\"lazy\" decoding=\"async\" aria-describedby=\"caption-attachment-15559\" src=\"https:\/\/www.rwg-bayreuth.de\/home\/wp-content\/uploads\/2017\/05\/16-17-Sommerkonz-6-Orch-450.jpg\" alt=\"\" width=\"450\" height=\"301\" class=\"size-full wp-image-15559\" srcset=\"https:\/\/www.rwg-bayreuth.de\/home\/wp-content\/uploads\/2017\/05\/16-17-Sommerkonz-6-Orch-450.jpg 450w, https:\/\/www.rwg-bayreuth.de\/home\/wp-content\/uploads\/2017\/05\/16-17-Sommerkonz-6-Orch-450-250x167.jpg 250w\" sizes=\"(max-width: 450px) 100vw, 450px\" \/><\/a><p id=\"caption-attachment-15559\" class=\"wp-caption-text\">Das Orchester hat erfreulich viele Nachwuchsmusiker.<\/p><\/div>\n<p>Die Antwort gab der sp\u00e4ter ein anderer Musikbeitrag: \u201eQue sera\u201c &#8211; Wer wei\u00df schon, es kommt, wie es kommt. Den bekannten Walzer hatte das Schulorchester einstudiert, und es war sehr sch\u00f6n zu sehen, dass das Orchester viele Nachwuchsmusiker bekommen hat, was als gutes Omen f\u00fcr die n\u00e4chsten Konzerte genommen werden sollte. Das Orchester zeigte \u00fcbrigens auch, dass es nicht nur im Walzer-, sondern auch im 4\/4-Takt zu Hause ist. Ihr Jazz-Arragement war eine muntere Sache.<\/p>\n<p>Damit es dem Publikum auch w\u00e4hrend der Pausen zwischen den St\u00fccken nicht langweilig wurde, bestritten Katharina Niedens, Viktoria Sp\u00e4th, Emilia Haas, Katrin Schulte und Kristina Deinlein die Moderation.<\/p>\n<p>Einstudiert wurde unser Sommerkonzert von Tatjana Hubert (Cello), Albert Hubert (Violine und Orchester), Ulrike Mehling (Stimmbildung und Blockfl\u00f6ten), Judith Fink-Porr (Chor und Orchester) und nat\u00fcrlich von Florian und Helmut Mehling (alles &#8211; einschlie\u00dflich des ganzen Drumherums, ohne dass es kein Konzert gibt). Ihnen allen geb\u00fchrt ein gro\u00dfes Dankesch\u00f6n daf\u00fcr, dass das Musikleben an unserer Schule so vielf\u00e4ltig entwickelt ist und dass so viele Mitwirkende so freudig bei der Sache sind.<\/p>\n","protected":false},"excerpt":{"rendered":"<p>Das Finale war grandios: Mit einem Melodienreigen aus dem Musical \u201eWest Side Story\u201c zeigte sich der Gro\u00dfe Chor beim Sommerkonzert zum Schuljubil\u00e4um von seiner besten Seite. Melodien wie \u201eTonight\u201c, \u201eI feel pretty\u201c oder \u201eAmerica\u201c sind l\u00e4ngst Klassiker des Genres geworden. Doch die eing\u00e4ngige Melodien von Leonard Bernstein verf\u00fchren immer noch zum Mitsummen oder zum rhythmischen&hellip;<\/p>\n","protected":false},"author":1,"featured_media":15551,"comment_status":"closed","ping_status":"closed","sticky":false,"template":"","format":"standard","meta":{"footnotes":""},"categories":[1],"tags":[51,42,44],"_links":{"self":[{"href":"https:\/\/www.rwg-bayreuth.de\/home\/index.php?rest_route=\/wp\/v2\/posts\/15550"}],"collection":[{"href":"https:\/\/www.rwg-bayreuth.de\/home\/index.php?rest_route=\/wp\/v2\/posts"}],"about":[{"href":"https:\/\/www.rwg-bayreuth.de\/home\/index.php?rest_route=\/wp\/v2\/types\/post"}],"author":[{"embeddable":true,"href":"https:\/\/www.rwg-bayreuth.de\/home\/index.php?rest_route=\/wp\/v2\/users\/1"}],"replies":[{"embeddable":true,"href":"https:\/\/www.rwg-bayreuth.de\/home\/index.php?rest_route=%2Fwp%2Fv2%2Fcomments&post=15550"}],"version-history":[{"count":8,"href":"https:\/\/www.rwg-bayreuth.de\/home\/index.php?rest_route=\/wp\/v2\/posts\/15550\/revisions"}],"predecessor-version":[{"id":17736,"href":"https:\/\/www.rwg-bayreuth.de\/home\/index.php?rest_route=\/wp\/v2\/posts\/15550\/revisions\/17736"}],"wp:featuredmedia":[{"embeddable":true,"href":"https:\/\/www.rwg-bayreuth.de\/home\/index.php?rest_route=\/wp\/v2\/media\/15551"}],"wp:attachment":[{"href":"https:\/\/www.rwg-bayreuth.de\/home\/index.php?rest_route=%2Fwp%2Fv2%2Fmedia&parent=15550"}],"wp:term":[{"taxonomy":"category","embeddable":true,"href":"https:\/\/www.rwg-bayreuth.de\/home\/index.php?rest_route=%2Fwp%2Fv2%2Fcategories&post=15550"},{"taxonomy":"post_tag","embeddable":true,"href":"https:\/\/www.rwg-bayreuth.de\/home\/index.php?rest_route=%2Fwp%2Fv2%2Ftags&post=15550"}],"curies":[{"name":"wp","href":"https:\/\/api.w.org\/{rel}","templated":true}]}}