{"id":15390,"date":"2017-04-30T11:27:43","date_gmt":"2017-04-30T09:27:43","guid":{"rendered":"http:\/\/www.rwg-bayreuth.de\/home\/?p=15390"},"modified":"2017-05-03T15:00:05","modified_gmt":"2017-05-03T13:00:05","slug":"zu-gast-im-land-wo-die-zitronen-bluehn","status":"publish","type":"post","link":"https:\/\/www.rwg-bayreuth.de\/home\/?p=15390","title":{"rendered":"Zu Gast im Land, wo die Zitronen bl\u00fchn"},"content":{"rendered":"<div id=\"attachment_15393\" style=\"width: 460px\" class=\"wp-caption aligncenter\"><a href=\"https:\/\/www.rwg-bayreuth.de\/home\/wp-content\/uploads\/2017\/04\/16-17-La-Spezia-Austausch-450.jpg\"><img loading=\"lazy\" decoding=\"async\" aria-describedby=\"caption-attachment-15393\" src=\"https:\/\/www.rwg-bayreuth.de\/home\/wp-content\/uploads\/2017\/04\/16-17-La-Spezia-Austausch-450.jpg\" alt=\"\" width=\"450\" height=\"338\" class=\"size-full wp-image-15393\" srcset=\"https:\/\/www.rwg-bayreuth.de\/home\/wp-content\/uploads\/2017\/04\/16-17-La-Spezia-Austausch-450.jpg 450w, https:\/\/www.rwg-bayreuth.de\/home\/wp-content\/uploads\/2017\/04\/16-17-La-Spezia-Austausch-450-250x188.jpg 250w\" sizes=\"(max-width: 450px) 100vw, 450px\" \/><\/a><p id=\"caption-attachment-15393\" class=\"wp-caption-text\">Anfang April konnte man in Italien schon im T-Shirt herumlaufen.<\/p><\/div>\n<p>Eine aufregende Zeit verbrachten unsere Sch\u00fcler der Jahrgangsstufe 9 und 10 in La Spezia, als der Besuch bei ihren Austauschfamilien anstand. Hier ist der Bericht von Marie Lischkowitz (10a).<\/p>\n<p>Am Samstag der Abfahrt stand der Reisebus um 6:45 Uhr mit dem Ziel La Spezia am Kreuzsteinbad, um nur noch auf das Wichtigste zu warten: Auf uns, die aufgeregten Sch\u00fcler, die die weite Reise in das Land der Zitronen nun vor uns hatten. <\/p>\n<p>Nach einem: \u201eBis in einer Woche. Hab euch lieb!\u201c begann die zw\u00f6lfeinhalb Stunden lange Fahrt in den S\u00fcden. Ausgelassen wurden wir an der italienischen Schule \u201eIstituto Superiore A. Fossati \u2013 M. Da Passano\u201c begr\u00fc\u00dft und fuhren dann mit unseren Partnern und deren Familien nach Hause, wo wir abends das erste Mal Bekanntschaft mit dem typisch \u00fcppigen Abendessen der Italiener machen konnten.<\/p>\n<p>Am n\u00e4chsten Morgen wurden wir mit einem: \u201eBuona mattina!\u201c geweckt und verbrachten den Sonntag unterschiedlich, je nach Planung unserer Familien in La Spezia am Hafen, in Parma auf den M\u00e4rkten oder in Pisa auf dem Schiefen Turm, in der Kathedrale oder in der Innenstadt. Wir lernten unsere Austauschpartner, ihre Familie und ihr Leben richtig kennen und hatten somit am Montagmorgen von unserem gemeinsamen Programm viel zu erz\u00e4hlen. <\/p>\n<p>Daf\u00fcr blieb nicht viel Zeit, denn die italienischen Leiter des Austausches, Professoressa Segalla, Preside Paolo Manfredini und Signora Leonetti begr\u00fc\u00dften uns herzlich und zwei ehemalige, italienische Teilnehmerinnen des Austausches informierten uns mit einer Pr\u00e4sentation \u00fcber die Stadt La Spezia. Daraufhin folgte eine Stadtf\u00fchrung von Italienerinnen, die in einer F\u00fchrung in Museo navale (das Schifffahrtsmuseum) endete. Am Nachmittag ging es dann nach Portovenere, wo wir auf eigene Faust die romanischen Kirchen, das Castello und die Klippen bei sch\u00f6nstem Wetter begutachteten. <\/p>\n<p>Zum Ausflug nach Genova am Dienstag begleiteten uns unsere Austauschpartner, die kleine Referate zu der Hafenmetropole an der ligurischen K\u00fcste vorbereitet hatten. Nach einem spannenden Vormittag machten wir uns in kleinen Gruppen auf den Weg, alleine Genova unsicher zu machen. Die ber\u00fchmte Focaccia (molto buona!) durfte dabei nicht fehlen. <\/p>\n<p>Am f\u00fcnften Tag des Austausches besuchten wir jeweils mit unseren Partnern zwei Stunden den italienischen Unterricht. Mittags besichtigten wir die neue Stadtbibliothek von La Spezia und erweiterten unser Wissen \u00fcber die milit\u00e4rische Geschichte La Spezias im Zweiten Weltkrieg sowie \u00fcber die  Resistenza, die Partisanengruppierungen der Widerstandsk\u00e4mpfer, die gegen die deutsche Wehrmacht und Verb\u00e4nde der SS agierten.<\/p>\n<p>Nach dieser Pr\u00e4sentation trafen wir uns mit unserer italienischen Gruppe wieder und fuhren nach San Lorenzo, bzw. Lerici, besichtigten ein Castello und verbrachten dann einen ausgelassen Tag am Strand bei hervorragendem Wetter. (Ja, wir waren sogar schwimmen!)<\/p>\n<p>Am folgenden Morgen trafen wir uns an der Stazione, dem Bahnhof, um einen erquicklichen Tag in den Cinque Terre, leider ohne unsere italienischen Freunde zu verbringen. Die Tour f\u00fchrte uns auf eine zweieinhalbst\u00fcndige kurzweilige Wanderung, gef\u00fchrt von zwei Rangers, mitten durch die ehemaligen Wein-, Olivenhaine von Vernazza nach Monterosso al Mare. Dort angekommen hatten wir einige Stunden Zeit um Essen zu gehen, ein Eis zu essen, ein bisschen zu shoppen und den letzten Tag am Strand zu genie\u00dfen. Um den letzten Abend gemeinsam ausklingen zu lassen, organisierten unsere Lehrer (an dieser Stelle ein herzliches Dankesch\u00f6n f\u00fcr alles an Frau R\u00fcger und Herrn Arzberger!!!) ein Pizzaessen, um den gelungen Austausch zu feiern.<\/p>\n<p>Abschlie\u00dfend kann man nur von einem wundersch\u00f6nen, gelungenem, kleinen Urlaub in Italien bei neuen Freunden und guten Erfahrungen sprechen, die man auf jeden Fall noch ein weiteres Mal besuchen m\u00f6chte. <\/p>\n","protected":false},"excerpt":{"rendered":"<p>Eine aufregende Zeit verbrachten unsere Sch\u00fcler der Jahrgangsstufe 9 und 10 in La Spezia, als der Besuch bei ihren Austauschfamilien anstand. Hier ist der Bericht von Marie Lischkowitz (10a). Am Samstag der Abfahrt stand der Reisebus um 6:45 Uhr mit dem Ziel La Spezia am Kreuzsteinbad, um nur noch auf das Wichtigste zu warten: Auf&hellip;<\/p>\n","protected":false},"author":2,"featured_media":15393,"comment_status":"closed","ping_status":"closed","sticky":false,"template":"","format":"standard","meta":{"footnotes":""},"categories":[1],"tags":[68,51,69],"_links":{"self":[{"href":"https:\/\/www.rwg-bayreuth.de\/home\/index.php?rest_route=\/wp\/v2\/posts\/15390"}],"collection":[{"href":"https:\/\/www.rwg-bayreuth.de\/home\/index.php?rest_route=\/wp\/v2\/posts"}],"about":[{"href":"https:\/\/www.rwg-bayreuth.de\/home\/index.php?rest_route=\/wp\/v2\/types\/post"}],"author":[{"embeddable":true,"href":"https:\/\/www.rwg-bayreuth.de\/home\/index.php?rest_route=\/wp\/v2\/users\/2"}],"replies":[{"embeddable":true,"href":"https:\/\/www.rwg-bayreuth.de\/home\/index.php?rest_route=%2Fwp%2Fv2%2Fcomments&post=15390"}],"version-history":[{"count":3,"href":"https:\/\/www.rwg-bayreuth.de\/home\/index.php?rest_route=\/wp\/v2\/posts\/15390\/revisions"}],"predecessor-version":[{"id":15396,"href":"https:\/\/www.rwg-bayreuth.de\/home\/index.php?rest_route=\/wp\/v2\/posts\/15390\/revisions\/15396"}],"wp:featuredmedia":[{"embeddable":true,"href":"https:\/\/www.rwg-bayreuth.de\/home\/index.php?rest_route=\/wp\/v2\/media\/15393"}],"wp:attachment":[{"href":"https:\/\/www.rwg-bayreuth.de\/home\/index.php?rest_route=%2Fwp%2Fv2%2Fmedia&parent=15390"}],"wp:term":[{"taxonomy":"category","embeddable":true,"href":"https:\/\/www.rwg-bayreuth.de\/home\/index.php?rest_route=%2Fwp%2Fv2%2Fcategories&post=15390"},{"taxonomy":"post_tag","embeddable":true,"href":"https:\/\/www.rwg-bayreuth.de\/home\/index.php?rest_route=%2Fwp%2Fv2%2Ftags&post=15390"}],"curies":[{"name":"wp","href":"https:\/\/api.w.org\/{rel}","templated":true}]}}