{"id":15089,"date":"2017-04-04T22:30:58","date_gmt":"2017-04-04T20:30:58","guid":{"rendered":"http:\/\/www.rwg-bayreuth.de\/home\/?p=15089"},"modified":"2019-05-21T21:34:22","modified_gmt":"2019-05-21T19:34:22","slug":"barrieren-ueberwinden","status":"publish","type":"post","link":"https:\/\/www.rwg-bayreuth.de\/home\/?p=15089","title":{"rendered":"Barrieren \u00fcberwinden"},"content":{"rendered":"<div id=\"attachment_15090\" style=\"width: 460px\" class=\"wp-caption aligncenter\"><a href=\"https:\/\/www.rwg-bayreuth.de\/home\/wp-content\/uploads\/2017\/04\/Sch\u00fclerin-befragt-Migranten-450.jpg\"><img loading=\"lazy\" decoding=\"async\" aria-describedby=\"caption-attachment-15090\" src=\"https:\/\/www.rwg-bayreuth.de\/home\/wp-content\/uploads\/2017\/04\/Sch\u00fclerin-befragt-Migranten-450.jpg\" alt=\"\" width=\"450\" height=\"290\" class=\"size-full wp-image-15090\" srcset=\"https:\/\/www.rwg-bayreuth.de\/home\/wp-content\/uploads\/2017\/04\/Sch\u00fclerin-befragt-Migranten-450.jpg 450w, https:\/\/www.rwg-bayreuth.de\/home\/wp-content\/uploads\/2017\/04\/Sch\u00fclerin-befragt-Migranten-450-250x161.jpg 250w\" sizes=\"(max-width: 450px) 100vw, 450px\" \/><\/a><p id=\"caption-attachment-15090\" class=\"wp-caption-text\">Teil des Projektes war die Befragung von Migranten.<\/p><\/div>\n<p>Im Rahmen eines Sch\u00fcleraustausches zwischen dem Gymnasium Nad Kavalirkou in Prag und dem Richard-Wagner-Gymnasium war einer der ersten H\u00f6hepunkte der Sch\u00fcleraustausch in Bayreuth.<\/p>\n<p>Der Austausch ist Teil des Projektes \u201eRIKAMIFO\u201c, welches vom Deutsch-Tschechischen Zukunftsfond und dem Bayerischen Jugendring unterst\u00fctzt wird und sich mit Migrationsforschung besch\u00e4ftigt.<\/p>\n<div id=\"attachment_15091\" style=\"width: 460px\" class=\"wp-caption aligncenter\"><a href=\"https:\/\/www.rwg-bayreuth.de\/home\/wp-content\/uploads\/2017\/04\/Sprachanimation-450.jpg\"><img loading=\"lazy\" decoding=\"async\" aria-describedby=\"caption-attachment-15091\" src=\"https:\/\/www.rwg-bayreuth.de\/home\/wp-content\/uploads\/2017\/04\/Sprachanimation-450.jpg\" alt=\"\" width=\"450\" height=\"291\" class=\"size-full wp-image-15091\" srcset=\"https:\/\/www.rwg-bayreuth.de\/home\/wp-content\/uploads\/2017\/04\/Sprachanimation-450.jpg 450w, https:\/\/www.rwg-bayreuth.de\/home\/wp-content\/uploads\/2017\/04\/Sprachanimation-450-250x162.jpg 250w\" sizes=\"(max-width: 450px) 100vw, 450px\" \/><\/a><p id=\"caption-attachment-15091\" class=\"wp-caption-text\">Kommunizieren kann man auch, wenn man die Spracher des anderen nicht spricht.<\/p><\/div>\n<p>Da die Sch\u00fcler\/innen in Bayreuth kein tschechisch sprechen, erhielten sie eine Sprachanimation, um Sprachbarrieren abzubauen. So kamen sich die Teilnehmer aus den beiden L\u00e4ndern schnell n\u00e4her und legten die Scheu, miteinander kommunikativ in Kontakt zu treten.<\/p>\n<div id=\"attachment_15092\" style=\"width: 460px\" class=\"wp-caption aligncenter\"><a href=\"https:\/\/www.rwg-bayreuth.de\/home\/wp-content\/uploads\/2017\/04\/Philosophisches-Gespr\u00e4ch-4-450.jpg\"><img loading=\"lazy\" decoding=\"async\" aria-describedby=\"caption-attachment-15092\" src=\"https:\/\/www.rwg-bayreuth.de\/home\/wp-content\/uploads\/2017\/04\/Philosophisches-Gespr\u00e4ch-4-450.jpg\" alt=\"\" width=\"450\" height=\"323\" class=\"size-full wp-image-15092\" srcset=\"https:\/\/www.rwg-bayreuth.de\/home\/wp-content\/uploads\/2017\/04\/Philosophisches-Gespr\u00e4ch-4-450.jpg 450w, https:\/\/www.rwg-bayreuth.de\/home\/wp-content\/uploads\/2017\/04\/Philosophisches-Gespr\u00e4ch-4-450-250x179.jpg 250w\" sizes=\"(max-width: 450px) 100vw, 450px\" \/><\/a><p id=\"caption-attachment-15092\" class=\"wp-caption-text\">Die philosophischen Gespr\u00e4che wurden von Frau Gerdes moderiert (rechts).<\/p><\/div>\n<p>Einf\u00fchrend wurden philosophische Gespr\u00e4chen zum Thema \u201eHeimat\u201c, \u201eAnderssein\u201c, \u201eStark sein\u201c und \u201eIdentit\u00e4t\u201c gef\u00fchrt. Es wurden die Vorarbeiten der Gruppe aus Prag ausgewertet, welche Kontakte zu Deutschen in Prag an einer benachbarten Schule gekn\u00fcpft und dort Interwiews unter anderem mit Hilfe von Frageb\u00f6gen gef\u00fchrt haben. <\/p>\n<p>Auch in Bayreuth laufen bereits Umfragen und Interviews mit Eltern, Gro\u00dfeltern, die in der ersten und zweiten Generation aus einem anderen Land stammen. Da das Richard-Wagner-Gymnasium eine Schule mit hohem Migrationsanteil ist, sollen Einblicke in das Leben un die Kultur andere Staaten der Welt den Blick auf die Thematik der Integration er\u00f6ffnen. <\/p>\n<p>Die Frage nach dem Empfinden der Situation der Mitbewohner und der Integration stehen sowohl in Bayreuth und Prag  im Vordergrund, aber auch, ob sie eine Ver\u00e4nderung ihrer Situation empfinden. Dazu auch wurden pers\u00f6nliche Interviews mit Partnern der Deutsch-Tschechischen Gesellschaft gef\u00fchrt.<\/p>\n<div id=\"attachment_15093\" style=\"width: 460px\" class=\"wp-caption aligncenter\"><a href=\"https:\/\/www.rwg-bayreuth.de\/home\/wp-content\/uploads\/2017\/04\/Bunter-Abend-2-450.jpg\"><img loading=\"lazy\" decoding=\"async\" aria-describedby=\"caption-attachment-15093\" src=\"https:\/\/www.rwg-bayreuth.de\/home\/wp-content\/uploads\/2017\/04\/Bunter-Abend-2-450.jpg\" alt=\"\" width=\"450\" height=\"319\" class=\"size-full wp-image-15093\" srcset=\"https:\/\/www.rwg-bayreuth.de\/home\/wp-content\/uploads\/2017\/04\/Bunter-Abend-2-450.jpg 450w, https:\/\/www.rwg-bayreuth.de\/home\/wp-content\/uploads\/2017\/04\/Bunter-Abend-2-450-250x177.jpg 250w\" sizes=\"(max-width: 450px) 100vw, 450px\" \/><\/a><p id=\"caption-attachment-15093\" class=\"wp-caption-text\">Auf dem bunten Abend war die Stimmung gut.<\/p><\/div>\n<p>Ein Besuch im Dokumentationszentrum in N\u00fcrnberg bot den Prager G\u00e4sten einen weiteren Einblick auf die Geschichte Deutschlands im Nationalsozialismus bieten. Zudem lockerte ein Programm mit Besuchen in Bamberg und der Stadt Nuernberg sowie ein gemeinsamer geselliger Abend mit den Eltern der Tauschpartner das Thema auf. <\/p>\n<p>Der Gegenbesuch der Bayreuther mit weiteren Arbeiten am Projekt findet vom 24.4. bis zum 30.4.2017 statt.<\/p>\n","protected":false},"excerpt":{"rendered":"<p>Im Rahmen eines Sch\u00fcleraustausches zwischen dem Gymnasium Nad Kavalirkou in Prag und dem Richard-Wagner-Gymnasium war einer der ersten H\u00f6hepunkte der Sch\u00fcleraustausch in Bayreuth. Der Austausch ist Teil des Projektes \u201eRIKAMIFO\u201c, welches vom Deutsch-Tschechischen Zukunftsfond und dem Bayerischen Jugendring unterst\u00fctzt wird und sich mit Migrationsforschung besch\u00e4ftigt. Da die Sch\u00fcler\/innen in Bayreuth kein tschechisch sprechen, erhielten sie&hellip;<\/p>\n","protected":false},"author":1,"featured_media":15090,"comment_status":"closed","ping_status":"closed","sticky":false,"template":"","format":"standard","meta":{"footnotes":""},"categories":[1],"tags":[68,51,108],"_links":{"self":[{"href":"https:\/\/www.rwg-bayreuth.de\/home\/index.php?rest_route=\/wp\/v2\/posts\/15089"}],"collection":[{"href":"https:\/\/www.rwg-bayreuth.de\/home\/index.php?rest_route=\/wp\/v2\/posts"}],"about":[{"href":"https:\/\/www.rwg-bayreuth.de\/home\/index.php?rest_route=\/wp\/v2\/types\/post"}],"author":[{"embeddable":true,"href":"https:\/\/www.rwg-bayreuth.de\/home\/index.php?rest_route=\/wp\/v2\/users\/1"}],"replies":[{"embeddable":true,"href":"https:\/\/www.rwg-bayreuth.de\/home\/index.php?rest_route=%2Fwp%2Fv2%2Fcomments&post=15089"}],"version-history":[{"count":2,"href":"https:\/\/www.rwg-bayreuth.de\/home\/index.php?rest_route=\/wp\/v2\/posts\/15089\/revisions"}],"predecessor-version":[{"id":15096,"href":"https:\/\/www.rwg-bayreuth.de\/home\/index.php?rest_route=\/wp\/v2\/posts\/15089\/revisions\/15096"}],"wp:featuredmedia":[{"embeddable":true,"href":"https:\/\/www.rwg-bayreuth.de\/home\/index.php?rest_route=\/wp\/v2\/media\/15090"}],"wp:attachment":[{"href":"https:\/\/www.rwg-bayreuth.de\/home\/index.php?rest_route=%2Fwp%2Fv2%2Fmedia&parent=15089"}],"wp:term":[{"taxonomy":"category","embeddable":true,"href":"https:\/\/www.rwg-bayreuth.de\/home\/index.php?rest_route=%2Fwp%2Fv2%2Fcategories&post=15089"},{"taxonomy":"post_tag","embeddable":true,"href":"https:\/\/www.rwg-bayreuth.de\/home\/index.php?rest_route=%2Fwp%2Fv2%2Ftags&post=15089"}],"curies":[{"name":"wp","href":"https:\/\/api.w.org\/{rel}","templated":true}]}}