{"id":14871,"date":"2017-03-22T13:59:16","date_gmt":"2017-03-22T12:59:16","guid":{"rendered":"http:\/\/www.rwg-bayreuth.de\/home\/?p=14871"},"modified":"2017-03-22T14:43:45","modified_gmt":"2017-03-22T13:43:45","slug":"mit-dem-rucksack-von-huette-zu-huette-die-etwas-andere-abifahrt","status":"publish","type":"post","link":"https:\/\/www.rwg-bayreuth.de\/home\/?p=14871","title":{"rendered":"Mit dem Rucksack von H\u00fctte zu H\u00fctte \u2013 die etwas andere Abifahrt"},"content":{"rendered":"<p><a href=\"https:\/\/www.rwg-bayreuth.de\/home\/wp-content\/uploads\/2017\/03\/H\u00fctte-mit-See.jpg\"><img loading=\"lazy\" decoding=\"async\" class=\"aligncenter size-medium wp-image-14872\" src=\"https:\/\/www.rwg-bayreuth.de\/home\/wp-content\/uploads\/2017\/03\/H\u00fctte-mit-See-450x253.jpg\" alt=\"\" width=\"450\" height=\"253\" srcset=\"https:\/\/www.rwg-bayreuth.de\/home\/wp-content\/uploads\/2017\/03\/H\u00fctte-mit-See-450x253.jpg 450w, https:\/\/www.rwg-bayreuth.de\/home\/wp-content\/uploads\/2017\/03\/H\u00fctte-mit-See-150x84.jpg 150w, https:\/\/www.rwg-bayreuth.de\/home\/wp-content\/uploads\/2017\/03\/H\u00fctte-mit-See-768x432.jpg 768w, https:\/\/www.rwg-bayreuth.de\/home\/wp-content\/uploads\/2017\/03\/H\u00fctte-mit-See-250x141.jpg 250w, https:\/\/www.rwg-bayreuth.de\/home\/wp-content\/uploads\/2017\/03\/H\u00fctte-mit-See-800x450.jpg 800w, https:\/\/www.rwg-bayreuth.de\/home\/wp-content\/uploads\/2017\/03\/H\u00fctte-mit-See-600x337.jpg 600w, https:\/\/www.rwg-bayreuth.de\/home\/wp-content\/uploads\/2017\/03\/H\u00fctte-mit-See.jpg 1000w\" sizes=\"(max-width: 450px) 100vw, 450px\" \/><\/a><\/p>\n<p><a href=\"https:\/\/www.rwg-bayreuth.de\/home\/wp-content\/uploads\/2017\/03\/Umbalf\u00e4lle-Kaskaden.jpg\"><img loading=\"lazy\" decoding=\"async\" class=\"alignright size-medium wp-image-14873\" src=\"https:\/\/www.rwg-bayreuth.de\/home\/wp-content\/uploads\/2017\/03\/Umbalf\u00e4lle-Kaskaden-253x450.jpg\" alt=\"\" width=\"253\" height=\"450\" srcset=\"https:\/\/www.rwg-bayreuth.de\/home\/wp-content\/uploads\/2017\/03\/Umbalf\u00e4lle-Kaskaden-253x450.jpg 253w, https:\/\/www.rwg-bayreuth.de\/home\/wp-content\/uploads\/2017\/03\/Umbalf\u00e4lle-Kaskaden-84x150.jpg 84w, https:\/\/www.rwg-bayreuth.de\/home\/wp-content\/uploads\/2017\/03\/Umbalf\u00e4lle-Kaskaden-250x445.jpg 250w, https:\/\/www.rwg-bayreuth.de\/home\/wp-content\/uploads\/2017\/03\/Umbalf\u00e4lle-Kaskaden-337x600.jpg 337w, https:\/\/www.rwg-bayreuth.de\/home\/wp-content\/uploads\/2017\/03\/Umbalf\u00e4lle-Kaskaden.jpg 562w\" sizes=\"(max-width: 253px) 100vw, 253px\" \/><\/a>Erstmals werden in diesem Jahr 9 weibliche Pioniere ihre Abi-Fahrt im Juli im wundersch\u00f6nen Virgental in Osttirol verbringen. Anstelle von Sightseeing, F\u00fchrungen und Shoppen hei\u00dft es dann: Wanderstiefel schn\u00fcren, Rucksack schultern und die einmalige Bergwelt genie\u00dfen.<!--more--><\/p>\n<p>Bei Gehzeiten von um die 6 Stunden und bis zu 1000 H\u00f6henmetern pro Tag d\u00fcrfte einiges an Schwei\u00df flie\u00dfen. Doch daf\u00fcr warten am Ende einer jeden Wanderung \u2013 immer entlang des Gro\u00dfvenediger H\u00f6henweges &#8211; gem\u00fctliche Bergh\u00fctten, auf denen man dann bei leckeren \u00f6sterreichischen Gerichten den Tag und die vielen Eindr\u00fccke noch mal Revue passieren l\u00e4sst. Auch ein Besuch im Kletterpark darf nat\u00fcrlich nicht fehlen.<\/p>\n<p>Unterst\u00fctzt werden wir bei dieser aufregenden Tour dankenswerter Weise von dem renommierten Unternehmen und Sportausr\u00fcster LEKI, welches uns kostenlos Trekking-St\u00f6cke zur Verf\u00fcgung stellt.<\/p>\n","protected":false},"excerpt":{"rendered":"<p>Erstmals werden in diesem Jahr 9 weibliche Pioniere ihre Abi-Fahrt im Juli im wundersch\u00f6nen Virgental in Osttirol verbringen. Anstelle von Sightseeing, F\u00fchrungen und Shoppen hei\u00dft es dann: Wanderstiefel schn\u00fcren, Rucksack schultern und die einmalige Bergwelt genie\u00dfen.<\/p>\n","protected":false},"author":11,"featured_media":14872,"comment_status":"closed","ping_status":"closed","sticky":false,"template":"","format":"standard","meta":{"footnotes":""},"categories":[1],"tags":[65,51],"_links":{"self":[{"href":"https:\/\/www.rwg-bayreuth.de\/home\/index.php?rest_route=\/wp\/v2\/posts\/14871"}],"collection":[{"href":"https:\/\/www.rwg-bayreuth.de\/home\/index.php?rest_route=\/wp\/v2\/posts"}],"about":[{"href":"https:\/\/www.rwg-bayreuth.de\/home\/index.php?rest_route=\/wp\/v2\/types\/post"}],"author":[{"embeddable":true,"href":"https:\/\/www.rwg-bayreuth.de\/home\/index.php?rest_route=\/wp\/v2\/users\/11"}],"replies":[{"embeddable":true,"href":"https:\/\/www.rwg-bayreuth.de\/home\/index.php?rest_route=%2Fwp%2Fv2%2Fcomments&post=14871"}],"version-history":[{"count":2,"href":"https:\/\/www.rwg-bayreuth.de\/home\/index.php?rest_route=\/wp\/v2\/posts\/14871\/revisions"}],"predecessor-version":[{"id":14875,"href":"https:\/\/www.rwg-bayreuth.de\/home\/index.php?rest_route=\/wp\/v2\/posts\/14871\/revisions\/14875"}],"wp:featuredmedia":[{"embeddable":true,"href":"https:\/\/www.rwg-bayreuth.de\/home\/index.php?rest_route=\/wp\/v2\/media\/14872"}],"wp:attachment":[{"href":"https:\/\/www.rwg-bayreuth.de\/home\/index.php?rest_route=%2Fwp%2Fv2%2Fmedia&parent=14871"}],"wp:term":[{"taxonomy":"category","embeddable":true,"href":"https:\/\/www.rwg-bayreuth.de\/home\/index.php?rest_route=%2Fwp%2Fv2%2Fcategories&post=14871"},{"taxonomy":"post_tag","embeddable":true,"href":"https:\/\/www.rwg-bayreuth.de\/home\/index.php?rest_route=%2Fwp%2Fv2%2Ftags&post=14871"}],"curies":[{"name":"wp","href":"https:\/\/api.w.org\/{rel}","templated":true}]}}