{"id":14129,"date":"2000-02-20T01:00:49","date_gmt":"2000-02-20T00:00:49","guid":{"rendered":"http:\/\/www.rwg-bayreuth.de\/home\/?p=14129"},"modified":"2017-08-06T20:08:28","modified_gmt":"2017-08-06T18:08:28","slug":"chronik-1967-2017","status":"publish","type":"post","link":"https:\/\/www.rwg-bayreuth.de\/home\/?p=14129","title":{"rendered":"Chronik II: 2000 bis 2017"},"content":{"rendered":"<h4>2000<\/h4>\n<p>Im Schuljahr 1999\/2000 wird im Dachgeschoss des Neubaus eine gro\u00dfz\u00fcgige Kletteranlage in Betrieb genommen, die erste Anlage dieser Art am RWG. Sie wird 2016 durch eine moderne Kletterwand in der Schulturnhalle abgel\u00f6st. Mit dem Alpenverein besteht seit Beginn des Schuljahrs eine Kooperation.<\/p>\n<div id=\"attachment_15330\" style=\"width: 254px\" class=\"wp-caption aligncenter\"><a href=\"https:\/\/www.rwg-bayreuth.de\/home\/wp-content\/uploads\/2000\/02\/klettern_dachboden_2000_2001.jpg\"><img loading=\"lazy\" decoding=\"async\" aria-describedby=\"caption-attachment-15330\" class=\"size-full wp-image-15330\" src=\"https:\/\/www.rwg-bayreuth.de\/home\/wp-content\/uploads\/2000\/02\/klettern_dachboden_2000_2001.jpg\" alt=\"\" width=\"244\" height=\"354\" \/><\/a><p id=\"caption-attachment-15330\" class=\"wp-caption-text\">Die erste Kletterwand auf dem Dachboden des Neubaus<\/p><\/div>\n<p>Im Schuljahr 1999\/2000 finden f\u00fcr die Lehrerschaft acht Fortbildungstage zum Thema Computer und Internet statt.<\/p>\n<p>Am 28. Januar 2000 wird in der brechend vollen Turnhalle eine Milleniums-Sportrevue aufgef\u00fchrt: An den Zuschauerinnen und Zuschauern ziehen 2000 Jahre Sportgeschichte vorbei.<\/p>\n<div id=\"attachment_15334\" style=\"width: 391px\" class=\"wp-caption aligncenter\"><a href=\"https:\/\/www.rwg-bayreuth.de\/home\/wp-content\/uploads\/2000\/02\/millenium_sportrevue_28012000.jpg\"><img loading=\"lazy\" decoding=\"async\" aria-describedby=\"caption-attachment-15334\" class=\"size-full wp-image-15334\" src=\"https:\/\/www.rwg-bayreuth.de\/home\/wp-content\/uploads\/2000\/02\/millenium_sportrevue_28012000.jpg\" alt=\"\" width=\"381\" height=\"262\" srcset=\"https:\/\/www.rwg-bayreuth.de\/home\/wp-content\/uploads\/2000\/02\/millenium_sportrevue_28012000.jpg 381w, https:\/\/www.rwg-bayreuth.de\/home\/wp-content\/uploads\/2000\/02\/millenium_sportrevue_28012000-250x172.jpg 250w\" sizes=\"(max-width: 381px) 100vw, 381px\" \/><\/a><p id=\"caption-attachment-15334\" class=\"wp-caption-text\">Sportrevue zum Millenium 2000<\/p><\/div>\n<p>Am 5. April 2000 findet am RWG der Milleniumstag statt: Genau mittags um 12 Uhr fallen im Schulhof 2000 Jahressteine aus Holz um, die in monatelanger Vorarbeit von der Sch\u00fcler- und Lehrerschaft bemalt und beschriftet worden waren. Jeder Stein verzeichnet die Ereignisse eines der letzten 2000 Jahre. Ortsans\u00e4ssige Firmen haben die Aktion gro\u00dfz\u00fcgig gesponsert.<\/p>\n<div id=\"attachment_15336\" style=\"width: 442px\" class=\"wp-caption aligncenter\"><a href=\"https:\/\/www.rwg-bayreuth.de\/home\/wp-content\/uploads\/2000\/02\/domino_day_2000.jpg\"><img loading=\"lazy\" decoding=\"async\" aria-describedby=\"caption-attachment-15336\" class=\"size-full wp-image-15336\" src=\"https:\/\/www.rwg-bayreuth.de\/home\/wp-content\/uploads\/2000\/02\/domino_day_2000.jpg\" alt=\"\" width=\"432\" height=\"295\" srcset=\"https:\/\/www.rwg-bayreuth.de\/home\/wp-content\/uploads\/2000\/02\/domino_day_2000.jpg 432w, https:\/\/www.rwg-bayreuth.de\/home\/wp-content\/uploads\/2000\/02\/domino_day_2000-250x171.jpg 250w\" sizes=\"(max-width: 432px) 100vw, 432px\" \/><\/a><p id=\"caption-attachment-15336\" class=\"wp-caption-text\">Domino-Day 2000<\/p><\/div>\n<p>Der Wahlkurs &#8222;Natur und Technik&#8220; wird im Rahmen des &#8222;Sciene Teacher Award&#8220; des Verbands der chemischen Industrie mit einem ersten Preis ausgezeichnet. Der Wahlkurs besch\u00e4ftigt sich in diesem Schuljahr mit dem Thema &#8222;Nachwachsende Rohstoffe&#8220;.<\/p>\n<p>Beim Abiturscherz 2000 wird der Pausenhof in einen kompletten Bauernhof inkl. Pferde, K\u00e4lber und Schweine verwandelt.<\/p>\n<p>Im Oktober 2000 reisen die Klassen 10a und 10b sowie Sch\u00fclerinnen und Sch\u00fcler der K13 zur EXPO nach Hannover und besuchen die Pavillions der L\u00e4nder und Kulturen.<\/p>\n<p>Zum Schuljahr 2000\/2001 wird erstmals einen Arbeitsgemeinschaft Robotik eingerichtet, die auch den RoboCup in Paderborn besucht.<\/p>\n<p>Im Schuljahr 2000\/2001 gr\u00fcndet sich an der Schule erneut eine &#8222;Fahrrad AG&#8220;, die seither regelm\u00e4\u00dfig Touren unternimmt. Die AG setzt damit eine altehrw\u00fcrdige Tradition der Schule fort, da schon vor 1914 die h\u00f6heren T\u00f6chter in der Fahrrad-Gruppe in die Pedale traten.<\/p>\n<h4>2001<\/h4>\n<p>Zu Beginn des neuen Jahrtausends unterrichten an der Schule 58 hauptamtliche Lehrerinnen und Lehrer und drei nebenberufliche Lehrkr\u00e4fte. Hinzu kommen zahlreiche Referendarinnen und Referendare sowie Lehrer mit Unterrichtsauftr\u00e4gen. Die Schule wird von 737 Sch\u00fclerinnen und von 111 Sch\u00fclern besucht. Unterricht wird in 19 Pflichtf\u00e4chern und in zahlreichen Wahlf\u00e4chern erteilt.<\/p>\n<p>Im M\u00e4rz 2001 wird f\u00fcr den Ski-Kurs in Saalbach-Hinterglemm erstmals eine Snowboard-Gruppe zusammengestellt.<\/p>\n<p>Im April 2001 besuchen die sechsten Klassen eine Multivisionsschau zum Thema &#8222;Wasser&#8220;, die von der BEW und von Greenpeace ausgerichtet wird.<\/p>\n<p>Die Schulfahrt f\u00fchrt in diesem Schuljahr per Eisenbahn alle nach W\u00fcrzburg.<\/p>\n<div id=\"attachment_15332\" style=\"width: 305px\" class=\"wp-caption aligncenter\"><a href=\"https:\/\/www.rwg-bayreuth.de\/home\/wp-content\/uploads\/2000\/02\/schulfahrt_wuerzburg_2001.jpg\"><img loading=\"lazy\" decoding=\"async\" aria-describedby=\"caption-attachment-15332\" class=\"size-full wp-image-15332\" src=\"https:\/\/www.rwg-bayreuth.de\/home\/wp-content\/uploads\/2000\/02\/schulfahrt_wuerzburg_2001.jpg\" alt=\"\" width=\"295\" height=\"203\" srcset=\"https:\/\/www.rwg-bayreuth.de\/home\/wp-content\/uploads\/2000\/02\/schulfahrt_wuerzburg_2001.jpg 295w, https:\/\/www.rwg-bayreuth.de\/home\/wp-content\/uploads\/2000\/02\/schulfahrt_wuerzburg_2001-250x172.jpg 250w\" sizes=\"(max-width: 295px) 100vw, 295px\" \/><\/a><p id=\"caption-attachment-15332\" class=\"wp-caption-text\">Schulfahrt nach W\u00fcrzburg 2001<\/p><\/div>\n<p>Mit Beginn des Schuljahrs 2001\/2002 kann am RWG ab der 9. Klasse als dritte moderne Fremdsprache neben Italienisch nun auch Spanisch belegt werden. F\u00fcr das neue Fach entscheiden sich sogleich 21 Sch\u00fclerinnen. Aber auch Latein bleibt beliebt: Bei der Fremdsprachenwahl in der 6. Klasse entscheiden sich nach wir vor etwa die H\u00e4lfte der Sch\u00fclerinnen und Sch\u00fcler f\u00fcr die klassische Sprache.<\/p>\n<p>Die Partnerschaft mit dem Seniorenstift am Glasenweiher feiert im Schuljahr 2001\/2002 ihr zehnj\u00e4hriges Bestehen.<\/p>\n<p>Im ehemaligen Sprachlabor im Neubau wird ein zweiter moderner Computerraum eingerichtet.<\/p>\n<p>Am 11. September 2001 kommt es zu den Terroranschl\u00e4gen in den USA. Wenige Tage vorher hatten noch Sch\u00fclerinnen und Sch\u00fcler der 11. und 12. Klassen des RWG im Rahmen des Austauschs mit River Falls eine der Aussichtsplattformen des World Trade Center in New York besucht. &#8211; Am 20. September 2001 besucht Kultusministerin Hohlmeier die Schule und spricht mit den Sch\u00fclerinnen und Sch\u00fclern \u00fcber die Terroranschl\u00e4ge und die Folgen.<\/p>\n<p>Ein Sch\u00fcleraustausch der 9. Klassen findet im Schuljahr 2001\/2002 mit Hoddeston in England statt. Im gleichen Schuljahr werden im Rahmen der regionalen Begabtenf\u00f6rderung erstmals auch am RWG zwei Kurse abgehalten. Im gleichen Jahr wird von Sch\u00fclerinnen der Mittelstufe nach langer Zeit erstmals wieder eine Tanz-AG formiert.<\/p>\n<p>Bei der Herbststra\u00dfensammlung der Diakonie belegen die Sch\u00fcler des RWG die drei ersten Pl\u00e4tze.<\/p>\n<p>Im Dezember 2001 besuchen Sch\u00fclerinnen und Sch\u00fcler der K12 das Bayerische Armeemuseum in Ingolstadt. Die Teilnehmer verlassen das Haus nach Auskunft der Teilnehmer &#8222;regelrecht benommen&#8220;.<\/p>\n<h4>2002<\/h4>\n<p>Das RWG beteiligt sich im Januar 2002 zusammen mit anderen Bayreuther Schulen und in Kooperation mit der Geschichtswerkstatt Bayreuth an der Aktion &#8222;Denk-Stein&#8220;. So wird auch f\u00fcr jede der damals bekannten 38 j\u00fcdischen Mitb\u00fcrgerinnen, die in ihrer Schulzeit am RWG waren und die nach 1933 gewaltsam ums Leben kamen, ein Gedenkstein angefertigt und in einer Stahlpyramide hinterlegt, die bereits im November 2001 errichtet worden war. Eine Wanderausstellung unterrichtet zudem \u00fcber das Leben der B\u00fcrgerinnen. Die Stahlpyramide\u00a0 ist heute in der Eingangshalle des Neuen Rathauses in Bayreuth aufgestellt.<\/p>\n<p>Der Suchtpr\u00e4ventionstag der 7. Klassen besch\u00e4ftigt sich vor den Osterferien mit der Thematik &#8222;Suchtgef\u00e4hrdung und Drogenmissbrauch&#8220;.<\/p>\n<p>Eine der Abiturfahrten der K12 f\u00fchrt 2002 wieder nach Rom.<\/p>\n<p>Die Bigband des RWG veranstaltet zum zehnj\u00e4hrigen Bestehen im September 2002 ein Jubil\u00e4umskonzert.<\/p>\n<p>Sch\u00fclerinnen des Grundkurs Geschichte im Schuljahr 2002\/2003 treten im Rahmen des Projekts &#8222;Frauenleben im 19. Jahrhundert&#8220; im Stadtmuseum Bayreuth in historischen Kleidern auf.<\/p>\n<div id=\"attachment_15282\" style=\"width: 322px\" class=\"wp-caption aligncenter\"><a href=\"https:\/\/www.rwg-bayreuth.de\/home\/wp-content\/uploads\/2000\/02\/kleider_Museum_02_03.jpg\"><img loading=\"lazy\" decoding=\"async\" aria-describedby=\"caption-attachment-15282\" class=\"wp-image-15282 size-medium\" src=\"https:\/\/www.rwg-bayreuth.de\/home\/wp-content\/uploads\/2000\/02\/kleider_Museum_02_03-312x450.jpg\" alt=\"\" width=\"312\" height=\"450\" srcset=\"https:\/\/www.rwg-bayreuth.de\/home\/wp-content\/uploads\/2000\/02\/kleider_Museum_02_03-312x450.jpg 312w, https:\/\/www.rwg-bayreuth.de\/home\/wp-content\/uploads\/2000\/02\/kleider_Museum_02_03-250x361.jpg 250w, https:\/\/www.rwg-bayreuth.de\/home\/wp-content\/uploads\/2000\/02\/kleider_Museum_02_03.jpg 450w\" sizes=\"(max-width: 312px) 100vw, 312px\" \/><\/a><p id=\"caption-attachment-15282\" class=\"wp-caption-text\">2003 in historischen Kost\u00fcmen im Stadtmuseum<\/p><\/div>\n<h4>2003<\/h4>\n<p>Die 10. Klassen unternehmen erstmals eine Fahrt ins deutsch-deutsche Grenzmuseum M\u00f6dlareuth.<\/p>\n<p>Sch\u00fcler und Eltern von 5. und 8. Klassen renovieren im M\u00e4rz 2003 in Eigenleistung ihre Klassenzimmer, die einen farbenpr\u00e4chtigen Anstrich erhalten.<\/p>\n<p>Die Klettermannschaft des RWG erreicht einen dritten Platz bei den Ausscheidungswettk\u00e4mpfen bayerischer Schulen im Sportklettern und darf zum Landesfinale nach M\u00fcnchen reisen.<\/p>\n<p>Im September 2003 startet ein Sch\u00fcleraustausch des RWG mit dem Gymnasium Nad Kavalirkou in Prag.<\/p>\n<p>Auf Anordnung der bayerischen Staatsregierung werden im Oktober 2003 die Verk\u00fcrzung der gymnasialen Schulzeit um ein Jahr und die Einf\u00fchrung des &#8222;G8&#8220; verk\u00fcndet. Das neue achtj\u00e4hrige Gymnasium beginnt ab dem Schuljahr 2004\/2005 f\u00fcr die 5. und 6. Jahrgangsstufe. 2011 fand daher planm\u00e4\u00dfig das erste G8-Abitur an der Schule statt.<\/p>\n<p>Im November 2003 macht die Wanderausstellung &#8222;Nie wieder&#8220; zur Geschichte des Holocaust, erarbeitet von der Landeszentrale f\u00fcr politische Bildungsarbeit, am RWG Station.<\/p>\n<h4>2004<\/h4>\n<p>Bei der Abiturfeier 2004 verkleiden sich die Abiturientinnen und Abiturienten als Kannibalen, der schwergewichtige Schulleiter wird im Schulhof in einen gigantischen Kochtopf gesteckt und zubereitet.<\/p>\n<div id=\"attachment_15319\" style=\"width: 460px\" class=\"wp-caption aligncenter\"><a href=\"https:\/\/www.rwg-bayreuth.de\/home\/wp-content\/uploads\/2000\/02\/abifeier_2004_kochtopf.jpg\"><img loading=\"lazy\" decoding=\"async\" aria-describedby=\"caption-attachment-15319\" class=\"size-full wp-image-15319\" src=\"https:\/\/www.rwg-bayreuth.de\/home\/wp-content\/uploads\/2000\/02\/abifeier_2004_kochtopf.jpg\" alt=\"\" width=\"450\" height=\"368\" srcset=\"https:\/\/www.rwg-bayreuth.de\/home\/wp-content\/uploads\/2000\/02\/abifeier_2004_kochtopf.jpg 450w, https:\/\/www.rwg-bayreuth.de\/home\/wp-content\/uploads\/2000\/02\/abifeier_2004_kochtopf-250x204.jpg 250w\" sizes=\"(max-width: 450px) 100vw, 450px\" \/><\/a><p id=\"caption-attachment-15319\" class=\"wp-caption-text\">Der Schulleiters im Kochtopf bei der Abiturfeier 2004<\/p><\/div>\n<p>Die Sch\u00fclerinnen und Sch\u00fcler der 6. Klassen unternehmen vor den Sommerferien wieder wie jedes Schuljahr eine Exkursion an die Nordsee zum Wattenmeer.<\/p>\n<p>Mit dem Schuljahr 2004\/2005 beteiligt sich das RWG seit 10 Jahren am Comenius-Projekt der Europ\u00e4ischen Union. Mit den europ\u00e4ischen Comenius-Partnerschulen findet ein Austausch statt, die Themen &#8222;Making Europe &#8211; your community&#8220; und &#8222;The problem of water in the third millenium&#8220; werden behandelt.<\/p>\n<p>Die Fahrrad-AG unternimmt im Juli 2004 in zwei Gruppen eine Abschlussfahrt ins Allg\u00e4u, die sechs Tage dauert.<\/p>\n<p>Im September 2004 findet erneut eine der Abiturfahrten nach Rom statt.<\/p>\n<h4>2005<\/h4>\n<p>Im Schuljahr 2005\/2006 werden am RWG erstmals zw\u00f6lf Sch\u00fclerinnen zu Streitschlichtern ausgebildet.<\/p>\n<p>2005 kann erstmals an der Schule das franz\u00f6sische Sprachdiplom DELF abgelegt werden.<\/p>\n<p>Das RWG erh\u00e4lt beim i.s.i-Wettbewerb der bayerischen Schulen, dem j\u00e4hrlich verliehenen Innovationspreis der Stiftung Bildungspakt Bayern, einen Nominierungspreis.<\/p>\n<p>Die Siebtkl\u00e4ssler reisen bei ihrer Wintersportwoche zum 25. Mal nach Reichenau im Bayerischen Wald und werden vom dortigen B\u00fcrgermeister mit einer kleinen Feier geehrt.<\/p>\n<p>Am 11. M\u00e4rz wird im Rathaus in Bayreuth das drei\u00dfigj\u00e4hrige Jubil\u00e4um des Sch\u00fcleraustausches zwischen dem RWG und seinen Partnerschulen in Frankreich gefeiert. Seit 1977 findet ein regelm\u00e4\u00dfiger Austausch mit dem Lyc\u00e9e Berthollet in Annecy statt, der franz\u00f6sischen Partnerstadt von Bayreuth.<\/p>\n<p>Die Klasse 8e beteiligt sich am bayernweiten Filmprojekt &#8222;Film@Schule&#8220; und entwirft daf\u00fcr eine Idee in Form einer Kurzgeschichte. Diese Idee wird von einem Filmteam der Bavaria Filmstudios in M\u00fcnchen aufgegriffen und im April 2004 unter dem Titel &#8222;Die blaue Brille&#8220; in Bayreuth auf die Leinwand gebannt. Der Film wird auf dem internationalen Festival Ciak Junior in Treviso gezeigt, wozu auch sieben Sch\u00fclerinnen des RWG anreisen d\u00fcrfen. Die Verfilmung bekommt am Ende in zwei Kategorien zwei erste Preise.<\/p>\n<p>Erstmals wird an der Schule eine M\u00e4dchen-Fu\u00dfballmannschaft aufgestellt. Sie gibt Deb\u00fct bei einem M\u00e4dchenturnier an, das der BFV Oberfranken veranstaltet, und erreicht in der Gruppe B in einem dramatischen Endspiel einen vierten Rang, in der Gesamtwertung schlie\u00dflich den 7. Rang.<\/p>\n<h4>2006<\/h4>\n<p>Der Sch\u00fcleraustausch mit La Spezia besteht seit 20 Jahren, im M\u00e4rz 2006 wird eine Jubli\u00e4umsveranstaltung in der italienischen Stadt ausgerichtet. Seit 1999 ist La Spezia auch Partnerstadt von Bayreuth.<\/p>\n<p>Im Rahmen der Aktion &#8222;Fit am Ball&#8220; absolvieren im Mai 2006 Sch\u00fclerinnen und Sch\u00fcler einen Trainingseinheit mit Spielern des Fu\u00dfball-Regionalligisten SpVgg Bayreuth.<\/p>\n<p>Mit Mitteln aus dem &#8222;Investitionsprogramm Zukunft, Bildung und Betreuung&#8220; der Bundesregierung kann am 21. Juli 2006 durch den Oberb\u00fcrgermeister der Spatenstich f\u00fcr die neue Mensa erfolgen, die an der Stelle der abgerissenen alten Fahrradhalle errichtet wird. Die Mensa wird 2007 in Betrieb genommen.<\/p>\n<p>Im Schuljahr 2006\/2007 koordiniert das RWG das europ\u00e4ische Comenius-Schulentwicklungsprogramm &#8222;Developing Digital Skills@School&#8220;, durch das die Computerfertigkeiten an den Schulen vertieft werden sollen.<\/p>\n<p>Erstmals wird in Schuljahr 2006\/2007 ein Schulsanit\u00e4tsdienst eingerichtet. Die teilnehmenden Sch\u00fcler m\u00fcssen einen Kurs beim Bayerischen Roten Kreuz absolvieren und eine Pr\u00fcfung ablegen.<\/p>\n<h4>2007<\/h4>\n<p>Da es im Januar 2007 im Bayerischen Wald Schneemangel gibt, wird f\u00fcr den Skikurs der 7. Klassen flugs ein Ersatzprogramm mit Wanderungen und Stadtbesuchen organisiert.<\/p>\n<p>Beim Regionalwettbewerb von &#8222;Jugend forscht 2007&#8220; wird eine Sch\u00fclerin der K13 Regionalsiegerin in Chemie und anschlie\u00dfend einen Sonderpreis des Landeswettbewerbs in Bayern. Die Sch\u00fclerin erh\u00e4lt f\u00fcr ihre Facharbeit in Chemie auch zwei weitere nationale Preise. Beim Bundeswettbewerb Fremdsprachen 2007 erh\u00e4lt ebenfalls eine Sch\u00fclerin des RWG einen ersten Preis.<\/p>\n<p>In der Stadt Bayreuth wird ein Jugendparlament eingerichtet. Mehrere Sch\u00fclerinnen und Sch\u00fcler des RWG werden Jugendparlamentarier.<\/p>\n<p>Vor den Pfingstferien findet am R\u00f6hrensee in Bayreuth der erste RWG-Fun-Run statt: Die Sch\u00fclerinnen und Sch\u00fcler laufen um den See. F\u00fcr jede Runde zahlen Sponsoren einen Euro, der Endbetrag von 2000 Euro wird schlie\u00dflich an das Heilp\u00e4dagogische Zentrum \u00fcberwiesen.<\/p>\n<p>Zwei Sch\u00fclerinnen aus der Oberstufe des RWG wandern in zwei Wochen auf dem Jakobsweg in Spanien das 350 Kilometer lange Teilst\u00fcck von Oviedo bis nach Santiago de Compostella.<\/p>\n<p>Als Erweiterung des Schulprofils wird auf Beschluss der Lehrerkonferenz dem RWG ein wirtschaftswissenschaftlicher Zweig angegliedert. Er kann erstmals von Sch\u00fclerinnen und Sch\u00fclern besucht werden, die sich f\u00fcr die 5. Klassen des Schuljahrs 2008\/2009 angemeldet haben.<\/p>\n<p>Im Schulgeb\u00e4ude wird zur Erinnerung an den Namensgeber der Schule der Gipsabdruck der Marmorb\u00fcste von Richard Wagner aufgestellt, die 1873 von Gustav Adolf Kietz (1824-1908) geschaffen wurde. Die originale B\u00fcste befindet sich in der Villa Wahnfried in Bayreuth. Der Gipsabdruck ist einen freundliche Dauerleihgabe des Richard-Wagner-Museums Bayreuth.<\/p>\n<div id=\"attachment_15291\" style=\"width: 344px\" class=\"wp-caption aligncenter\"><a href=\"https:\/\/www.rwg-bayreuth.de\/home\/wp-content\/uploads\/2017\/04\/bueste-3.jpg\"><img loading=\"lazy\" decoding=\"async\" aria-describedby=\"caption-attachment-15291\" class=\"wp-image-15291 size-medium\" src=\"https:\/\/www.rwg-bayreuth.de\/home\/wp-content\/uploads\/2017\/04\/bueste-3-334x450.jpg\" alt=\"\" width=\"334\" height=\"450\" srcset=\"https:\/\/www.rwg-bayreuth.de\/home\/wp-content\/uploads\/2017\/04\/bueste-3-334x450.jpg 334w, https:\/\/www.rwg-bayreuth.de\/home\/wp-content\/uploads\/2017\/04\/bueste-3-250x336.jpg 250w, https:\/\/www.rwg-bayreuth.de\/home\/wp-content\/uploads\/2017\/04\/bueste-3.jpg 440w\" sizes=\"(max-width: 334px) 100vw, 334px\" \/><\/a><p id=\"caption-attachment-15291\" class=\"wp-caption-text\">B\u00fcste Richard Wagners von Gustav Adolf Kietz<\/p><\/div>\n<p>Eine Werbeagentur erstellt ein neues Schul-Logo, das seither die Schreiben und Objekte des RWG ziert.<br \/>\n<a href=\"https:\/\/www.rwg-bayreuth.de\/home\/wp-content\/uploads\/2016\/11\/cropped-Logo_RWG_RGB-1.jpg\"><img loading=\"lazy\" decoding=\"async\" class=\"aligncenter wp-image-11091 size-medium\" src=\"https:\/\/www.rwg-bayreuth.de\/home\/wp-content\/uploads\/2016\/11\/cropped-Logo_RWG_RGB-1-300x300.jpg\" alt=\"\" width=\"300\" height=\"300\" \/><\/a><\/p>\n<p>Am RWG wird als fester Bestandteil der informationstechnischen Ausbildung f\u00fcr die 6. Klassen ein Kurs Tastaturschreiben eingerichtet.<\/p>\n<p>Im Schuljahr 2007\/2008 belegt beim Vorlesewettbewerb der bayerischen Gymnasien eine Sch\u00fclerin den ersten Platz auf Landesebene. Insgesamt 49 Auszeichnungen gibt es bei Europ\u00e4ischen Wettbewerb, weitere Auszeichnungen erhalten die Teilnehmer der Fremdsprachenwettbewerbe.<\/p>\n<p>Im gleichen Schuljahr wird eine Segel-AG gegr\u00fcndet, die dank der Spende eine Lehrerin auch \u00fcber ein eigenes kleines Segelboot verf\u00fcgt. &#8222;Tine&#8220; ist der Name des RWG-Schulschiffs, das auf dem Wei\u00dfenst\u00e4dter See kreuzt. Der Schulleiter, ein erfahrener Hochsee-Segler, \u00fcbernimmt das Kommando.<\/p>\n<h4>2008<\/h4>\n<p>Seit dem Schuljahr 2008\/2009 kann an der Schule das offizielle Sprachzertifikat DELE f\u00fcr Spanisch abgelegt werden.<\/p>\n<p>Der Gang vor den Physiks\u00e4len im Mittelbau wird vom Leistungskurs Kunst mit einem 40 Meter langen Wandbild geschm\u00fcckt, das eine interstellare Phantasiereise erm\u00f6glicht.<\/p>\n<p>Im Mai 2008 wird das RWG durch das Kultusministerium zur St\u00fctzpunktschule f\u00fcr den Klettersport ernannt.<\/p>\n<p>Sch\u00fclerinnen des RWG beteiligen sich im Februar 2008 erstmals an einem Sch\u00fcleraustausch mit Australien. Nach insgesamt 19 Stunden Flug und drei Stunden Busfahrt wird die Austauschschule erreicht, das Flinders Christian Community College in Melbourne. Nach Melbourne, an die Parks und an die K\u00fcste werden Ausfl\u00fcge unternommen.<\/p>\n<p>Mit Beginn des Schuljahrs 2008\/2009 besteht am RWG eine Nachmittagsbetreuung f\u00fcr die Sch\u00fclerinnen und Sch\u00fcler der Unter- und Mittelstufe, die nach dem Modell der &#8222;offenen Ganztagsschule&#8220; eingerichtet wird. Damit wird auch dem vermehrten Nachmittagsunterricht am G8 Rechnung getragen. Die Betreuung erfolgt in Kooperation mit dem Evangelischen Dekanat Bayreuth, eigene Erzieherinnen und Erzieher k\u00fcmmern sich um die teilnehmenden Sch\u00fcler.<\/p>\n<p>Am RWG wird auf Beschluss des Kultusministeriums ein Studienseminar f\u00fcr sechs Unterrichtsf\u00e4cher eingerichtet, das im Schuljahr 2008\/2009 startet. Es werden nun Referendare in den F\u00e4chern Deutsch, Englisch, Italienisch, Spanisch, Geschichte und Geographie ausgebildet. Das Seminar f\u00fcr Musik endet bedauerlicherweise.<\/p>\n<p>In den Sommerferien 2008 werden die Chemie-Fachr\u00e4ume umfassend saniert und modernisiert, nachdem zuvor schon bereits der Physik-Trakt komplett renoviert worden ist. Die Chemie-R\u00e4ume werden am 12. Dezember vom Oberb\u00fcrgermeister in einem kleinen Festakt eingeweiht.<\/p>\n<p>F\u00fcr die j\u00e4hrliche Aktion &#8222;Weihnachtsp\u00e4ckchen f\u00fcr Kinder in Not&#8220;, die vom Verein Round Table 98 Bayreuth e. V. durchgef\u00fchrt wird, spenden die Sch\u00fclerinnen und Sch\u00fcler des RWG 200 P\u00e4ckchen.<\/p>\n<p>Am 20. November 2008 wird eine Sch\u00fclerin des RWG erneut bei der Jugendehrung der Stadt Bayreuth ausgezeichnet, nachdem sie mit ihren Rechenk\u00fcnsten wie schon in den Vorjahren den ersten Preis bei der F\u00fcrther Mathematik-Olympiade errungen hat.<\/p>\n<p>Sch\u00fcler der 8. und 9. Jahrgangsstufe nehmen Ende November am bundesweiten Sch\u00fclerwettbewerb zur politischen Bildung teil. Die Klasse 10b erringt auf Bundesebene eine dritten Preis und erh\u00e4lt eine hohe Geldauszeichnung.<\/p>\n<h4>2009<\/h4>\n<p>Am 19. Juni 2009 wird im Rahmen des &#8222;Trinkwasserprojekts&#8220; im Sommer 2009 im Schulgeb\u00e4ude ein Trinkbrunnen eingeweiht, der vom Lions-Club Bayreuth-Kulmbach gef\u00f6rdert wird. Damit soll auf die wachsende Bedeutung von sauberem Trinkwasser aufmerksam gemacht werden.<\/p>\n<p>Sch\u00fclerinnen und Sch\u00fcler der Unterstufe nehmen am naturwissenschaftlichen Wettbewerb &#8222;Experimente antworten&#8220; teil und erhalten eine Urkunde. Erstmals beteiligen sich auch Sch\u00fcler an der Internationalen Junior Science Olympiade, die zum sechsten Mal stattfindet.<\/p>\n<p>Im Sommer 2009 wird in der Au\u00dfensportanlage auf der nur noch wenig genutzten Kugelsto\u00dfanlage ein Platz f\u00fcr Beachvolleyball eingerichtet.<\/p>\n<p>Im Mai 2009 findet die letzte Europafahrt statt, der langj\u00e4hrige Fahrtenleiter geht mit Ablauf des Schuljahrs in den Ruhestand.<\/p>\n<p>Eine der Abiturfahrten bricht 2009 wieder nach Ungarn auf.<\/p>\n<p>Im Schulgarten des RWG entsteht bereits im Juli 2009 eine Wildblumenwiese, die auch ein Bienenhotel beherbergt. Im November 2009 werden f\u00fcnf neue Obstb\u00e4ume angeliefert und eingepflanzt, die beim Wettbewerb &#8222;Green Stars&#8220; gewonnen wurden, wo das Projekt &#8222;Wildbienenbiotop am RWG&#8220; vorgestellt wurde.<\/p>\n<p>Im Rahmen der regionalen Begabtenf\u00f6rderung wird 2009\/2010 ein naturwissenschaftlicher Kurs &#8222;Chemieexperten&#8220; f\u00fcr Sch\u00fclerinnen und Sch\u00fcler der Jahrgangsstufen 7 und 8 eingerichtet.<\/p>\n<p>Im Dezember 2009 ist das RWG Gastgeber f\u00fcr Lehrerinnen und Lehrer aus Italien und Polen, die sich mit Lehrern des RWG am Comenius-Projekt &#8222;Aktive Sch\u00fcler heute &#8211; m\u00fcndige B\u00fcrger von morgen&#8220; beteiligen. Es wird f\u00fcr die Dauer von zwei Jahren ein Partnerschaft der Schulen der teilnehmenden Lehrer eingerichtet.<\/p>\n<p>Der Leistungskurs Kunst K13 gestaltet die Eingangst\u00fcr f\u00fcr den Gesch\u00fctzten Bereich\u00a0 der Seniorenresidenz am Glasenweiher.<\/p>\n<p>Das RWG engagiert sich in mehreren Projekten f\u00fcr den Klimaschutz und wird daher im Rahmen der &#8222;Aktion Klima!&#8220; des Bundesumweltministeriums zur &#8222;Klimasschutzschule&#8220; ernannt. Die Schule wird im Februar 2010 auch in den &#8222;Klimaschutzschulenatlas&#8220; aufgenommen.<\/p>\n<p>Zwei Deutsch-Kurse der Oberstufe reisen im Februar 2010 nach Weimar.<\/p>\n<p>Im M\u00e4rz 2010 belegt eine Sch\u00fclerin des RWG beim Regionalwettbewerb &#8222;Jugend forscht&#8220; im der Sparte Arbeitswelt einen ersten Platz und qualifiziert sich f\u00fcr den Landeswettbewerb in M\u00fcnchen. Sie wird auch mit dem Sonderpreis der Christoffel-Blindenstiftung ausgezeichnet. &#8211; Eine Sch\u00fclerin des 9c gewinnt f\u00fcr das RWG Silber bei der Deutschen Mathe-Olympiade in G\u00f6ttingen.<\/p>\n<p>Im Mai 2010 unternehmen katholische und evangelische Sch\u00fclerinnen und Sch\u00fcler gemeinsam eine Fahrt zum 2. \u00d6kumenischen Kirchentag in M\u00fcnchen.<\/p>\n<p>Eine Reit-AG der Schule sattelt seit dem Schuljahr 2010\/2011 die R\u00f6sser bzw. die Ponys.<\/p>\n<p>Eine der Abifahrten der K12 geht 2010 nach Kroatien.<\/p>\n<p>Im Schuljahr 2010\/2011 findet am RWG wie an allen anderen Gymnasien in Bayern ein doppeltes Abitur statt: Der letzte Jahrgang des G9 und der erste Jahrgang des G8 verlassen mit dem Abschlusszeugnis die Schule. Durch den Wegfall der 13. Klasse schrumpft die Zahl der Sch\u00fcler am RWG im Schuljahr 2011\/2012 von 900 auf 800 Sch\u00fclerinnen und Sch\u00fcler.<\/p>\n<h4>2011<\/h4>\n<p>Im Juli 2011 besteht die Partnerschaft der Schule mit der Diakonie in Bayreuth seit f\u00fcnf Jahren.<\/p>\n<p>Im Rahmen des letzten Grundkurses Geschichte der K13 (G9) wird das Bundesarchiv f\u00fcr Lastenausgleich in Bayreuth besucht. In den Regalkilometern des Archivs sind die Schicksale von Millionen Menschen verzeichnet, die durch den Zweiten Weltkrieg zu Opfern des Krieg und der Vertreibung wurden.<\/p>\n<p>Im Rahmen einer Facharbeit wird durch eine Abiturientin der K13 ein biblischer Garten im Haus der Begegnung an der Eubener Stra\u00dfe gestaltet. Gezeigt werden in f\u00fcnf Bereichen Pflanzen aus dem gelobten Land.<\/p>\n<p>Erneut erreicht beim Bundeswettbewerb Mathematik in Schweinfurt eine Sch\u00fclerin des RWG, die nun die 10c besucht, einen der ersten Preise.<\/p>\n<p>Beim Wettbewerb &#8222;Jugend forscht&#8220; 2011 geh\u00f6rt das RWG mit seinen 14 Jungforschern zu den f\u00fcnf besten Schulen Oberfrankens.<\/p>\n<p>Im Schuljahr 2011\/2012 ist jeder vierte Sch\u00fcler des RWG in einem der Musikensembles der Schule aktiv und lernt ein Instrument oder erh\u00e4lt Unterricht in Gesang.<\/p>\n<p>Am 21. Oktober 2011 gastiert die Ausstellung &#8222;Volk auf dem Weg. Geschichte und Gegenwart der Deutschen aus Russland&#8220; am RWG.<\/p>\n<p>Vom 17. bis zum 21. Oktober 2011 beteiligt sich das RWG an der bayernweiten &#8222;Woche der Gesundheit und Nachhaltigkeit in den Schulen&#8220;.<\/p>\n<p>Im Dezember 2011 wird das &#8222;Lesende Klassenzimmer&#8220;, die neue Bibliothek f\u00fcr die Unter- und Mittelstufe, im 1. Stock des Neubaus neben der Pausenhalle in Betrieb genommen. Elternbeirat und Stadtsparkasse Bayreuth beteiligten sich als Sponsoren am Umbau.<\/p>\n<h4>2012<\/h4>\n<p>Das Schuljahr 2012\/2013 steht im Zeichen des Namensgebers der Schule. Aus Anlass des 200. Geburtstags von Richard-Wagner finden viele Aktivit\u00e4ten statt, unter anderem ein &#8222;Richard-Wagner-Puppenspiel&#8220;, verschiedene musikalische Auff\u00fchrungen, ein Schreib- und mehrere Kunstprojekte.<\/p>\n<p>Im Rahmen der Partnerschaft mit der Diakonie findet erneut eine Info-Veranstaltung zum Thema &#8222;Freiwilliges Soziales Jahr (FSJ) und Bundesfreiwilligendienst (BFD) in den Einrichtungen der Diakonie Bayreuth&#8220; statt.<\/p>\n<p>Im Schuljahr 2012\/2013 beginnt die &#8222;B\u00fcchermafia&#8220; mit ihrer Arbeit: Eine Gruppe von Sch\u00fclerinnen und Sch\u00fcler der Unter- und Mittelstufe betreut das neue &#8222;Lesende Klassenzimmer&#8220;, die zweite Sch\u00fclerb\u00fccherei des RWG. Die Sch\u00fcler pflegen auch selbst den Bibliotheksserver, mit dem die Buchbest\u00e4nde verwaltet werden und mit dem die Ausleihe der B\u00fccher organisiert wird.<\/p>\n<p>Erstmals in diesem Schuljahr nehmen alle f\u00fcnften und sechsten Klassen in Mathematik am internationalen Wettbewerb &#8222;K\u00e4nguru&#8220; teil.<\/p>\n<h4>2013<\/h4>\n<p>Am 19. Februar 2013 wird beim Projekttag &#8222;Klima&#8220; das Schulgeb\u00e4ude von Sch\u00fclern mit Hilfe einer W\u00e4rmebildkamera auf W\u00e4rmeverluste untersucht.<\/p>\n<p>Im April und Mai 2013 besuchen 21 Buben der Palmerston North Boys&#8216; High School aus Neuseeland das RWG.<\/p>\n<p>Das P-Seminar &#8222;Welche M\u00e4nner und Frauen braucht das Land?&#8220; im Fach Evangelische Religionslehre wird vom Ausbildungsreferat der Evangelisch-Lutherischen Landeskirche in M\u00fcnchen mit einem Preis ausgezeichnet.<\/p>\n<p>Eine der Abifahrten f\u00fchrt in diesem Jahr wieder nach Rom, eine wieder nach Budapest, eine andere Gruppe der Q12 unternimmt erneut wie schon in den Vorjahren einen Segelt\u00f6rn durch das IJsselmeer in Holland.<\/p>\n<p>F\u00fcr das Schuljahr 2013\/2014 wird das RWG als eine von f\u00fcnf Schulen der Bundesrepublik in das F\u00f6rderprogramm &#8222;NaWigator&#8220;, das vom Institut der P\u00e4dagogik der Naturwissenschaften in Kiel initiiert wurde, aufgenommen.<\/p>\n<p>Das RWG beteiligt sich seit \u00fcber 15 Jahren am Comenius-Austauschprogramm der Europ\u00e4ischen Union. Im Herbst 2013 brechen im Rahmen des Programms Sch\u00fcler- und Lehrergruppen nach Gleiwitz in Polen, Trabzon in der T\u00fcrkei und nach La Spezia in Italien auf.<\/p>\n<p>Bei der Jugendehrung der Stadt Bayreuth am 22. November 2013 im Europasaal des Zentrums werden insgesamt 65 Sch\u00fclerinnen und Sch\u00fcler des RWG f\u00fcr ihre Aktivit\u00e4ten und Wettbewerbsbeitr\u00e4ge ausgezeichnet.<\/p>\n<p>An Weihnachten 2013 werden am RWG f\u00fcr die Opfer der Taifun-Katastrophe auf den Philippinen knapp 1000 Euro gesammelt.<\/p>\n<h4>2014<\/h4>\n<p>F\u00fcr die Sch\u00fclerinnen und Sch\u00fcler der Oberstufe wird am 17. Februar 2014 erstmals eine schulinterne Berufsmesse durchgef\u00fchrt, an der sich zahlreiche Firmen und Beh\u00f6rden aus der Region beteiligen.<\/p>\n<p>Die Mountainbike-AG des RWG erh\u00e4lt am 18. Februar 2014 von Sponsoren f\u00fcr ihren &#8222;Bikepool&#8220; sieben nagelneue hochwertige Fahrr\u00e4der. In Keller wird eine eigene Fahrradkammer eingerichtet.<\/p>\n<p>Der amerikanische Generalkonsul William E. Moeller besucht im Juni 2014 w\u00e4hrend seines Aufenthalts in Bayreuth auch das RWG.<\/p>\n<p>An der bei Sch\u00fclern und Eltern hochgesch\u00e4tzten Koch-AG des RWG nehmen im Schuljahr 2014\/2015 140 Sch\u00fclerinnen und Sch\u00fcler teil.<\/p>\n<p>Im Schuljahr 2014\/2015 k\u00f6nnen die Sch\u00fclerinnen und Sch\u00fcler des wirtschaftswissenschaftlichen Zweigs erstmals ein einw\u00f6chiges Betriebspraktikum absolvieren. In diesem Schuljahr werden auch wieder Streitschlichter ausgebildet, unter denen nun erstmals auch drei Jungs sind. Zudem sind die Streitschlichter nun &#8222;mobil&#8220;, sie sind jetzt wie die Schulsanit\u00e4ter jederzeit erreichbar.<\/p>\n<div id=\"attachment_15321\" style=\"width: 460px\" class=\"wp-caption aligncenter\"><a href=\"https:\/\/www.rwg-bayreuth.de\/home\/wp-content\/uploads\/2000\/02\/weimarfahrt2014.jpg\"><img loading=\"lazy\" decoding=\"async\" aria-describedby=\"caption-attachment-15321\" class=\"wp-image-15321 size-full\" src=\"https:\/\/www.rwg-bayreuth.de\/home\/wp-content\/uploads\/2000\/02\/weimarfahrt2014.jpg\" alt=\"\" width=\"450\" height=\"356\" srcset=\"https:\/\/www.rwg-bayreuth.de\/home\/wp-content\/uploads\/2000\/02\/weimarfahrt2014.jpg 450w, https:\/\/www.rwg-bayreuth.de\/home\/wp-content\/uploads\/2000\/02\/weimarfahrt2014-250x198.jpg 250w\" sizes=\"(max-width: 450px) 100vw, 450px\" \/><\/a><p id=\"caption-attachment-15321\" class=\"wp-caption-text\">Fahrt nach Weimar 2014<\/p><\/div>\n<div id=\"attachment_12828\" style=\"width: 460px\" class=\"wp-caption aligncenter\"><a href=\"https:\/\/www.rwg-bayreuth.de\/home\/wp-content\/uploads\/2017\/01\/023-Weimar-1921-vor-Goethes-Gartenhaus-mit-Direktor-Pauli-.jpg\"><img loading=\"lazy\" decoding=\"async\" aria-describedby=\"caption-attachment-12828\" class=\"size-full wp-image-12828\" src=\"https:\/\/www.rwg-bayreuth.de\/home\/wp-content\/uploads\/2017\/01\/023-Weimar-1921-vor-Goethes-Gartenhaus-mit-Direktor-Pauli-.jpg\" alt=\"\" width=\"450\" height=\"300\" srcset=\"https:\/\/www.rwg-bayreuth.de\/home\/wp-content\/uploads\/2017\/01\/023-Weimar-1921-vor-Goethes-Gartenhaus-mit-Direktor-Pauli-.jpg 450w, https:\/\/www.rwg-bayreuth.de\/home\/wp-content\/uploads\/2017\/01\/023-Weimar-1921-vor-Goethes-Gartenhaus-mit-Direktor-Pauli--150x100.jpg 150w, https:\/\/www.rwg-bayreuth.de\/home\/wp-content\/uploads\/2017\/01\/023-Weimar-1921-vor-Goethes-Gartenhaus-mit-Direktor-Pauli--300x200.jpg 300w, https:\/\/www.rwg-bayreuth.de\/home\/wp-content\/uploads\/2017\/01\/023-Weimar-1921-vor-Goethes-Gartenhaus-mit-Direktor-Pauli--250x167.jpg 250w\" sizes=\"(max-width: 450px) 100vw, 450px\" \/><\/a><p id=\"caption-attachment-12828\" class=\"wp-caption-text\">Fahrt nach Weimar 1921 mit Direktor Pauli<\/p><\/div>\n<h4>2015<\/h4>\n<p>Am 6. Februar 2015 veranstaltet die Fachschaft Geographie eine Filmvorf\u00fchrung in der Aula zum Thema Umwelterziehung: &#8222;Wie wollt ihr in Zukunft leben?&#8220; &#8211; Fair Future II am RWG.<\/p>\n<p>Vom 5. bis 14. M\u00e4rz 2015 besuchen 34 Austauschsch\u00fcler aus Annecy das RWG. Mit einem Festakt wird daran erinnert, dass seit 40 Jahren eine Partnerschaft mit Schulen in Annecy besteht.<\/p>\n<p>Das RWG kann im April 2015 erneut eine Ausstellung im Kunstmuseum Bayreuth ausrichten, diesmal mit Zeichnungen im Stil ostasiatischer Tuschmalereien, die von der Unter- und Mittelstufe gestaltet wurden.<\/p>\n<p>Der sozialwissenschaftliche Zweig des RWG kann 2015 auf sein f\u00fcnfzigj\u00e4hriges Bestehen zur\u00fcckblicken. Er wurde 1965 eingef\u00fchrt. An einem Festakt mit einem Podiumsgespr\u00e4ch im Oktober 2015 nehmen auch fr\u00fchere Sch\u00fclerinnen des RWG teil, darunter die Oberb\u00fcrgermeisterin der Stadt Bayreuth Brigitte Merk-Erbe, die Landtagsabgeordnete Gudrun Brendel-Fischer, die Stadtr\u00e4tin G\u00fclcin Sahin und Prof. Dr. Susanne Tittlbach von der Uni Bayreuth.<\/p>\n<p>Das RWG ist 2014\/2015 zweiter Landessieger beim Bundeswettbewerb Fremdsprachen.<\/p>\n<p>2014 beteiligen sich insgesamt 77 Sch\u00fclerinnen und Sch\u00fcler der Unterstufe an der International Junior Science Olympiade, einem Wettbewerb f\u00fcr Biologie, Chemie und Physik. Die Besten werden auf dem Schulfest im Sommer 2015 ausgezeichnet.<\/p>\n<p>Mit dem Schuljahr 2015\/2016 wird das Programm KOMPASS am RWG eingef\u00fchrt: Den Sch\u00fclerinnen und Sch\u00fclern der jeweils neuen 5. Klassen soll der Start am RWG erleichtert werden, indem die Bildung der Klassengemeinschaft gef\u00f6rdert wird und Arbeitstechniken und Lernstrategien einge\u00fcbt werden.<\/p>\n<p>Im Oktober 2015 wird das RWG durch Vertreter des Kultusministeriums, der Wirtschaft und der Technik als MINT-freundliche Schule ausgezeichnet, also als Schule, an der Mathematik, Informatik, Naturwissenschaften und Technik besonders gef\u00f6rdert werden. F\u00fcr die Auszeichnung wurde das RWG von einer Fachjury nach bundesweit einheitlichen Kriterien \u00fcberpr\u00fcft. Der Titel muss alle drei Jahr neu erworben werden.<\/p>\n<h4>2016<\/h4>\n<p>Im Februar 2016 werden acht Sch\u00fclerinnen und Sch\u00fcler mit dem neu geschaffenen Ritchie-Schulpreis ausgezeichnet.<\/p>\n<p>Am 16. Februar 2016 besuchen die 10. Klassen des sozialwissenschaftlichen Zweigs den Landtag in M\u00fcnchen und werden von den regionalen Abgeordneten zu einem Gespr\u00e4ch empfangen.<\/p>\n<p>Im Februar 2016 wird die neue Kletterwand des RWG eingeweiht, die in der Dreifachturnhalle eingerichtet wurde. Die Kletter-AGs verf\u00fcgen nun \u00fcber 100 Quadratmeter Kletterfl\u00e4che mit zw\u00f6lf Seillinien und unterschiedlicher Wandstruktur.<\/p>\n<div id=\"attachment_9755\" style=\"width: 360px\" class=\"wp-caption aligncenter\"><a href=\"https:\/\/www.rwg-bayreuth.de\/home\/wp-content\/uploads\/2016\/04\/2015-16_Klettergast_web.jpg\"><img loading=\"lazy\" decoding=\"async\" aria-describedby=\"caption-attachment-9755\" class=\"size-full wp-image-9755\" src=\"https:\/\/www.rwg-bayreuth.de\/home\/wp-content\/uploads\/2016\/04\/2015-16_Klettergast_web.jpg\" alt=\"\" width=\"350\" height=\"233\" srcset=\"https:\/\/www.rwg-bayreuth.de\/home\/wp-content\/uploads\/2016\/04\/2015-16_Klettergast_web.jpg 350w, https:\/\/www.rwg-bayreuth.de\/home\/wp-content\/uploads\/2016\/04\/2015-16_Klettergast_web-150x100.jpg 150w, https:\/\/www.rwg-bayreuth.de\/home\/wp-content\/uploads\/2016\/04\/2015-16_Klettergast_web-300x200.jpg 300w, https:\/\/www.rwg-bayreuth.de\/home\/wp-content\/uploads\/2016\/04\/2015-16_Klettergast_web-250x166.jpg 250w\" sizes=\"(max-width: 350px) 100vw, 350px\" \/><\/a><p id=\"caption-attachment-9755\" class=\"wp-caption-text\">Die neue Kletterwand in der Turnhalle<\/p><\/div>\n<p>Das RWG ist im Jahr 2016 mit zahlreichen Veranstaltungen auf der Landesgartenschau vertreten, die in diesem Jahr von der Stadt Bayreuth ausgerichtet wird. Das RWG beteiligt sich mit Theaterauff\u00fchrungen, Kunstvorf\u00fchrungen, Konzerten und verschiedenen Mitmach-Aktionen.<\/p>\n<div id=\"attachment_15317\" style=\"width: 460px\" class=\"wp-caption aligncenter\"><a href=\"https:\/\/www.rwg-bayreuth.de\/home\/wp-content\/uploads\/2000\/02\/landesgartenschau_2016.jpg\"><img loading=\"lazy\" decoding=\"async\" aria-describedby=\"caption-attachment-15317\" class=\"size-full wp-image-15317\" src=\"https:\/\/www.rwg-bayreuth.de\/home\/wp-content\/uploads\/2000\/02\/landesgartenschau_2016.jpg\" alt=\"\" width=\"450\" height=\"455\" srcset=\"https:\/\/www.rwg-bayreuth.de\/home\/wp-content\/uploads\/2000\/02\/landesgartenschau_2016.jpg 450w, https:\/\/www.rwg-bayreuth.de\/home\/wp-content\/uploads\/2000\/02\/landesgartenschau_2016-445x450.jpg 445w, https:\/\/www.rwg-bayreuth.de\/home\/wp-content\/uploads\/2000\/02\/landesgartenschau_2016-250x253.jpg 250w\" sizes=\"(max-width: 450px) 100vw, 450px\" \/><\/a><p id=\"caption-attachment-15317\" class=\"wp-caption-text\">RWG-Plakat zur Landesgartenschau 2016 in Bayreuth<\/p><\/div>\n<p>Der Sch\u00fcleraustausch mit La Spezia besteht seit 30 Jahren und wird in der Aula im Mai 2016 mit einem Festakt gefeiert.<\/p>\n<h4>2017<\/h4>\n<p>Die Schule wird in diesem Jahr 150 Jahre alt. Im Februar wird daher im Schulhof die &#8222;Jubil\u00e4umsfahne&#8220; gehisst, um das Ereignis anzuzeigen.<\/p>\n<div id=\"attachment_13556\" style=\"width: 310px\" class=\"wp-caption aligncenter\"><a href=\"https:\/\/www.rwg-bayreuth.de\/home\/wp-content\/uploads\/2009\/11\/16-17-Fahnenhissung450l.jpg\"><img loading=\"lazy\" decoding=\"async\" aria-describedby=\"caption-attachment-13556\" class=\"wp-image-13556 size-medium\" src=\"https:\/\/www.rwg-bayreuth.de\/home\/wp-content\/uploads\/2009\/11\/16-17-Fahnenhissung450l-300x247.jpg\" alt=\"\" width=\"300\" height=\"247\" srcset=\"https:\/\/www.rwg-bayreuth.de\/home\/wp-content\/uploads\/2009\/11\/16-17-Fahnenhissung450l-300x247.jpg 300w, https:\/\/www.rwg-bayreuth.de\/home\/wp-content\/uploads\/2009\/11\/16-17-Fahnenhissung450l-150x124.jpg 150w, https:\/\/www.rwg-bayreuth.de\/home\/wp-content\/uploads\/2009\/11\/16-17-Fahnenhissung450l-250x206.jpg 250w, https:\/\/www.rwg-bayreuth.de\/home\/wp-content\/uploads\/2009\/11\/16-17-Fahnenhissung450l.jpg 450w\" sizes=\"(max-width: 300px) 100vw, 300px\" \/><\/a><p id=\"caption-attachment-13556\" class=\"wp-caption-text\">Hissung der Jubil\u00e4ums-Fahne 2017<\/p><\/div>\n<p>Im Februar 2017 werden alle\u00a0Teams des RWG, die beim Regionalwettbewerb &#8222;Jugend forscht&#8220; angetreten sind, mit Preisen ausgezeichnet.<\/p>\n<p>Bei Landeswettbewerb Alte Sprachen im M\u00e4rz 2017 kommt ein Sch\u00fcler des RWG auf Platz eins unter den oberfr\u00e4nkischen Gymnasien.<\/p>\n<p>Im April 2017 wird die R\u00fcckkehr der bayerischen Gymnasien zum G9 verk\u00fcndet. Alle Sch\u00fclerinnen und Sch\u00fcler, die von nun an neu f\u00fcr die 5. Klassen des RWG angemeldet werden, werden wieder neun Jahre an der Schule bleiben. Es soll aber auch die Wahl geben, in nur acht Jahren zum Abitur gef\u00fchrt zu werden.<\/p>\n<p>Die Tennis-M\u00e4dels werden oberfr\u00e4nkische Meister.<\/p>\n<p>Im Juni 2017 wird erstmals ein Sch\u00fcleraustausch mit der Welland Park Academy in Market Harborough in England durchgef\u00fchrt.<\/p>\n<p>Das Schulfest des RWG wird im Juli wegen starken Regens kurzerhand in die Turnhalle verlegt, was der guten Stimmung aber keinen Abbruch tut.<\/p>\n<p>Als Abiturfahrten in der Q11 gibt es die M\u00f6glichkeit zur Teilnahme an einer Segeltour in Holland, an einer St\u00e4dtetour durch Belgien und die Niederlande, an einer H\u00fcttentour in den Alpen oder an einer Reise nach Budapest.<\/p>\n<p>Die f\u00fcnften Klassen verbringen am Schuljahresende wieder eine Woche in T\u00f6nning ander Nordsee: Sie erkunden das Wattenmeer und lernen das Experimentieren.<\/p>\n<p>Die zentralen Feierlichkeiten f\u00fcr das 150-j\u00e4hrige Schuljubil\u00e4um sind f\u00fcr den Oktober 2017 angek\u00fcndigt.<\/p>\n<p>&nbsp;<\/p>\n","protected":false},"excerpt":{"rendered":"<p>2000 Im Schuljahr 1999\/2000 wird im Dachgeschoss des Neubaus eine gro\u00dfz\u00fcgige Kletteranlage in Betrieb genommen, die erste Anlage dieser Art am RWG. Sie wird 2016 durch eine moderne Kletterwand in der Schulturnhalle abgel\u00f6st. Mit dem Alpenverein besteht seit Beginn des Schuljahrs eine Kooperation. Im Schuljahr 1999\/2000 finden f\u00fcr die Lehrerschaft acht Fortbildungstage zum Thema Computer&hellip;<\/p>\n","protected":false},"author":1,"featured_media":0,"comment_status":"closed","ping_status":"closed","sticky":false,"template":"","format":"standard","meta":{"footnotes":""},"categories":[32],"tags":[],"_links":{"self":[{"href":"https:\/\/www.rwg-bayreuth.de\/home\/index.php?rest_route=\/wp\/v2\/posts\/14129"}],"collection":[{"href":"https:\/\/www.rwg-bayreuth.de\/home\/index.php?rest_route=\/wp\/v2\/posts"}],"about":[{"href":"https:\/\/www.rwg-bayreuth.de\/home\/index.php?rest_route=\/wp\/v2\/types\/post"}],"author":[{"embeddable":true,"href":"https:\/\/www.rwg-bayreuth.de\/home\/index.php?rest_route=\/wp\/v2\/users\/1"}],"replies":[{"embeddable":true,"href":"https:\/\/www.rwg-bayreuth.de\/home\/index.php?rest_route=%2Fwp%2Fv2%2Fcomments&post=14129"}],"version-history":[{"count":95,"href":"https:\/\/www.rwg-bayreuth.de\/home\/index.php?rest_route=\/wp\/v2\/posts\/14129\/revisions"}],"predecessor-version":[{"id":17106,"href":"https:\/\/www.rwg-bayreuth.de\/home\/index.php?rest_route=\/wp\/v2\/posts\/14129\/revisions\/17106"}],"wp:attachment":[{"href":"https:\/\/www.rwg-bayreuth.de\/home\/index.php?rest_route=%2Fwp%2Fv2%2Fmedia&parent=14129"}],"wp:term":[{"taxonomy":"category","embeddable":true,"href":"https:\/\/www.rwg-bayreuth.de\/home\/index.php?rest_route=%2Fwp%2Fv2%2Fcategories&post=14129"},{"taxonomy":"post_tag","embeddable":true,"href":"https:\/\/www.rwg-bayreuth.de\/home\/index.php?rest_route=%2Fwp%2Fv2%2Ftags&post=14129"}],"curies":[{"name":"wp","href":"https:\/\/api.w.org\/{rel}","templated":true}]}}