{"id":14069,"date":"2017-03-06T22:54:29","date_gmt":"2017-03-06T21:54:29","guid":{"rendered":"http:\/\/www.rwg-bayreuth.de\/home\/?p=14069"},"modified":"2017-03-19T21:59:06","modified_gmt":"2017-03-19T20:59:06","slug":"sprechende-tiere-als-e-book","status":"publish","type":"post","link":"https:\/\/www.rwg-bayreuth.de\/home\/?p=14069","title":{"rendered":"Sprechende Tiere als E-Book"},"content":{"rendered":"<div id=\"attachment_14070\" style=\"width: 460px\" class=\"wp-caption aligncenter\"><a href=\"https:\/\/www.rwg-bayreuth.de\/home\/wp-content\/uploads\/2017\/03\/16-17-Fabeln-6a.jpg\"><img loading=\"lazy\" decoding=\"async\" aria-describedby=\"caption-attachment-14070\" src=\"https:\/\/www.rwg-bayreuth.de\/home\/wp-content\/uploads\/2017\/03\/16-17-Fabeln-6a.jpg\" alt=\"\" width=\"450\" height=\"234\" class=\"size-full wp-image-14070\" srcset=\"https:\/\/www.rwg-bayreuth.de\/home\/wp-content\/uploads\/2017\/03\/16-17-Fabeln-6a.jpg 450w, https:\/\/www.rwg-bayreuth.de\/home\/wp-content\/uploads\/2017\/03\/16-17-Fabeln-6a-150x78.jpg 150w, https:\/\/www.rwg-bayreuth.de\/home\/wp-content\/uploads\/2017\/03\/16-17-Fabeln-6a-300x156.jpg 300w, https:\/\/www.rwg-bayreuth.de\/home\/wp-content\/uploads\/2017\/03\/16-17-Fabeln-6a-250x130.jpg 250w\" sizes=\"(max-width: 450px) 100vw, 450px\" \/><\/a><p id=\"caption-attachment-14070\" class=\"wp-caption-text\">Die Klasse 6a lernte von Frau Riedrich alles, was mit Fabeln zu tun hat.<\/p><\/div>\n<p>Frei nach dem Motto von Robert Ulsh\u00f6fer \u201eDer beste Weg, Fabeln zu verstehen, ist, Fabeln zu verfassen\u201c widmeten sich die Sch\u00fclerinnen der Klasse 6a der Kreation ihrer eigenen Fabeln. <\/p>\n<p>Als Vorbereitung auf das Schreiben der eigenen Fabeln setzten sich die Sch\u00fclerinnen unter der Anleitung ihrer Deutschlehrerin Katharina Riedrich mit den Merkmalen der Kurzprosaform auseinander, indem sie \u201eDer L\u00f6we und die Maus\u201c des so genannten \u201eFabelerfinders\u201c \u00c4sop, analysierten. Nach einer inhaltlichen Besprechung, welche die Formulierung einer passenden Lehre enthielt, sowie der Durchdringung der Fabelstruktur, besch\u00e4ftigen sich die Sch\u00fclerinnen mit dem Entwurf eines eigenen Schreibplans auf einem bunten Plakat. Hierf\u00fcr fanden sich die Sch\u00fclerinnen in Gruppen zusammen und fertigten, basierend auf einer vorgegebenen Moral, mit viel Freude und Kreativit\u00e4t ihr Fabelkonzept an, bei dessen Erarbeitung sie die im Deutschunterricht gewonnen Erkenntnisse umsetzten. Anschlie\u00dfend pr\u00e4sentierten die jeweiligen Gruppen ihren Mitsch\u00fclerinnen ihre Ergebnisse und tauschten sich mit diesen rege aus.  Daran ankn\u00fcpfend widmeten sich die nun ausgebildeten Fabelexpertinnen der Ausgestaltung ihrer eigenen Ideen in Form von Fabeln. <\/p>\n<p>Als N\u00e4chstes lernten die Sch\u00fclerinnen den \u201eFabelerfinder\u201c \u00c4sop und dessen Beweggr\u00fcnde, Fabeln zu schreiben, kennen. Durch den Schutz der Fabel war es \u00c4sop, der seiner Zeit Sklave im antiken Griechenland war, m\u00f6glich, Kritik an gesellschaftlichen Zust\u00e4nden zu \u00e4u\u00dfern, ohne dabei um sein eigenes Leben f\u00fcrchten zu m\u00fcssen. Unter diesem Hintergrund wurden die Sch\u00fclerinnen dazu angehalten, erneut eine Fabel zu schreiben, die es ihnen selbst erm\u00f6glichte, Kritik zu \u00e4u\u00dfern, indem sie sich auf ihre eigene Lebenswelt bezogen.<\/p>\n<p>Die angefertigten Sch\u00fclerfabeln wurden abschlie\u00dfend zu einem Fabelbuch gebunden, das zum St\u00f6bern und Verleihen in der Klasse 6a verbleibt. Das Fabelbuch stellt somit nicht nur einen w\u00fcrdigen Abschluss der Unterrichtsequenz, sondern zeitgleich eine sch\u00f6ne Erinnerung dar. Jede Sch\u00fclerin erhielt zudem ein eigenes Exemplar der Sch\u00fclerfabel in Form eines Ebooks.<br \/>\n<em><br \/>\nStRefin Katharina Riedrich<\/em><\/p>\n","protected":false},"excerpt":{"rendered":"<p>Frei nach dem Motto von Robert Ulsh\u00f6fer \u201eDer beste Weg, Fabeln zu verstehen, ist, Fabeln zu verfassen\u201c widmeten sich die Sch\u00fclerinnen der Klasse 6a der Kreation ihrer eigenen Fabeln. Als Vorbereitung auf das Schreiben der eigenen Fabeln setzten sich die Sch\u00fclerinnen unter der Anleitung ihrer Deutschlehrerin Katharina Riedrich mit den Merkmalen der Kurzprosaform auseinander, indem&hellip;<\/p>\n","protected":false},"author":2,"featured_media":14070,"comment_status":"closed","ping_status":"closed","sticky":false,"template":"","format":"standard","meta":{"footnotes":""},"categories":[1],"tags":[51],"_links":{"self":[{"href":"https:\/\/www.rwg-bayreuth.de\/home\/index.php?rest_route=\/wp\/v2\/posts\/14069"}],"collection":[{"href":"https:\/\/www.rwg-bayreuth.de\/home\/index.php?rest_route=\/wp\/v2\/posts"}],"about":[{"href":"https:\/\/www.rwg-bayreuth.de\/home\/index.php?rest_route=\/wp\/v2\/types\/post"}],"author":[{"embeddable":true,"href":"https:\/\/www.rwg-bayreuth.de\/home\/index.php?rest_route=\/wp\/v2\/users\/2"}],"replies":[{"embeddable":true,"href":"https:\/\/www.rwg-bayreuth.de\/home\/index.php?rest_route=%2Fwp%2Fv2%2Fcomments&post=14069"}],"version-history":[{"count":1,"href":"https:\/\/www.rwg-bayreuth.de\/home\/index.php?rest_route=\/wp\/v2\/posts\/14069\/revisions"}],"predecessor-version":[{"id":14071,"href":"https:\/\/www.rwg-bayreuth.de\/home\/index.php?rest_route=\/wp\/v2\/posts\/14069\/revisions\/14071"}],"wp:featuredmedia":[{"embeddable":true,"href":"https:\/\/www.rwg-bayreuth.de\/home\/index.php?rest_route=\/wp\/v2\/media\/14070"}],"wp:attachment":[{"href":"https:\/\/www.rwg-bayreuth.de\/home\/index.php?rest_route=%2Fwp%2Fv2%2Fmedia&parent=14069"}],"wp:term":[{"taxonomy":"category","embeddable":true,"href":"https:\/\/www.rwg-bayreuth.de\/home\/index.php?rest_route=%2Fwp%2Fv2%2Fcategories&post=14069"},{"taxonomy":"post_tag","embeddable":true,"href":"https:\/\/www.rwg-bayreuth.de\/home\/index.php?rest_route=%2Fwp%2Fv2%2Ftags&post=14069"}],"curies":[{"name":"wp","href":"https:\/\/api.w.org\/{rel}","templated":true}]}}