{"id":13694,"date":"2017-02-12T09:03:53","date_gmt":"2017-02-12T08:03:53","guid":{"rendered":"http:\/\/www.rwg-bayreuth.de\/home\/?p=13694"},"modified":"2017-03-19T22:00:54","modified_gmt":"2017-03-19T21:00:54","slug":"abitur-und-dann-2","status":"publish","type":"post","link":"https:\/\/www.rwg-bayreuth.de\/home\/?p=13694","title":{"rendered":"Abitur \u2013 und dann?"},"content":{"rendered":"<div id=\"attachment_13695\" style=\"width: 460px\" class=\"wp-caption aligncenter\"><a href=\"https:\/\/www.rwg-bayreuth.de\/home\/wp-content\/uploads\/2017\/02\/16-17-Sch\u00fcler-Pausenhalle-mit-Frau-Graf.jpg\"><img loading=\"lazy\" decoding=\"async\" aria-describedby=\"caption-attachment-13695\" src=\"https:\/\/www.rwg-bayreuth.de\/home\/wp-content\/uploads\/2017\/02\/16-17-Sch\u00fcler-Pausenhalle-mit-Frau-Graf450.jpg\" alt=\"\" width=\"450\" height=\"300\" class=\"size-full wp-image-13695\" srcset=\"https:\/\/www.rwg-bayreuth.de\/home\/wp-content\/uploads\/2017\/02\/16-17-Sch\u00fcler-Pausenhalle-mit-Frau-Graf450.jpg 450w, https:\/\/www.rwg-bayreuth.de\/home\/wp-content\/uploads\/2017\/02\/16-17-Sch\u00fcler-Pausenhalle-mit-Frau-Graf450-150x100.jpg 150w, https:\/\/www.rwg-bayreuth.de\/home\/wp-content\/uploads\/2017\/02\/16-17-Sch\u00fcler-Pausenhalle-mit-Frau-Graf450-300x200.jpg 300w, https:\/\/www.rwg-bayreuth.de\/home\/wp-content\/uploads\/2017\/02\/16-17-Sch\u00fcler-Pausenhalle-mit-Frau-Graf450-250x167.jpg 250w\" sizes=\"(max-width: 450px) 100vw, 450px\" \/><\/a><p id=\"caption-attachment-13695\" class=\"wp-caption-text\">Frau Graf begr\u00fc\u00dft Referenten, Sch\u00fcler und Lehrer.<\/p><\/div>\n<p>Dieser Frage widmete sich die Q11 im Rahmen der Studien- und Berufs&shy;informations&shy;phase am Dienstag den 7.2. w\u00e4hrend des schul&shy;internen Berufs&shy;informations&shy;abends.<\/p>\n<p>Um 14.50 Uhr begr\u00fc\u00dfte Frau OStDin Graf alle Referenten, Sch\u00fcler und Lehrer und bedankte sich bei den Verantwortlichen und Mitwirkenden, die erfolgreich daf\u00fcr sorgten, dass dieser Nachmittag stattfinden konnte. Die Sch\u00fcler hatten so die M\u00f6glichkeit sich rechtzeitig \u00fcber die verschiedenen Alternativen nach dem Abitur zu informieren und konnten durch Informationen der Experten besser entscheiden, ob der jeweilige Beruf f\u00fcr sie in Frage kommt. Damit f\u00fcr jeden etwas dabei ist, deckten die 22 Vortr\u00e4ge ein sehr breites Spektrum ab, aus dem jeder Sch\u00fcler bereits im Voraus vier der halbst\u00fcndigen Vortr\u00e4ge ausgew\u00e4hlt hatte.<\/p>\n<p>Ich hatte mich zuerst f\u00fcr den Vortrag zum Thema \u201eRechtspfleger in Bayern \u2013 unbekannt und untersch\u00e4tzt\u201c entschieden. Herr Gareis erz\u00e4hlte uns viele Anekdoten aus seinem Studium und dem eigenen Arbeitsalltag, die den Vortrag sehr interessant machten. <\/p>\n<p>Als n\u00e4chstes besuchte ich den Vortrag \u201eEinstellungsverfahren und duales Studium in der Beamten&shy;laufbahn\u201c der Deutschen Renten&shy;versicherung. Hierbei informierte uns Herr Schrenker umfassend \u00fcber den \u201eBeamtentest\u201c, das Ein&shy;stellungs&shy;verfahren des Landes&shy;personal&shy;ausschuss. Am Ende berichtete Frau Thomas noch \u00fcber das duale Studium in der Fachhochschule in Wasserburg am Inn. Insgesamt scheint der Beruf des Beamten, obwohl man viel am Schreibtisch sitzt, doch sehr vielf\u00e4ltig zu sein und unter&shy;schiedliche M\u00f6glich&shy;keiten zu bieten.<\/p>\n<p><a href=\"https:\/\/www.rwg-bayreuth.de\/home\/wp-content\/uploads\/2017\/02\/16-17-AIFS-Vortragsraum.jpg\"><img loading=\"lazy\" decoding=\"async\" src=\"https:\/\/www.rwg-bayreuth.de\/home\/wp-content\/uploads\/2017\/02\/16-17-AIFS-Vortragsraum450.jpg\" alt=\"\" width=\"450\" height=\"300\" class=\"alignright size-full wp-image-13696\" srcset=\"https:\/\/www.rwg-bayreuth.de\/home\/wp-content\/uploads\/2017\/02\/16-17-AIFS-Vortragsraum450.jpg 450w, https:\/\/www.rwg-bayreuth.de\/home\/wp-content\/uploads\/2017\/02\/16-17-AIFS-Vortragsraum450-150x100.jpg 150w, https:\/\/www.rwg-bayreuth.de\/home\/wp-content\/uploads\/2017\/02\/16-17-AIFS-Vortragsraum450-300x200.jpg 300w, https:\/\/www.rwg-bayreuth.de\/home\/wp-content\/uploads\/2017\/02\/16-17-AIFS-Vortragsraum450-250x167.jpg 250w\" sizes=\"(max-width: 450px) 100vw, 450px\" \/><\/a>Danach ging ich zu dem Vortrag, der am St\u00e4rksten besucht wurde und auch einer der beliebtesten war, weshalb er sogar zweimal hintereinander angeboten wurde. Das Thema war \u201eNach dem Abi ins Ausland &#8211; Au Pair, Work and Travel, Study abroad, Volunteer und Camp Counselor\u201c, gehalten von Frau von B\u00f6nninghausen von der Organisation AIFS. Diese bietet die M\u00f6glichkeit in verschiedenen L\u00e4ndern ein \u201egap year\u201c, also ein \u201eL\u00fcckenjahr\u201c, in unserem Fall zwischen Schule und Studium oder Ausbildung, einzuschieben. Die Schwerpunkte des Vortrags lagen vor allem auf \u201eWork and Travel\u201c und \u201eAu Pair\u201c, da uns das am meisten interessierte. Dieser Vortrag war sicherlich einer der interessantesten des Abends, vor allem, weil viele ein solches Jahr nach dem Abitur einplanen.<\/p>\n<p>Zuletzt sah ich mir noch den Vortrag \u201eDie Ausbildung zum staatlich anerkannten Fremd&shy;sprachen&shy;korrespondenten\u201c von Frau Kratzer von der Multi Lingua Berufsfachschule f\u00fcr Fremd&shy;sprachen&shy;berufe an. Dort kann man innerhalb von einem bis zwei Jahren in Englisch und wahlweise Franz\u00f6sisch oder Spanisch zum staatlich gepr\u00fcften Fremd&shy;sprachen&shy;korrespondenten werden, womit man dann zum Beispiel eine Weiterbildung zum Dolmetscher abschlie\u00dfen kann. Das ist sicherlich eine gute M\u00f6glichkeit f\u00fcr diejenigen, die nach dem Abitur irgendwas mit Sprachen machen wollen, aber noch keine n\u00e4here Vorstellung davon haben. <\/p>\n<p>Nach all diesen verschiedenen Vortr\u00e4gen endete um 17.30 Uhr der Berufs&shy;informations&shy;abend unserer Schule, an dem jeder Sch\u00fcler sicherlich neue Informationen und Eindr\u00fccke erhalten hat.<\/p>\n<p>Lena Bitterwolf, Q11<\/p>\n","protected":false},"excerpt":{"rendered":"<p>Dieser Frage widmete sich die Q11 im Rahmen der Studien- und Berufs&shy;informations&shy;phase am Dienstag den 7.2. w\u00e4hrend des schul&shy;internen Berufs&shy;informations&shy;abends. Um 14.50 Uhr begr\u00fc\u00dfte Frau OStDin Graf alle Referenten, Sch\u00fcler und Lehrer und bedankte sich bei den Verantwortlichen und Mitwirkenden, die erfolgreich daf\u00fcr sorgten, dass dieser Nachmittag stattfinden konnte. Die Sch\u00fcler hatten so die M\u00f6glichkeit&hellip;<\/p>\n","protected":false},"author":11,"featured_media":13696,"comment_status":"closed","ping_status":"closed","sticky":false,"template":"","format":"standard","meta":{"footnotes":""},"categories":[1],"tags":[37,51],"_links":{"self":[{"href":"https:\/\/www.rwg-bayreuth.de\/home\/index.php?rest_route=\/wp\/v2\/posts\/13694"}],"collection":[{"href":"https:\/\/www.rwg-bayreuth.de\/home\/index.php?rest_route=\/wp\/v2\/posts"}],"about":[{"href":"https:\/\/www.rwg-bayreuth.de\/home\/index.php?rest_route=\/wp\/v2\/types\/post"}],"author":[{"embeddable":true,"href":"https:\/\/www.rwg-bayreuth.de\/home\/index.php?rest_route=\/wp\/v2\/users\/11"}],"replies":[{"embeddable":true,"href":"https:\/\/www.rwg-bayreuth.de\/home\/index.php?rest_route=%2Fwp%2Fv2%2Fcomments&post=13694"}],"version-history":[{"count":7,"href":"https:\/\/www.rwg-bayreuth.de\/home\/index.php?rest_route=\/wp\/v2\/posts\/13694\/revisions"}],"predecessor-version":[{"id":13727,"href":"https:\/\/www.rwg-bayreuth.de\/home\/index.php?rest_route=\/wp\/v2\/posts\/13694\/revisions\/13727"}],"wp:featuredmedia":[{"embeddable":true,"href":"https:\/\/www.rwg-bayreuth.de\/home\/index.php?rest_route=\/wp\/v2\/media\/13696"}],"wp:attachment":[{"href":"https:\/\/www.rwg-bayreuth.de\/home\/index.php?rest_route=%2Fwp%2Fv2%2Fmedia&parent=13694"}],"wp:term":[{"taxonomy":"category","embeddable":true,"href":"https:\/\/www.rwg-bayreuth.de\/home\/index.php?rest_route=%2Fwp%2Fv2%2Fcategories&post=13694"},{"taxonomy":"post_tag","embeddable":true,"href":"https:\/\/www.rwg-bayreuth.de\/home\/index.php?rest_route=%2Fwp%2Fv2%2Ftags&post=13694"}],"curies":[{"name":"wp","href":"https:\/\/api.w.org\/{rel}","templated":true}]}}