{"id":13544,"date":"2017-02-08T10:15:19","date_gmt":"2017-02-08T09:15:19","guid":{"rendered":"http:\/\/www.rwg-bayreuth.de\/home\/?p=13544"},"modified":"2017-09-13T08:32:03","modified_gmt":"2017-09-13T06:32:03","slug":"13544","status":"publish","type":"post","link":"https:\/\/www.rwg-bayreuth.de\/home\/?p=13544","title":{"rendered":"Das Festjahr ist er\u00f6ffnet"},"content":{"rendered":"<div id=\"attachment_13559\" style=\"width: 910px\" class=\"wp-caption aligncenter\"><a href=\"https:\/\/www.rwg-bayreuth.de\/home\/wp-content\/uploads\/2017\/02\/16-17-Fahnenhissung900.jpg\"><img loading=\"lazy\" decoding=\"async\" aria-describedby=\"caption-attachment-13559\" class=\"size-full wp-image-13559\" src=\"https:\/\/www.rwg-bayreuth.de\/home\/wp-content\/uploads\/2017\/02\/16-17-Fahnenhissung900.jpg\" alt=\"\" width=\"900\" height=\"741\" srcset=\"https:\/\/www.rwg-bayreuth.de\/home\/wp-content\/uploads\/2017\/02\/16-17-Fahnenhissung900.jpg 900w, https:\/\/www.rwg-bayreuth.de\/home\/wp-content\/uploads\/2017\/02\/16-17-Fahnenhissung900-150x124.jpg 150w, https:\/\/www.rwg-bayreuth.de\/home\/wp-content\/uploads\/2017\/02\/16-17-Fahnenhissung900-450x371.jpg 450w, https:\/\/www.rwg-bayreuth.de\/home\/wp-content\/uploads\/2017\/02\/16-17-Fahnenhissung900-768x632.jpg 768w, https:\/\/www.rwg-bayreuth.de\/home\/wp-content\/uploads\/2017\/02\/16-17-Fahnenhissung900-250x206.jpg 250w\" sizes=\"(max-width: 900px) 100vw, 900px\" \/><\/a><p id=\"caption-attachment-13559\" class=\"wp-caption-text\">Die Jubil\u00e4umsfahnen zeigen, was los ist: Das RWG wird 150 Jahre alt.<\/p><\/div>\n<p>Unsere Schule wird in diesem Schuljahr 150 Jahre alt. Am 14. Oktober ist der gro\u00dfe Festakt in der Oberfrankenhalle.<\/p>\n<p>Das Fest f\u00e4llt damit genau auf den Schulgeburtstag, denn unsere Schule wurde exakt am 14. Oktober 1867 er\u00f6ffnet. Damals war es eine \u201eH\u00f6here T\u00f6chterschule\u201c, also eine reine M\u00e4dchenschule, haupts\u00e4chlich f\u00fcr M\u00e4dchen aus besserem Hause. Dass die Stadtv\u00e4tern ihren T\u00f6chtern eine geregelte und noch dazu h\u00f6here Bildung mitgeben wollten, war damals nicht selbstverst\u00e4ndlich. Unsere Schule hat somit nicht nur Stadtgeschichte geschrieben, sondern auch ein St\u00fcck Bildungsgeschichte, denn es gab damals nur sehr wenige Einrichtungen dieser Art in Bayern.<\/p>\n<p>Inzwischen ist das RWG f\u00fcr alle offen, nicht nur f\u00fcr M\u00e4dchen, sondern auch f\u00fcr Jungen und nicht mehr nur f\u00fcr Kinder aus meist gut situierten Familien, sondern f\u00fcr Sch\u00fcler aus allen Schichten. Das RWG f\u00fchlt sich dem Gedanken verpflichtet, dass Bildung kein Privileg f\u00fcr wenige sein darf, sondern m\u00f6glichst viele erreichen soll \u2013 unabh\u00e4ngig von Geschlecht, Herkunft oder Glaubenszugeh\u00f6rigkeit.<\/p>\n<p>Der lange Weg vom Jahr 1867 bis heute soll im Jubil\u00e4umsjahr entsprechend gew\u00fcrdigt werden.So wird es am Freitag, 6.10.2017, eine \u201eLange Nacht der Wissenschaft\u201c geben: Es werden zahllose M\u00f6glichkeit f\u00fcr Mitmachaktionen aller Art geboten. Prof. Dr. Harald Lesch &#8211; aus dem Fernsehen gut bekannt &#8211; wird einen Vortrag \u00fcber die kleinsten Bauteile des universums halten: &#8222;Wenn die Raumzeit wackelt&#8230;&#8220; ist der Titel.<\/p>\n<p>Am eigentlichen Gr\u00fcndungstag, dem 14. Oktober, soll es in der Oberfrankenhalle einen feierlichen Festakt geben. Die Schule hofft, auch viele Ehemalige wiederzusehen, die in Schulf\u00fchrungen sehen k\u00f6nnen, wie sich ihre alte Schule entwickelt hat. <\/p>\n<p>Schon am 5.10. soll es einen Sponsorenlauf geben. Bei allen Jubelfeierlichkeiten f\u00fchlt sich das RWG aber n\u00e4mlich auch allen verbunden, denen es nicht so gut geht wie uns und die Schule unter ganz anderen Voraussetzungen kennen: Im Jubil\u00e4umsjahr m\u00f6chte das RWG eine Patenschaft mit einer Schule in Namibia eingehen. Partnerschaftlichkeit und Gemeinsamkeit ist f\u00fcr das RWG nicht nur auf das Schulgeb\u00e4ude beschr\u00e4nkt.<\/p>\n<p>F\u00fcr alle, die es gerne spannend m\u00f6gen, wird am 10. und 11.10. in der Aula der RWG-Krimi &#8222;Notenspur in moll &#8211; Wissen kann t\u00f6dlich sein&#8220; aufgef\u00fchrt. Die Geschichte gibt es auch als Roman, der im Buchhandel erwerblich sein wird.<\/p>\n<p>Am Freitag, 13.10., findet um 14:00 Uhr ein Festgottesdienst statt. Am Nachmittag ist dann das Jubil\u00e4umssc hulfest. F\u00fcr alle, die das RWG kennenlernen m\u00f6chten, wird es einen \u201eTag der offenen T\u00fcr\u201c geben, bei dem sich die Schule vorstellt. Ausstellungen und viele andere Aktivit\u00e4ten werden das Programm abrunden.<\/p>\n<p>Wer sich \u00fcber das Jubil\u00e4um und die Schulgeschichte informieren m\u00f6chte, kann das auf der unserer Homepage tun. <a href=\"https:\/\/www.rwg-bayreuth.de\/home\/?page_id=10746\">[mehr\u2026]<\/a><\/p>\n","protected":false},"excerpt":{"rendered":"<p>Unsere Schule wird in diesem Schuljahr 150 Jahre alt. Am 14. Oktober ist der gro\u00dfe Festakt in der Oberfrankenhalle. Das Fest f\u00e4llt damit genau auf den Schulgeburtstag, denn unsere Schule wurde exakt am 14. Oktober 1867 er\u00f6ffnet. Damals war es eine \u201eH\u00f6here T\u00f6chterschule\u201c, also eine reine M\u00e4dchenschule, haupts\u00e4chlich f\u00fcr M\u00e4dchen aus besserem Hause. Dass die&hellip;<\/p>\n","protected":false},"author":2,"featured_media":13556,"comment_status":"closed","ping_status":"closed","sticky":false,"template":"","format":"standard","meta":{"footnotes":""},"categories":[1],"tags":[51,42],"_links":{"self":[{"href":"https:\/\/www.rwg-bayreuth.de\/home\/index.php?rest_route=\/wp\/v2\/posts\/13544"}],"collection":[{"href":"https:\/\/www.rwg-bayreuth.de\/home\/index.php?rest_route=\/wp\/v2\/posts"}],"about":[{"href":"https:\/\/www.rwg-bayreuth.de\/home\/index.php?rest_route=\/wp\/v2\/types\/post"}],"author":[{"embeddable":true,"href":"https:\/\/www.rwg-bayreuth.de\/home\/index.php?rest_route=\/wp\/v2\/users\/2"}],"replies":[{"embeddable":true,"href":"https:\/\/www.rwg-bayreuth.de\/home\/index.php?rest_route=%2Fwp%2Fv2%2Fcomments&post=13544"}],"version-history":[{"count":8,"href":"https:\/\/www.rwg-bayreuth.de\/home\/index.php?rest_route=\/wp\/v2\/posts\/13544\/revisions"}],"predecessor-version":[{"id":17203,"href":"https:\/\/www.rwg-bayreuth.de\/home\/index.php?rest_route=\/wp\/v2\/posts\/13544\/revisions\/17203"}],"wp:featuredmedia":[{"embeddable":true,"href":"https:\/\/www.rwg-bayreuth.de\/home\/index.php?rest_route=\/wp\/v2\/media\/13556"}],"wp:attachment":[{"href":"https:\/\/www.rwg-bayreuth.de\/home\/index.php?rest_route=%2Fwp%2Fv2%2Fmedia&parent=13544"}],"wp:term":[{"taxonomy":"category","embeddable":true,"href":"https:\/\/www.rwg-bayreuth.de\/home\/index.php?rest_route=%2Fwp%2Fv2%2Fcategories&post=13544"},{"taxonomy":"post_tag","embeddable":true,"href":"https:\/\/www.rwg-bayreuth.de\/home\/index.php?rest_route=%2Fwp%2Fv2%2Ftags&post=13544"}],"curies":[{"name":"wp","href":"https:\/\/api.w.org\/{rel}","templated":true}]}}