{"id":12508,"date":"2017-01-18T09:19:22","date_gmt":"2017-01-18T08:19:22","guid":{"rendered":"http:\/\/www.rwg-bayreuth.de\/home\/?p=12508"},"modified":"2017-03-19T22:02:15","modified_gmt":"2017-03-19T21:02:15","slug":"mit-gedichten-durch-den-winter","status":"publish","type":"post","link":"https:\/\/www.rwg-bayreuth.de\/home\/?p=12508","title":{"rendered":"Mit Gedichten durch den Winter"},"content":{"rendered":"<div id=\"attachment_12509\" style=\"width: 460px\" class=\"wp-caption aligncenter\"><a href=\"https:\/\/www.rwg-bayreuth.de\/home\/wp-content\/uploads\/2017\/01\/16-17-Adventskalender-5c-450.jpg\"><img loading=\"lazy\" decoding=\"async\" aria-describedby=\"caption-attachment-12509\" class=\"size-full wp-image-12509\" src=\"https:\/\/www.rwg-bayreuth.de\/home\/wp-content\/uploads\/2017\/01\/16-17-Adventskalender-5c-450.jpg\" alt=\"\" width=\"450\" height=\"290\" srcset=\"https:\/\/www.rwg-bayreuth.de\/home\/wp-content\/uploads\/2017\/01\/16-17-Adventskalender-5c-450.jpg 450w, https:\/\/www.rwg-bayreuth.de\/home\/wp-content\/uploads\/2017\/01\/16-17-Adventskalender-5c-450-150x97.jpg 150w, https:\/\/www.rwg-bayreuth.de\/home\/wp-content\/uploads\/2017\/01\/16-17-Adventskalender-5c-450-300x193.jpg 300w, https:\/\/www.rwg-bayreuth.de\/home\/wp-content\/uploads\/2017\/01\/16-17-Adventskalender-5c-450-250x161.jpg 250w\" sizes=\"(max-width: 450px) 100vw, 450px\" \/><\/a><p id=\"caption-attachment-12509\" class=\"wp-caption-text\">Die Gedichte aus dem Adventskalender wurden mit Plakaten pr\u00e4sentiert.<\/p><\/div>\n<p>Winterliche Gedichte im Advent hatte den Sch\u00fcler(inne)n der Klasse 5c ein ganz besonderer Adventskalender im Klassenzimmer beschert.<\/p>\n<p>Tag f\u00fcr Tag durften die Sch\u00fcler\/innen dabei reihum in der Vorweihnachtszeit ein T\u00e4schchen aus dem bef\u00fcllten Weihnachtsmann \u00f6ffnen. Doch wer zun\u00e4chst mit einer s\u00fc\u00dfen \u2013 schokoladigen \u2013 \u00dcberraschung gerechnet hatte, wusste bald: Da der Adventskalender von Frau Track als Klassenleiterin und gleichzeitig auch Deutschlehrerin der Klasse 5c bef\u00fcllt worden war, verbarg sich hinter jeder Nummer des Kalenders eine kleine &#8218;literarische K\u00f6stlichkeit&#8216; \u2013 n\u00e4mlich ein kurzes (und ab und zu auch etwas l\u00e4ngeres!) Gedicht!<\/p>\n<p>So wurde aus einem harmlosen Zettel schnell eine Art &#8218;lebendiger Adventskalender&#8216;, zu dem die ganze Klasse einen Teil beitragen durfte: Das abgedruckte Gedicht sollte zun\u00e4chst auf einem Plakat ansprechend und kreativ gestaltet werden; so konnten die Beitr\u00e4ge der Kinder nach und nach gesammelt werden und dienen somit der weiteren Klassenzimmerversch\u00f6nerung! Au\u00dferdem hatte jede\/r Sch\u00fcler\/in den Auftrag, das Gedicht wirkungsvoll vor der Klasse darzubieten \u2013 als auswendig gelernter Vortrag, szenische Gestaltung mitsamt einer &#8218;Ger\u00e4uschkulisse&#8216; oder aber ausdrucksstarke Lesung, v.a. bei etwas l\u00e4ngeren Textvorlagen. Insgesamt war dadurch nicht nur ein sch\u00f6nes Ritual zu Beginn der Deutschstunden geschaffen, sondern die Sch\u00fcler\/innen \u00fcbten sich auch im freien Vortrag von Texten vor der Klasse und gewannen zus\u00e4tzlich Sicherheit beim Auswendiglernen von Gedichten.<\/p>\n<p>Und durch den unerwarteten \u2013 gl\u00e4ttebedingten \u2013 Ausfall des letzten Schultages vor den Weihnachtsferien ist den Sch\u00fcler(inne)n sogar noch ein kleiner &#8218;\u00dcberhang&#8216; an Gedichten geblieben, die entweder sogar noch auf ihren &#8218;Besitzer&#8216; warten oder aber deren Vortrag noch aussteht&#8230; vielleicht haben sich unter die Wintergedichte mit Schnee, Frost und Eis im neuen Jahr ja auch ein paar w\u00e4rmere, fr\u00fchlingshafte Themen gemischt?<\/p>\n","protected":false},"excerpt":{"rendered":"<p>Winterliche Gedichte im Advent hatte den Sch\u00fcler(inne)n der Klasse 5c ein ganz besonderer Adventskalender im Klassenzimmer beschert. Tag f\u00fcr Tag durften die Sch\u00fcler\/innen dabei reihum in der Vorweihnachtszeit ein T\u00e4schchen aus dem bef\u00fcllten Weihnachtsmann \u00f6ffnen. Doch wer zun\u00e4chst mit einer s\u00fc\u00dfen \u2013 schokoladigen \u2013 \u00dcberraschung gerechnet hatte, wusste bald: Da der Adventskalender von Frau Track&hellip;<\/p>\n","protected":false},"author":2,"featured_media":12509,"comment_status":"closed","ping_status":"closed","sticky":false,"template":"","format":"standard","meta":{"footnotes":""},"categories":[1],"tags":[51],"_links":{"self":[{"href":"https:\/\/www.rwg-bayreuth.de\/home\/index.php?rest_route=\/wp\/v2\/posts\/12508"}],"collection":[{"href":"https:\/\/www.rwg-bayreuth.de\/home\/index.php?rest_route=\/wp\/v2\/posts"}],"about":[{"href":"https:\/\/www.rwg-bayreuth.de\/home\/index.php?rest_route=\/wp\/v2\/types\/post"}],"author":[{"embeddable":true,"href":"https:\/\/www.rwg-bayreuth.de\/home\/index.php?rest_route=\/wp\/v2\/users\/2"}],"replies":[{"embeddable":true,"href":"https:\/\/www.rwg-bayreuth.de\/home\/index.php?rest_route=%2Fwp%2Fv2%2Fcomments&post=12508"}],"version-history":[{"count":3,"href":"https:\/\/www.rwg-bayreuth.de\/home\/index.php?rest_route=\/wp\/v2\/posts\/12508\/revisions"}],"predecessor-version":[{"id":14324,"href":"https:\/\/www.rwg-bayreuth.de\/home\/index.php?rest_route=\/wp\/v2\/posts\/12508\/revisions\/14324"}],"wp:featuredmedia":[{"embeddable":true,"href":"https:\/\/www.rwg-bayreuth.de\/home\/index.php?rest_route=\/wp\/v2\/media\/12509"}],"wp:attachment":[{"href":"https:\/\/www.rwg-bayreuth.de\/home\/index.php?rest_route=%2Fwp%2Fv2%2Fmedia&parent=12508"}],"wp:term":[{"taxonomy":"category","embeddable":true,"href":"https:\/\/www.rwg-bayreuth.de\/home\/index.php?rest_route=%2Fwp%2Fv2%2Fcategories&post=12508"},{"taxonomy":"post_tag","embeddable":true,"href":"https:\/\/www.rwg-bayreuth.de\/home\/index.php?rest_route=%2Fwp%2Fv2%2Ftags&post=12508"}],"curies":[{"name":"wp","href":"https:\/\/api.w.org\/{rel}","templated":true}]}}