{"id":12435,"date":"2000-02-04T01:00:25","date_gmt":"2000-02-04T00:00:25","guid":{"rendered":"http:\/\/www.rwg-bayreuth.de\/home\/?p=12435"},"modified":"2017-08-06T18:26:34","modified_gmt":"2017-08-06T16:26:34","slug":"aufstieg-zum-gymnasium-und-75-jahr-feier-1942","status":"publish","type":"post","link":"https:\/\/www.rwg-bayreuth.de\/home\/?p=12435","title":{"rendered":"Aufstieg zum Gymnasium und 75-Jahr Feier 1942"},"content":{"rendered":"<div id=\"attachment_15307\" style=\"width: 451px\" class=\"wp-caption aligncenter\"><a href=\"https:\/\/www.rwg-bayreuth.de\/home\/wp-content\/uploads\/2000\/02\/erster_abiturjahrgang_1942.jpg\"><img loading=\"lazy\" decoding=\"async\" aria-describedby=\"caption-attachment-15307\" class=\"size-full wp-image-15307\" src=\"https:\/\/www.rwg-bayreuth.de\/home\/wp-content\/uploads\/2000\/02\/erster_abiturjahrgang_1942.jpg\" alt=\"\" width=\"441\" height=\"299\" srcset=\"https:\/\/www.rwg-bayreuth.de\/home\/wp-content\/uploads\/2000\/02\/erster_abiturjahrgang_1942.jpg 441w, https:\/\/www.rwg-bayreuth.de\/home\/wp-content\/uploads\/2000\/02\/erster_abiturjahrgang_1942-250x170.jpg 250w\" sizes=\"(max-width: 441px) 100vw, 441px\" \/><\/a><p id=\"caption-attachment-15307\" class=\"wp-caption-text\">Sch\u00fclerinnen des ersten Abiturjahrgangs 1942<\/p><\/div>\n<p>Die nationalsozialistische &#8222;Neuordung&#8220; des h\u00f6heren Schulwesens von 1938 hatte bereits mit dem Schuljahr 1939\/1940 zu einer Umwandlung des Lyzeums in eine sechsklassige M\u00e4dchenoberschule (in hauswirtschaftlicher und sprachlicher Form) gef\u00fchrt. Ein Jahr sp\u00e4ter wurde ihr, wohl auch angetrieben vom Ehrgeiz des Schulleiters, eine Oberstufe angegliedert. Damit konnte an der Schule im Kriegsjahr 1942 das erste Abitur abgelegt werden. Den Nationalsozialisten blieb keine andere Wahl, auch wenn dies eigentlich nicht mit ihrem Frauenbild \u00fcbereinstimmte. Die Frauen mussten nun an die Stelle der M\u00e4nner treten, die sich im Kriegseinsatz befanden, und f\u00fcr die T\u00e4tigkeiten der M\u00e4nner mussten sie auch schulisch qualifiziert werden.<\/p>\n<p>In diesem Jahr 1942 fand auch passenderweise der Festakt zum 75-j\u00e4hrigen Bestehen der Schule im Balkonsaal der Ludwig-Siebert-Halle, der heutigen Stadthalle. Oberb\u00fcrgermeister Kempfler und Schulleiter Heinrich Kn\u00f6rl traten in Uniform auf das Podium und hielten die Festansprachen.<\/p>\n<div id=\"attachment_12492\" style=\"width: 460px\" class=\"wp-caption aligncenter\"><a href=\"https:\/\/www.rwg-bayreuth.de\/home\/wp-content\/uploads\/2017\/01\/1942_kempfler-75jahr_feier.jpg\"><img loading=\"lazy\" decoding=\"async\" aria-describedby=\"caption-attachment-12492\" class=\"size-full wp-image-12492\" src=\"https:\/\/www.rwg-bayreuth.de\/home\/wp-content\/uploads\/2017\/01\/1942_kempfler-75jahr_feier.jpg\" alt=\"\" width=\"450\" height=\"334\" srcset=\"https:\/\/www.rwg-bayreuth.de\/home\/wp-content\/uploads\/2017\/01\/1942_kempfler-75jahr_feier.jpg 450w, https:\/\/www.rwg-bayreuth.de\/home\/wp-content\/uploads\/2017\/01\/1942_kempfler-75jahr_feier-150x111.jpg 150w, https:\/\/www.rwg-bayreuth.de\/home\/wp-content\/uploads\/2017\/01\/1942_kempfler-75jahr_feier-300x223.jpg 300w, https:\/\/www.rwg-bayreuth.de\/home\/wp-content\/uploads\/2017\/01\/1942_kempfler-75jahr_feier-250x186.jpg 250w\" sizes=\"(max-width: 450px) 100vw, 450px\" \/><\/a><p id=\"caption-attachment-12492\" class=\"wp-caption-text\">75-Jahr-Feier mit Oberb\u00fcrgermeister Kempfler 1942<\/p><\/div>\n","protected":false},"excerpt":{"rendered":"<p>Die nationalsozialistische &#8222;Neuordung&#8220; des h\u00f6heren Schulwesens von 1938 hatte bereits mit dem Schuljahr 1939\/1940 zu einer Umwandlung des Lyzeums in eine sechsklassige M\u00e4dchenoberschule (in hauswirtschaftlicher und sprachlicher Form) gef\u00fchrt. Ein Jahr sp\u00e4ter wurde ihr, wohl auch angetrieben vom Ehrgeiz des Schulleiters, eine Oberstufe angegliedert. Damit konnte an der Schule im Kriegsjahr 1942 das erste Abitur&hellip;<\/p>\n","protected":false},"author":1,"featured_media":0,"comment_status":"closed","ping_status":"closed","sticky":false,"template":"","format":"standard","meta":{"footnotes":""},"categories":[32],"tags":[],"_links":{"self":[{"href":"https:\/\/www.rwg-bayreuth.de\/home\/index.php?rest_route=\/wp\/v2\/posts\/12435"}],"collection":[{"href":"https:\/\/www.rwg-bayreuth.de\/home\/index.php?rest_route=\/wp\/v2\/posts"}],"about":[{"href":"https:\/\/www.rwg-bayreuth.de\/home\/index.php?rest_route=\/wp\/v2\/types\/post"}],"author":[{"embeddable":true,"href":"https:\/\/www.rwg-bayreuth.de\/home\/index.php?rest_route=\/wp\/v2\/users\/1"}],"replies":[{"embeddable":true,"href":"https:\/\/www.rwg-bayreuth.de\/home\/index.php?rest_route=%2Fwp%2Fv2%2Fcomments&post=12435"}],"version-history":[{"count":6,"href":"https:\/\/www.rwg-bayreuth.de\/home\/index.php?rest_route=\/wp\/v2\/posts\/12435\/revisions"}],"predecessor-version":[{"id":17094,"href":"https:\/\/www.rwg-bayreuth.de\/home\/index.php?rest_route=\/wp\/v2\/posts\/12435\/revisions\/17094"}],"wp:attachment":[{"href":"https:\/\/www.rwg-bayreuth.de\/home\/index.php?rest_route=%2Fwp%2Fv2%2Fmedia&parent=12435"}],"wp:term":[{"taxonomy":"category","embeddable":true,"href":"https:\/\/www.rwg-bayreuth.de\/home\/index.php?rest_route=%2Fwp%2Fv2%2Fcategories&post=12435"},{"taxonomy":"post_tag","embeddable":true,"href":"https:\/\/www.rwg-bayreuth.de\/home\/index.php?rest_route=%2Fwp%2Fv2%2Ftags&post=12435"}],"curies":[{"name":"wp","href":"https:\/\/api.w.org\/{rel}","templated":true}]}}