{"id":12431,"date":"2000-02-02T01:00:06","date_gmt":"2000-02-02T00:00:06","guid":{"rendered":"http:\/\/www.rwg-bayreuth.de\/home\/?p=12431"},"modified":"2017-05-05T14:50:43","modified_gmt":"2017-05-05T12:50:43","slug":"ende-der-republik-und-machtuebernahme-durch-die-nationalsozialisten","status":"publish","type":"post","link":"https:\/\/www.rwg-bayreuth.de\/home\/?p=12431","title":{"rendered":"Ende der Republik und Macht\u00fcbernahme durch die Nationalsozialisten"},"content":{"rendered":"<div id=\"attachment_12525\" style=\"width: 460px\" class=\"wp-caption aligncenter\"><a href=\"https:\/\/www.rwg-bayreuth.de\/home\/wp-content\/uploads\/2017\/01\/unterricht_ns_1933_34.jpg\"><img loading=\"lazy\" decoding=\"async\" aria-describedby=\"caption-attachment-12525\" src=\"https:\/\/www.rwg-bayreuth.de\/home\/wp-content\/uploads\/2017\/01\/unterricht_ns_1933_34.jpg\" alt=\"\" width=\"450\" height=\"280\" class=\"size-full wp-image-12525\" srcset=\"https:\/\/www.rwg-bayreuth.de\/home\/wp-content\/uploads\/2017\/01\/unterricht_ns_1933_34.jpg 450w, https:\/\/www.rwg-bayreuth.de\/home\/wp-content\/uploads\/2017\/01\/unterricht_ns_1933_34-150x93.jpg 150w, https:\/\/www.rwg-bayreuth.de\/home\/wp-content\/uploads\/2017\/01\/unterricht_ns_1933_34-300x187.jpg 300w, https:\/\/www.rwg-bayreuth.de\/home\/wp-content\/uploads\/2017\/01\/unterricht_ns_1933_34-250x156.jpg 250w\" sizes=\"(max-width: 450px) 100vw, 450px\" \/><\/a><p id=\"caption-attachment-12525\" class=\"wp-caption-text\">Unterricht mit Schulleiter Pauli im neuen Schuljahr 1933\/34<\/p><\/div>\n<p>Am 30.&nbsp;Januar 1933 kam es zur Machtergreifung durch die Nationalsozialisten. Damit begann auch an der Schule wie an allen anderen staatlichen und gesellschaftlichen Einrichtungen die Phase der &#8222;Gleichschaltung&#8220;. <\/p>\n<p>Nahezu alle Sch\u00fclerinnen waren Mitglieder der &#8222;Jungm\u00e4del&#8220; (JM) bzw. des &#8222;Bundes deutscher M\u00e4del&#8220; (BDM), die Lehrer mussten zwangsweise dem &#8222;Nationalsozialistischen Lehrerbunds&#8220; (NSLB) beitreten. Einige wurden auch Mitglieder der NSDAP.<\/p>\n<p>Die Ideologie der &#8222;Volksgemeinschaft&#8220; spiegelte sich in der Einrichtung der &#8222;Schulgemeinde&#8220;, die sich aus dem Schulleiter, den Funktion\u00e4ren von NS-Organisationen, den im BDM organisierten Sch\u00fclerinnen, den Eltern und den Lehrern zusammensetzte.<\/p>\n<p>Lehrpl\u00e4ne und Unterrichtsinhalte wurden an das NS-Gedankengut angepasst. H\u00e4ufige feierliche Flaggenehrungen, Beteiligung an den &#8222;allgemeinen nationalen Festen&#8220; und Schulfeiern in nationalsozialistischem Geist fanden statt. Hinzu kamen die zeitaufw\u00e4ndigen Aktivit\u00e4ten im BDM, die bei vielen Sch\u00fclerinnen aber immer st\u00e4rkere Abneigung ausl\u00f6sten.<\/p>\n","protected":false},"excerpt":{"rendered":"<p>Am 30.&nbsp;Januar 1933 kam es zur Machtergreifung durch die Nationalsozialisten. Damit begann auch an der Schule wie an allen anderen staatlichen und gesellschaftlichen Einrichtungen die Phase der &#8222;Gleichschaltung&#8220;. Nahezu alle Sch\u00fclerinnen waren Mitglieder der &#8222;Jungm\u00e4del&#8220; (JM) bzw. des &#8222;Bundes deutscher M\u00e4del&#8220; (BDM), die Lehrer mussten zwangsweise dem &#8222;Nationalsozialistischen Lehrerbunds&#8220; (NSLB) beitreten. Einige wurden auch Mitglieder&hellip;<\/p>\n","protected":false},"author":1,"featured_media":0,"comment_status":"closed","ping_status":"closed","sticky":false,"template":"","format":"standard","meta":{"footnotes":""},"categories":[32],"tags":[],"_links":{"self":[{"href":"https:\/\/www.rwg-bayreuth.de\/home\/index.php?rest_route=\/wp\/v2\/posts\/12431"}],"collection":[{"href":"https:\/\/www.rwg-bayreuth.de\/home\/index.php?rest_route=\/wp\/v2\/posts"}],"about":[{"href":"https:\/\/www.rwg-bayreuth.de\/home\/index.php?rest_route=\/wp\/v2\/types\/post"}],"author":[{"embeddable":true,"href":"https:\/\/www.rwg-bayreuth.de\/home\/index.php?rest_route=\/wp\/v2\/users\/1"}],"replies":[{"embeddable":true,"href":"https:\/\/www.rwg-bayreuth.de\/home\/index.php?rest_route=%2Fwp%2Fv2%2Fcomments&post=12431"}],"version-history":[{"count":5,"href":"https:\/\/www.rwg-bayreuth.de\/home\/index.php?rest_route=\/wp\/v2\/posts\/12431\/revisions"}],"predecessor-version":[{"id":12579,"href":"https:\/\/www.rwg-bayreuth.de\/home\/index.php?rest_route=\/wp\/v2\/posts\/12431\/revisions\/12579"}],"wp:attachment":[{"href":"https:\/\/www.rwg-bayreuth.de\/home\/index.php?rest_route=%2Fwp%2Fv2%2Fmedia&parent=12431"}],"wp:term":[{"taxonomy":"category","embeddable":true,"href":"https:\/\/www.rwg-bayreuth.de\/home\/index.php?rest_route=%2Fwp%2Fv2%2Fcategories&post=12431"},{"taxonomy":"post_tag","embeddable":true,"href":"https:\/\/www.rwg-bayreuth.de\/home\/index.php?rest_route=%2Fwp%2Fv2%2Ftags&post=12431"}],"curies":[{"name":"wp","href":"https:\/\/api.w.org\/{rel}","templated":true}]}}