{"id":12030,"date":"2016-12-28T18:04:38","date_gmt":"2016-12-28T17:04:38","guid":{"rendered":"http:\/\/www.rwg-bayreuth.de\/home\/?p=12030"},"modified":"2017-03-21T16:57:11","modified_gmt":"2017-03-21T15:57:11","slug":"ein-dank-an-alle-spender","status":"publish","type":"post","link":"https:\/\/www.rwg-bayreuth.de\/home\/?p=12030","title":{"rendered":"Ein Dank an alle Spender"},"content":{"rendered":"<div id=\"attachment_12031\" style=\"width: 460px\" class=\"wp-caption aligncenter\"><a href=\"https:\/\/www.rwg-bayreuth.de\/home\/wp-content\/uploads\/2016\/12\/16-17-Weihnachtsp-450.jpg\"><img loading=\"lazy\" decoding=\"async\" aria-describedby=\"caption-attachment-12031\" src=\"https:\/\/www.rwg-bayreuth.de\/home\/wp-content\/uploads\/2016\/12\/16-17-Weihnachtsp-450.jpg\" alt=\"\" width=\"450\" height=\"310\" class=\"size-full wp-image-12031\" srcset=\"https:\/\/www.rwg-bayreuth.de\/home\/wp-content\/uploads\/2016\/12\/16-17-Weihnachtsp-450.jpg 450w, https:\/\/www.rwg-bayreuth.de\/home\/wp-content\/uploads\/2016\/12\/16-17-Weihnachtsp-450-150x103.jpg 150w, https:\/\/www.rwg-bayreuth.de\/home\/wp-content\/uploads\/2016\/12\/16-17-Weihnachtsp-450-300x207.jpg 300w, https:\/\/www.rwg-bayreuth.de\/home\/wp-content\/uploads\/2016\/12\/16-17-Weihnachtsp-450-250x172.jpg 250w\" sizes=\"(max-width: 450px) 100vw, 450px\" \/><\/a><p id=\"caption-attachment-12031\" class=\"wp-caption-text\">Die P\u00e4ckchen wurden rechtzeitig zum Fest verschenkt.<\/p><\/div>\n<p>Um Fl\u00fcchtlingskindern in Bayreuth eine Freude zu bereiten, hatte unsere Schule zu einer Weihnachtsp\u00e4ckchenaktion aufgerufen.<\/p>\n<p>Bedenken, es k\u00f6nne nicht genug gespendet werden, erwiesen sich als unbegr\u00fcndet: Unsere Sch\u00fcler zeigten viel Anteilnahme an der Not anderer und bauten in den letzten Tagen einen stolzen Stapel an Geschenken im Sekretariat auf.<\/p>\n<p>In Zusammenarbeit mit \u201eBunt statt Braun\u201c und der Caritas Bayreuth konnte wohl um die 150 Geschenke f\u00fcr Fl\u00fcchtlingskinder in Bayreuth und Umgebung weitergegeben werden. <\/p>\n<p>Vielen Dank f\u00fcr alle Weihnachtsp\u00e4ckchen!<\/p>\n","protected":false},"excerpt":{"rendered":"<p>Um Fl\u00fcchtlingskindern in Bayreuth eine Freude zu bereiten, hatte unsere Schule zu einer Weihnachtsp\u00e4ckchenaktion aufgerufen. Bedenken, es k\u00f6nne nicht genug gespendet werden, erwiesen sich als unbegr\u00fcndet: Unsere Sch\u00fcler zeigten viel Anteilnahme an der Not anderer und bauten in den letzten Tagen einen stolzen Stapel an Geschenken im Sekretariat auf. In Zusammenarbeit mit \u201eBunt statt Braun\u201c&hellip;<\/p>\n","protected":false},"author":2,"featured_media":12031,"comment_status":"closed","ping_status":"closed","sticky":false,"template":"","format":"standard","meta":{"footnotes":""},"categories":[1],"tags":[51],"_links":{"self":[{"href":"https:\/\/www.rwg-bayreuth.de\/home\/index.php?rest_route=\/wp\/v2\/posts\/12030"}],"collection":[{"href":"https:\/\/www.rwg-bayreuth.de\/home\/index.php?rest_route=\/wp\/v2\/posts"}],"about":[{"href":"https:\/\/www.rwg-bayreuth.de\/home\/index.php?rest_route=\/wp\/v2\/types\/post"}],"author":[{"embeddable":true,"href":"https:\/\/www.rwg-bayreuth.de\/home\/index.php?rest_route=\/wp\/v2\/users\/2"}],"replies":[{"embeddable":true,"href":"https:\/\/www.rwg-bayreuth.de\/home\/index.php?rest_route=%2Fwp%2Fv2%2Fcomments&post=12030"}],"version-history":[{"count":1,"href":"https:\/\/www.rwg-bayreuth.de\/home\/index.php?rest_route=\/wp\/v2\/posts\/12030\/revisions"}],"predecessor-version":[{"id":12032,"href":"https:\/\/www.rwg-bayreuth.de\/home\/index.php?rest_route=\/wp\/v2\/posts\/12030\/revisions\/12032"}],"wp:featuredmedia":[{"embeddable":true,"href":"https:\/\/www.rwg-bayreuth.de\/home\/index.php?rest_route=\/wp\/v2\/media\/12031"}],"wp:attachment":[{"href":"https:\/\/www.rwg-bayreuth.de\/home\/index.php?rest_route=%2Fwp%2Fv2%2Fmedia&parent=12030"}],"wp:term":[{"taxonomy":"category","embeddable":true,"href":"https:\/\/www.rwg-bayreuth.de\/home\/index.php?rest_route=%2Fwp%2Fv2%2Fcategories&post=12030"},{"taxonomy":"post_tag","embeddable":true,"href":"https:\/\/www.rwg-bayreuth.de\/home\/index.php?rest_route=%2Fwp%2Fv2%2Ftags&post=12030"}],"curies":[{"name":"wp","href":"https:\/\/api.w.org\/{rel}","templated":true}]}}