{"id":12003,"date":"2016-12-23T09:56:24","date_gmt":"2016-12-23T08:56:24","guid":{"rendered":"http:\/\/www.rwg-bayreuth.de\/home\/?p=12003"},"modified":"2017-03-20T23:23:18","modified_gmt":"2017-03-20T22:23:18","slug":"12003","status":"publish","type":"post","link":"https:\/\/www.rwg-bayreuth.de\/home\/?p=12003","title":{"rendered":"&#8222;Die Himmel erz\u00e4hlen die Ehre Gottes&#8220;"},"content":{"rendered":"<div id=\"attachment_12004\" style=\"width: 1034px\" class=\"wp-caption aligncenter\"><a href=\"https:\/\/www.rwg-bayreuth.de\/home\/wp-content\/uploads\/2016\/12\/16-17-Weihnachtskonz-Schluss-1024.jpg\"><img loading=\"lazy\" decoding=\"async\" aria-describedby=\"caption-attachment-12004\" class=\"size-full wp-image-12004\" src=\"https:\/\/www.rwg-bayreuth.de\/home\/wp-content\/uploads\/2016\/12\/16-17-Weihnachtskonz-Schluss-1024.jpg\" alt=\"\" width=\"1024\" height=\"396\" srcset=\"https:\/\/www.rwg-bayreuth.de\/home\/wp-content\/uploads\/2016\/12\/16-17-Weihnachtskonz-Schluss-1024.jpg 1024w, https:\/\/www.rwg-bayreuth.de\/home\/wp-content\/uploads\/2016\/12\/16-17-Weihnachtskonz-Schluss-1024-150x58.jpg 150w, https:\/\/www.rwg-bayreuth.de\/home\/wp-content\/uploads\/2016\/12\/16-17-Weihnachtskonz-Schluss-1024-450x174.jpg 450w, https:\/\/www.rwg-bayreuth.de\/home\/wp-content\/uploads\/2016\/12\/16-17-Weihnachtskonz-Schluss-1024-768x297.jpg 768w, https:\/\/www.rwg-bayreuth.de\/home\/wp-content\/uploads\/2016\/12\/16-17-Weihnachtskonz-Schluss-1024-250x97.jpg 250w\" sizes=\"(max-width: 1024px) 100vw, 1024px\" \/><\/a><p id=\"caption-attachment-12004\" class=\"wp-caption-text\">Zum Schlusschor waren alle Mitwirkenden im Alterraum der Christuskirche<\/p><\/div>\n<p>Mit einem festlichen Weihnachtskonzert erfreuten die Ch\u00f6re, S\u00e4nger und Orchester unserer Schule die Zuh\u00f6rer in der Christuskirche.<\/p>\n<p>F\u00fcr sie sei es die sch\u00f6nste Einstimmung auf das Fest, sagte Schulleiterin Ursula Graf bei der Begr\u00fc\u00dfung, und am Ende gaben ihr alle Recht: Die geistliche Musik und die feierlichen Weihnachtsweisen lie\u00dfen sicherlich niemanden unber\u00fchrt, denn sie waren passend ausgesucht und sicher vorgetragen.<\/p>\n<div id=\"attachment_12006\" style=\"width: 460px\" class=\"wp-caption alignleft\"><a href=\"https:\/\/www.rwg-bayreuth.de\/home\/wp-content\/uploads\/2016\/12\/16-17-Weihnachtskonz-Chorteil-450.jpg\"><img loading=\"lazy\" decoding=\"async\" aria-describedby=\"caption-attachment-12006\" class=\"size-full wp-image-12006\" src=\"https:\/\/www.rwg-bayreuth.de\/home\/wp-content\/uploads\/2016\/12\/16-17-Weihnachtskonz-Chorteil-450.jpg\" alt=\"\" width=\"450\" height=\"338\" srcset=\"https:\/\/www.rwg-bayreuth.de\/home\/wp-content\/uploads\/2016\/12\/16-17-Weihnachtskonz-Chorteil-450.jpg 450w, https:\/\/www.rwg-bayreuth.de\/home\/wp-content\/uploads\/2016\/12\/16-17-Weihnachtskonz-Chorteil-450-150x113.jpg 150w, https:\/\/www.rwg-bayreuth.de\/home\/wp-content\/uploads\/2016\/12\/16-17-Weihnachtskonz-Chorteil-450-300x225.jpg 300w, https:\/\/www.rwg-bayreuth.de\/home\/wp-content\/uploads\/2016\/12\/16-17-Weihnachtskonz-Chorteil-450-250x188.jpg 250w\" sizes=\"(max-width: 450px) 100vw, 450px\" \/><\/a><p id=\"caption-attachment-12006\" class=\"wp-caption-text\">Der Gro\u00dfe Chor des RWG er\u00f6ffnete das Weihnachtskonzert.<\/p><\/div>\n<p>Schon der Er\u00f6ffnungsgesang des Gro\u00dfen Chores aus dem Oratorium \u201eDie Sch\u00f6pfung\u201c von Joseph Haydn lie\u00df erkennen, was sich die S\u00e4nger unter der Leitung ihrer Musiklehrer mittlerweile zutrauen und auch stimmlich umsetzen k\u00f6nnen, sodass das ganze Gotteshaus erklang: \u201eDie Himmel erz\u00e4hlen die Ehre Gottes.\u201c Auch der Kammerchor mit J. Rutters \u201eAngel Carol\u201c sorgte f\u00fcr weihnachtliche Stimmung, w\u00e4hrend das Vokalensemble der Q12 mit der spanischen Weise \u201eFum! Fum! Fum!\u201c einen augenzwinkernden, fr\u00f6hlichen Akzent setzten.<\/p>\n<div id=\"attachment_12005\" style=\"width: 460px\" class=\"wp-caption alignright\"><a href=\"https:\/\/www.rwg-bayreuth.de\/home\/wp-content\/uploads\/2016\/12\/16-17-Weihnachtskonz-Unterst2-450.jpg\"><img loading=\"lazy\" decoding=\"async\" aria-describedby=\"caption-attachment-12005\" class=\"size-full wp-image-12005\" src=\"https:\/\/www.rwg-bayreuth.de\/home\/wp-content\/uploads\/2016\/12\/16-17-Weihnachtskonz-Unterst2-450.jpg\" alt=\"\" width=\"450\" height=\"339\" srcset=\"https:\/\/www.rwg-bayreuth.de\/home\/wp-content\/uploads\/2016\/12\/16-17-Weihnachtskonz-Unterst2-450.jpg 450w, https:\/\/www.rwg-bayreuth.de\/home\/wp-content\/uploads\/2016\/12\/16-17-Weihnachtskonz-Unterst2-450-150x113.jpg 150w, https:\/\/www.rwg-bayreuth.de\/home\/wp-content\/uploads\/2016\/12\/16-17-Weihnachtskonz-Unterst2-450-300x226.jpg 300w, https:\/\/www.rwg-bayreuth.de\/home\/wp-content\/uploads\/2016\/12\/16-17-Weihnachtskonz-Unterst2-450-250x188.jpg 250w\" sizes=\"(max-width: 450px) 100vw, 450px\" \/><\/a><p id=\"caption-attachment-12005\" class=\"wp-caption-text\">Chor und Blechbl\u00e4ser wechselten sich ab.<\/p><\/div>\n<p>Wie sch\u00f6n traditionelle Weihnachtslieder aus Kindermund klingen k\u00f6nnen, zeigte der Unterstufenchor, der abwechselnd mit dem Blechbl\u00e4serensemble auftrat. Auch die Orchester und Spielgruppen taten ein \u00dcbriges, um zum Gelingen des Konzertes beizutragen: Annegret Hahn, Clara Weidekamp (Fl\u00f6ten), Therese Griese (Cello) und Elisa Ruckdeschel (Cembalo) hatten einen glanzvollen Auftritt mit G. Bononcinis \u201ePrelude\u201c.<\/p>\n<div id=\"attachment_12007\" style=\"width: 460px\" class=\"wp-caption alignleft\"><a href=\"https:\/\/www.rwg-bayreuth.de\/home\/wp-content\/uploads\/2016\/12\/16-17-Weihnachtskonz-Gitarren-450.jpg\"><img loading=\"lazy\" decoding=\"async\" aria-describedby=\"caption-attachment-12007\" class=\"size-full wp-image-12007\" src=\"https:\/\/www.rwg-bayreuth.de\/home\/wp-content\/uploads\/2016\/12\/16-17-Weihnachtskonz-Gitarren-450.jpg\" alt=\"\" width=\"450\" height=\"338\" srcset=\"https:\/\/www.rwg-bayreuth.de\/home\/wp-content\/uploads\/2016\/12\/16-17-Weihnachtskonz-Gitarren-450.jpg 450w, https:\/\/www.rwg-bayreuth.de\/home\/wp-content\/uploads\/2016\/12\/16-17-Weihnachtskonz-Gitarren-450-150x113.jpg 150w, https:\/\/www.rwg-bayreuth.de\/home\/wp-content\/uploads\/2016\/12\/16-17-Weihnachtskonz-Gitarren-450-300x225.jpg 300w, https:\/\/www.rwg-bayreuth.de\/home\/wp-content\/uploads\/2016\/12\/16-17-Weihnachtskonz-Gitarren-450-250x188.jpg 250w\" sizes=\"(max-width: 450px) 100vw, 450px\" \/><\/a><p id=\"caption-attachment-12007\" class=\"wp-caption-text\">Das Gitarrenensemble spielte eine Allemande.<\/p><\/div>\n<p>Das Gitarrenensemble, betreut von Katharina Niedens aus der Q12, spielte eine barocke Allemande, Solisten des Schulorchesters ein \u201eAve Maria\u201c. Beeindruckend waren auch die Sologes\u00e4nge von Lena Bitterwolf und Rebecca H\u00e4gel sowie Jannis Wachs.<\/p>\n<p>Sie alle kamen am Ende zum gemeinsamen Schlussauftritt in den Alterraum der Christuskirche, die bereits seit Jahren ein w\u00fcrdiger Auff\u00fchrungsort f\u00fcr unsere Weihnachtskonzerte ist. Triumphal erklang die Weihnachtskantate \u201eJetzt ist die rechte Freudenzeit\u201c von K. Haus und erf\u00fcllte Ohren und Herzen der Zuh\u00f6rer. 140 Sch\u00fclerinnen und Sch\u00fcler wirkten bei dem Konzert mit. Wer gerne rechnet: Das ist ein F\u00fcnftel unserer Sch\u00fclerschaft oder zwei von zehn Sch\u00fclern. Dies kann die Musikerzieher des RWG stolz machen, denn es zeigt, auf welch breiter Basis das Musikleben am RWG steht.<\/p>\n<div id=\"attachment_12008\" style=\"width: 460px\" class=\"wp-caption alignleft\"><a href=\"https:\/\/www.rwg-bayreuth.de\/home\/wp-content\/uploads\/2016\/12\/16-17-Weihnachtskonz-Orch-450.jpg\"><img loading=\"lazy\" decoding=\"async\" aria-describedby=\"caption-attachment-12008\" class=\"size-full wp-image-12008\" src=\"https:\/\/www.rwg-bayreuth.de\/home\/wp-content\/uploads\/2016\/12\/16-17-Weihnachtskonz-Orch-450.jpg\" alt=\"\" width=\"450\" height=\"314\" srcset=\"https:\/\/www.rwg-bayreuth.de\/home\/wp-content\/uploads\/2016\/12\/16-17-Weihnachtskonz-Orch-450.jpg 450w, https:\/\/www.rwg-bayreuth.de\/home\/wp-content\/uploads\/2016\/12\/16-17-Weihnachtskonz-Orch-450-150x105.jpg 150w, https:\/\/www.rwg-bayreuth.de\/home\/wp-content\/uploads\/2016\/12\/16-17-Weihnachtskonz-Orch-450-300x209.jpg 300w, https:\/\/www.rwg-bayreuth.de\/home\/wp-content\/uploads\/2016\/12\/16-17-Weihnachtskonz-Orch-450-250x174.jpg 250w\" sizes=\"(max-width: 450px) 100vw, 450px\" \/><\/a><p id=\"caption-attachment-12008\" class=\"wp-caption-text\">Die Orchestersolisten mit Begleitung ihres Musiklehrers.<\/p><\/div>\n<p>Vorbereitet und geleitet haben das Konzert Tatjana Hubert, Albert Hubert, Katharina Niedens, Gerlinde Herrlich, Wolfgang Mehl, Judit Fink-Porr sowie Florian, Ulrike und Helmut Mehling. Ihnen allen geb\u00fchrt daf\u00fcr Dank und Anerkennung!<\/p>\n","protected":false},"excerpt":{"rendered":"<p>Mit einem festlichen Weihnachtskonzert erfreuten die Ch\u00f6re, S\u00e4nger und Orchester unserer Schule die Zuh\u00f6rer in der Christuskirche. F\u00fcr sie sei es die sch\u00f6nste Einstimmung auf das Fest, sagte Schulleiterin Ursula Graf bei der Begr\u00fc\u00dfung, und am Ende gaben ihr alle Recht: Die geistliche Musik und die feierlichen Weihnachtsweisen lie\u00dfen sicherlich niemanden unber\u00fchrt, denn sie waren&hellip;<\/p>\n","protected":false},"author":1,"featured_media":12006,"comment_status":"closed","ping_status":"closed","sticky":false,"template":"","format":"standard","meta":{"footnotes":""},"categories":[1],"tags":[51,44],"_links":{"self":[{"href":"https:\/\/www.rwg-bayreuth.de\/home\/index.php?rest_route=\/wp\/v2\/posts\/12003"}],"collection":[{"href":"https:\/\/www.rwg-bayreuth.de\/home\/index.php?rest_route=\/wp\/v2\/posts"}],"about":[{"href":"https:\/\/www.rwg-bayreuth.de\/home\/index.php?rest_route=\/wp\/v2\/types\/post"}],"author":[{"embeddable":true,"href":"https:\/\/www.rwg-bayreuth.de\/home\/index.php?rest_route=\/wp\/v2\/users\/1"}],"replies":[{"embeddable":true,"href":"https:\/\/www.rwg-bayreuth.de\/home\/index.php?rest_route=%2Fwp%2Fv2%2Fcomments&post=12003"}],"version-history":[{"count":6,"href":"https:\/\/www.rwg-bayreuth.de\/home\/index.php?rest_route=\/wp\/v2\/posts\/12003\/revisions"}],"predecessor-version":[{"id":14815,"href":"https:\/\/www.rwg-bayreuth.de\/home\/index.php?rest_route=\/wp\/v2\/posts\/12003\/revisions\/14815"}],"wp:featuredmedia":[{"embeddable":true,"href":"https:\/\/www.rwg-bayreuth.de\/home\/index.php?rest_route=\/wp\/v2\/media\/12006"}],"wp:attachment":[{"href":"https:\/\/www.rwg-bayreuth.de\/home\/index.php?rest_route=%2Fwp%2Fv2%2Fmedia&parent=12003"}],"wp:term":[{"taxonomy":"category","embeddable":true,"href":"https:\/\/www.rwg-bayreuth.de\/home\/index.php?rest_route=%2Fwp%2Fv2%2Fcategories&post=12003"},{"taxonomy":"post_tag","embeddable":true,"href":"https:\/\/www.rwg-bayreuth.de\/home\/index.php?rest_route=%2Fwp%2Fv2%2Ftags&post=12003"}],"curies":[{"name":"wp","href":"https:\/\/api.w.org\/{rel}","templated":true}]}}