{"id":11941,"date":"2016-12-13T17:36:27","date_gmt":"2016-12-13T16:36:27","guid":{"rendered":"http:\/\/www.rwg-bayreuth.de\/home\/?p=11941"},"modified":"2017-03-20T22:14:33","modified_gmt":"2017-03-20T21:14:33","slug":"seminar-der-klassensprecher","status":"publish","type":"post","link":"https:\/\/www.rwg-bayreuth.de\/home\/?p=11941","title":{"rendered":"Seminar der Klassensprecher"},"content":{"rendered":"<div id=\"attachment_11942\" style=\"width: 460px\" class=\"wp-caption aligncenter\"><a href=\"https:\/\/www.rwg-bayreuth.de\/home\/wp-content\/uploads\/2016\/12\/16-17-Klassensprecherseminar.jpg\"><img loading=\"lazy\" decoding=\"async\" aria-describedby=\"caption-attachment-11942\" src=\"https:\/\/www.rwg-bayreuth.de\/home\/wp-content\/uploads\/2016\/12\/16-17-Klassensprecherseminar.jpg\" alt=\"\" width=\"450\" height=\"253\" class=\"size-full wp-image-11942\" srcset=\"https:\/\/www.rwg-bayreuth.de\/home\/wp-content\/uploads\/2016\/12\/16-17-Klassensprecherseminar.jpg 450w, https:\/\/www.rwg-bayreuth.de\/home\/wp-content\/uploads\/2016\/12\/16-17-Klassensprecherseminar-150x84.jpg 150w, https:\/\/www.rwg-bayreuth.de\/home\/wp-content\/uploads\/2016\/12\/16-17-Klassensprecherseminar-300x169.jpg 300w, https:\/\/www.rwg-bayreuth.de\/home\/wp-content\/uploads\/2016\/12\/16-17-Klassensprecherseminar-250x141.jpg 250w\" sizes=\"(max-width: 450px) 100vw, 450px\" \/><\/a><p id=\"caption-attachment-11942\" class=\"wp-caption-text\">Die Probleme wurden in kleinen Arbeitsgruppen besprochen.<\/p><\/div>\n<p>Zu einem Seminar trafen sich die Klassensprecher des RWG.<\/p>\n<p>Alle Klassensprecher der Schule kamen zusammen, unterst\u00fctzt von ihren Verbindungslehrern Frau Schmidt und Herrn Bauer, und arbeiteten einen Tag gemeinsam am neuen Konzept der RWG SMV.<\/p>\n<p>Am Vormittag besch\u00e4ftigten sich f\u00fcnf verschiedene SMV-Teams mit ihren Zielen f\u00fcr das Schuljahr 2016\/17 und entwickelten Konzepte zur Umsetzung der Projekte. Es wurden Turniere f\u00fcr verschiedene Jahrgangsstufen und die Faschingsparty f\u00fcr die 5. Klassen geplant, Ideen f\u00fcr das Schuljubil\u00e4um und das Schulfest gesammelt, die \u201eSMV-News\u201c entwickelt und sich der Ablauf der Valentin-Aktion \u00fcberlegt. Anschlie\u00dfend wurden die Arbeitsergebnisse der unterschiedlichen Teams im Plenum pr\u00e4sentiert und kritisch diskutiert.<\/p>\n<p>Nach einem arbeitsintensiven, aber gelungenem Vormittag konnten sich die Klassensprecher mittags mit selbstgebackener Pizza st\u00e4rken. Am Nachmittag hatten die Sch\u00fcler die M\u00f6glichkeit, sich beim Pl\u00e4tzchenbacken in der Schulk\u00fcche oder beim Sport in der Turnhalle besser kennen zu lernen.<br \/>\nBei leckeren Pl\u00e4tzchen und hei\u00dfem Kinderpunsch lie\u00dfen die Klassensprecher den gewinnbringenden Tag gemeinsam mit ihren Verbindungslehrern ausklingen. <\/p>\n","protected":false},"excerpt":{"rendered":"<p>Zu einem Seminar trafen sich die Klassensprecher des RWG. Alle Klassensprecher der Schule kamen zusammen, unterst\u00fctzt von ihren Verbindungslehrern Frau Schmidt und Herrn Bauer, und arbeiteten einen Tag gemeinsam am neuen Konzept der RWG SMV. Am Vormittag besch\u00e4ftigten sich f\u00fcnf verschiedene SMV-Teams mit ihren Zielen f\u00fcr das Schuljahr 2016\/17 und entwickelten Konzepte zur Umsetzung der&hellip;<\/p>\n","protected":false},"author":2,"featured_media":11942,"comment_status":"closed","ping_status":"closed","sticky":false,"template":"","format":"standard","meta":{"footnotes":""},"categories":[1],"tags":[51,35],"_links":{"self":[{"href":"https:\/\/www.rwg-bayreuth.de\/home\/index.php?rest_route=\/wp\/v2\/posts\/11941"}],"collection":[{"href":"https:\/\/www.rwg-bayreuth.de\/home\/index.php?rest_route=\/wp\/v2\/posts"}],"about":[{"href":"https:\/\/www.rwg-bayreuth.de\/home\/index.php?rest_route=\/wp\/v2\/types\/post"}],"author":[{"embeddable":true,"href":"https:\/\/www.rwg-bayreuth.de\/home\/index.php?rest_route=\/wp\/v2\/users\/2"}],"replies":[{"embeddable":true,"href":"https:\/\/www.rwg-bayreuth.de\/home\/index.php?rest_route=%2Fwp%2Fv2%2Fcomments&post=11941"}],"version-history":[{"count":1,"href":"https:\/\/www.rwg-bayreuth.de\/home\/index.php?rest_route=\/wp\/v2\/posts\/11941\/revisions"}],"predecessor-version":[{"id":11943,"href":"https:\/\/www.rwg-bayreuth.de\/home\/index.php?rest_route=\/wp\/v2\/posts\/11941\/revisions\/11943"}],"wp:featuredmedia":[{"embeddable":true,"href":"https:\/\/www.rwg-bayreuth.de\/home\/index.php?rest_route=\/wp\/v2\/media\/11942"}],"wp:attachment":[{"href":"https:\/\/www.rwg-bayreuth.de\/home\/index.php?rest_route=%2Fwp%2Fv2%2Fmedia&parent=11941"}],"wp:term":[{"taxonomy":"category","embeddable":true,"href":"https:\/\/www.rwg-bayreuth.de\/home\/index.php?rest_route=%2Fwp%2Fv2%2Fcategories&post=11941"},{"taxonomy":"post_tag","embeddable":true,"href":"https:\/\/www.rwg-bayreuth.de\/home\/index.php?rest_route=%2Fwp%2Fv2%2Ftags&post=11941"}],"curies":[{"name":"wp","href":"https:\/\/api.w.org\/{rel}","templated":true}]}}