{"id":11912,"date":"2016-12-10T11:31:31","date_gmt":"2016-12-10T10:31:31","guid":{"rendered":"http:\/\/www.rwg-bayreuth.de\/home\/?p=11912"},"modified":"2017-03-21T17:00:00","modified_gmt":"2017-03-21T16:00:00","slug":"kinderrechte-auf-dem-pruefstand","status":"publish","type":"post","link":"https:\/\/www.rwg-bayreuth.de\/home\/?p=11912","title":{"rendered":"Kinderrechte auf dem Pr\u00fcfstand"},"content":{"rendered":"<div id=\"attachment_11914\" style=\"width: 910px\" class=\"wp-caption alignleft\"><a href=\"https:\/\/www.rwg-bayreuth.de\/home\/wp-content\/uploads\/2016\/12\/16-17-Kinderrechte-1024.jpg\"><img loading=\"lazy\" decoding=\"async\" aria-describedby=\"caption-attachment-11914\" src=\"https:\/\/www.rwg-bayreuth.de\/home\/wp-content\/uploads\/2016\/12\/16-17-Kinderrechte-1024-1024x608.jpg\" alt=\"\" width=\"900\" height=\"534\" class=\"size-large wp-image-11914\" srcset=\"https:\/\/www.rwg-bayreuth.de\/home\/wp-content\/uploads\/2016\/12\/16-17-Kinderrechte-1024.jpg 1024w, https:\/\/www.rwg-bayreuth.de\/home\/wp-content\/uploads\/2016\/12\/16-17-Kinderrechte-1024-150x89.jpg 150w, https:\/\/www.rwg-bayreuth.de\/home\/wp-content\/uploads\/2016\/12\/16-17-Kinderrechte-1024-450x267.jpg 450w, https:\/\/www.rwg-bayreuth.de\/home\/wp-content\/uploads\/2016\/12\/16-17-Kinderrechte-1024-768x456.jpg 768w, https:\/\/www.rwg-bayreuth.de\/home\/wp-content\/uploads\/2016\/12\/16-17-Kinderrechte-1024-250x148.jpg 250w\" sizes=\"(max-width: 900px) 100vw, 900px\" \/><\/a><p id=\"caption-attachment-11914\" class=\"wp-caption-text\">Anette Kramme (hinten Mitte) stellte sich den Fragen<\/p><\/div>\n<p>Mit dem Thema \u201eKinderrechte\u201c besch\u00e4ftigte sich die 8. Jahrgangsstufe des Sozialwissenschaftlichen Zweiges. Zu einer Diskussion kam Staatssekret\u00e4rin Anette Kramme (SPD) ans RWG.<\/p>\n<p>In Begleitung von Anette Kramme, ihres Zeichens Parlamentarische Staatssekret\u00e4rin f\u00fcr Arbeit und Soziales, war auch die UNICEF-Hochschulgruppe Bayreuth gekommen, und sie wussten, wovon sie sprachen: Menschenrechtsverletzungen gegen Kindern gibt es weltweit, und es macht erschrocken und betroffen zugleich, wenn man h\u00f6rt, was Kindern alles angetan wird. Die Sch\u00fclerinnen und Sch\u00fcler des SWG-Zweiges unserer Schule konnten Antworten auf ihre vielen Fragen aus berufenem Mund bekommen und auch ein bisschen sp\u00fcren, wie Politik funktioniert.<\/p>\n<p>Als eigenen Beitrag zu einer kritischen Auseinandersetzung mit dem Thema hatten die Sch\u00fclerinnen und Sch\u00fcler Plakate zum Thema \u201eKinderrechtsverletzungen\u201c gestaltet.<\/p>\n","protected":false},"excerpt":{"rendered":"<p>Mit dem Thema \u201eKinderrechte\u201c besch\u00e4ftigte sich die 8. Jahrgangsstufe des Sozialwissenschaftlichen Zweiges. Zu einer Diskussion kam Staatssekret\u00e4rin Anette Kramme (SPD) ans RWG. In Begleitung von Anette Kramme, ihres Zeichens Parlamentarische Staatssekret\u00e4rin f\u00fcr Arbeit und Soziales, war auch die UNICEF-Hochschulgruppe Bayreuth gekommen, und sie wussten, wovon sie sprachen: Menschenrechtsverletzungen gegen Kindern gibt es weltweit, und es&hellip;<\/p>\n","protected":false},"author":2,"featured_media":11913,"comment_status":"closed","ping_status":"closed","sticky":false,"template":"","format":"standard","meta":{"footnotes":""},"categories":[1],"tags":[51],"_links":{"self":[{"href":"https:\/\/www.rwg-bayreuth.de\/home\/index.php?rest_route=\/wp\/v2\/posts\/11912"}],"collection":[{"href":"https:\/\/www.rwg-bayreuth.de\/home\/index.php?rest_route=\/wp\/v2\/posts"}],"about":[{"href":"https:\/\/www.rwg-bayreuth.de\/home\/index.php?rest_route=\/wp\/v2\/types\/post"}],"author":[{"embeddable":true,"href":"https:\/\/www.rwg-bayreuth.de\/home\/index.php?rest_route=\/wp\/v2\/users\/2"}],"replies":[{"embeddable":true,"href":"https:\/\/www.rwg-bayreuth.de\/home\/index.php?rest_route=%2Fwp%2Fv2%2Fcomments&post=11912"}],"version-history":[{"count":2,"href":"https:\/\/www.rwg-bayreuth.de\/home\/index.php?rest_route=\/wp\/v2\/posts\/11912\/revisions"}],"predecessor-version":[{"id":14842,"href":"https:\/\/www.rwg-bayreuth.de\/home\/index.php?rest_route=\/wp\/v2\/posts\/11912\/revisions\/14842"}],"wp:featuredmedia":[{"embeddable":true,"href":"https:\/\/www.rwg-bayreuth.de\/home\/index.php?rest_route=\/wp\/v2\/media\/11913"}],"wp:attachment":[{"href":"https:\/\/www.rwg-bayreuth.de\/home\/index.php?rest_route=%2Fwp%2Fv2%2Fmedia&parent=11912"}],"wp:term":[{"taxonomy":"category","embeddable":true,"href":"https:\/\/www.rwg-bayreuth.de\/home\/index.php?rest_route=%2Fwp%2Fv2%2Fcategories&post=11912"},{"taxonomy":"post_tag","embeddable":true,"href":"https:\/\/www.rwg-bayreuth.de\/home\/index.php?rest_route=%2Fwp%2Fv2%2Ftags&post=11912"}],"curies":[{"name":"wp","href":"https:\/\/api.w.org\/{rel}","templated":true}]}}