{"id":11848,"date":"2016-11-30T18:50:59","date_gmt":"2016-11-30T17:50:59","guid":{"rendered":"http:\/\/www.rwg-bayreuth.de\/home\/?p=11848"},"modified":"2017-03-21T17:34:49","modified_gmt":"2017-03-21T16:34:49","slug":"zu-gast-bei-der-junior-messe","status":"publish","type":"post","link":"https:\/\/www.rwg-bayreuth.de\/home\/?p=11848","title":{"rendered":"Zu Gast bei der JUNIOR-Messe"},"content":{"rendered":"<div id=\"attachment_11849\" style=\"width: 460px\" class=\"wp-caption aligncenter\"><a href=\"https:\/\/www.rwg-bayreuth.de\/home\/wp-content\/uploads\/2016\/11\/16-17-Bastelschere-Messe2-450.jpg\"><img loading=\"lazy\" decoding=\"async\" aria-describedby=\"caption-attachment-11849\" src=\"https:\/\/www.rwg-bayreuth.de\/home\/wp-content\/uploads\/2016\/11\/16-17-Bastelschere-Messe2-450.jpg\" alt=\"Die Messe war in einem Einkaufszentrum in Ingolstadt.\" width=\"450\" height=\"284\" class=\"size-full wp-image-11849\" srcset=\"https:\/\/www.rwg-bayreuth.de\/home\/wp-content\/uploads\/2016\/11\/16-17-Bastelschere-Messe2-450.jpg 450w, https:\/\/www.rwg-bayreuth.de\/home\/wp-content\/uploads\/2016\/11\/16-17-Bastelschere-Messe2-450-150x95.jpg 150w, https:\/\/www.rwg-bayreuth.de\/home\/wp-content\/uploads\/2016\/11\/16-17-Bastelschere-Messe2-450-300x189.jpg 300w, https:\/\/www.rwg-bayreuth.de\/home\/wp-content\/uploads\/2016\/11\/16-17-Bastelschere-Messe2-450-250x158.jpg 250w\" sizes=\"(max-width: 450px) 100vw, 450px\" \/><\/a><p id=\"caption-attachment-11849\" class=\"wp-caption-text\">Die Messe war in einem Einkaufszentrum in Ingolstadt.<\/p><\/div>\n<p>Die Sch\u00fcler des P-Seminars  Wirtschaft und Recht nahmen mit  Seminarleiterin Frau Schmidt an der JUNIOR-Messe 2016 im Einkaufscentrum Westpark in Ingolstadt teil. <\/p>\n<p>15 Junior-Unternehmen aus ganz Bayern mit rund 200 Sch\u00fclern pr\u00e4sentierten sich dem Publikum im Shopping-Center. Jedes Sch\u00fcler-Unternehmen gestaltete eigenst\u00e4ndig einen Messestand und \u00fcberlegte sich einen kurzen Werbespot f\u00fcr sein Unternehmen, welcher dem Publikum und der Messe-Jury auf der Junior-B\u00fchne pr\u00e4sentiert wurde.<\/p>\n<p>Die 12 teilnehmenden Sch\u00fcler des Richard-Wagner-Gymnasiums stellten an ihrem Stand das Konzept der ,,BastelSchere\u2018\u2018 vor: Es handelt sich um ein vom Seminar gegr\u00fcndetes Unternehmen, das Bastelworkshops f\u00fcr Grundsch\u00fcler organisiert und durchf\u00fchrt. Seit seiner Gr\u00fcndung hat das Unternehmen schon sechs Workshops durchgef\u00fchrt und dabei mehr als 60 Grundsch\u00fcler betreut.<\/p>\n<div id=\"attachment_11850\" style=\"width: 460px\" class=\"wp-caption alignleft\"><a href=\"https:\/\/www.rwg-bayreuth.de\/home\/wp-content\/uploads\/2016\/11\/16-17-Bastelschere-Messe-450.jpg\"><img loading=\"lazy\" decoding=\"async\" aria-describedby=\"caption-attachment-11850\" src=\"https:\/\/www.rwg-bayreuth.de\/home\/wp-content\/uploads\/2016\/11\/16-17-Bastelschere-Messe-450.jpg\" alt=\"Das &quot;BastelSchere&quot;-Team hatte einen sch\u00f6nen Tag.\" width=\"450\" height=\"325\" class=\"size-full wp-image-11850\" srcset=\"https:\/\/www.rwg-bayreuth.de\/home\/wp-content\/uploads\/2016\/11\/16-17-Bastelschere-Messe-450.jpg 450w, https:\/\/www.rwg-bayreuth.de\/home\/wp-content\/uploads\/2016\/11\/16-17-Bastelschere-Messe-450-150x108.jpg 150w, https:\/\/www.rwg-bayreuth.de\/home\/wp-content\/uploads\/2016\/11\/16-17-Bastelschere-Messe-450-300x217.jpg 300w, https:\/\/www.rwg-bayreuth.de\/home\/wp-content\/uploads\/2016\/11\/16-17-Bastelschere-Messe-450-250x181.jpg 250w\" sizes=\"(max-width: 450px) 100vw, 450px\" \/><\/a><p id=\"caption-attachment-11850\" class=\"wp-caption-text\">Das &#8222;BastelSchere&#8220;-Team hatte einen sch\u00f6nen Tag.<\/p><\/div>\n<p>Bei den Veranstaltern und der Jury der Messe kamen der bunte Stand und das Konzept der \u201eBastelSchere\u201c sehr gut an. Das P-Seminar des Richard-Wagner-Gymnasiums konnte an diesem Tag gewinnbringende Gespr\u00e4che mit anderen JUNIOR-Teilnehmern f\u00fchren und reiste mit vielen neuen Eindr\u00fccken zur\u00fcck nach Bayreuth.<\/p>\n","protected":false},"excerpt":{"rendered":"<p>Die Sch\u00fcler des P-Seminars Wirtschaft und Recht nahmen mit Seminarleiterin Frau Schmidt an der JUNIOR-Messe 2016 im Einkaufscentrum Westpark in Ingolstadt teil. 15 Junior-Unternehmen aus ganz Bayern mit rund 200 Sch\u00fclern pr\u00e4sentierten sich dem Publikum im Shopping-Center. Jedes Sch\u00fcler-Unternehmen gestaltete eigenst\u00e4ndig einen Messestand und \u00fcberlegte sich einen kurzen Werbespot f\u00fcr sein Unternehmen, welcher dem Publikum&hellip;<\/p>\n","protected":false},"author":2,"featured_media":11849,"comment_status":"closed","ping_status":"closed","sticky":false,"template":"","format":"standard","meta":{"footnotes":""},"categories":[1],"tags":[51,64,53],"_links":{"self":[{"href":"https:\/\/www.rwg-bayreuth.de\/home\/index.php?rest_route=\/wp\/v2\/posts\/11848"}],"collection":[{"href":"https:\/\/www.rwg-bayreuth.de\/home\/index.php?rest_route=\/wp\/v2\/posts"}],"about":[{"href":"https:\/\/www.rwg-bayreuth.de\/home\/index.php?rest_route=\/wp\/v2\/types\/post"}],"author":[{"embeddable":true,"href":"https:\/\/www.rwg-bayreuth.de\/home\/index.php?rest_route=\/wp\/v2\/users\/2"}],"replies":[{"embeddable":true,"href":"https:\/\/www.rwg-bayreuth.de\/home\/index.php?rest_route=%2Fwp%2Fv2%2Fcomments&post=11848"}],"version-history":[{"count":3,"href":"https:\/\/www.rwg-bayreuth.de\/home\/index.php?rest_route=\/wp\/v2\/posts\/11848\/revisions"}],"predecessor-version":[{"id":11867,"href":"https:\/\/www.rwg-bayreuth.de\/home\/index.php?rest_route=\/wp\/v2\/posts\/11848\/revisions\/11867"}],"wp:featuredmedia":[{"embeddable":true,"href":"https:\/\/www.rwg-bayreuth.de\/home\/index.php?rest_route=\/wp\/v2\/media\/11849"}],"wp:attachment":[{"href":"https:\/\/www.rwg-bayreuth.de\/home\/index.php?rest_route=%2Fwp%2Fv2%2Fmedia&parent=11848"}],"wp:term":[{"taxonomy":"category","embeddable":true,"href":"https:\/\/www.rwg-bayreuth.de\/home\/index.php?rest_route=%2Fwp%2Fv2%2Fcategories&post=11848"},{"taxonomy":"post_tag","embeddable":true,"href":"https:\/\/www.rwg-bayreuth.de\/home\/index.php?rest_route=%2Fwp%2Fv2%2Ftags&post=11848"}],"curies":[{"name":"wp","href":"https:\/\/api.w.org\/{rel}","templated":true}]}}