{"id":11780,"date":"2016-11-24T22:30:40","date_gmt":"2016-11-24T21:30:40","guid":{"rendered":"http:\/\/www.rwg-bayreuth.de\/home\/?p=11780"},"modified":"2017-03-21T17:03:26","modified_gmt":"2017-03-21T16:03:26","slug":"gut-war-nicht-genug","status":"publish","type":"post","link":"https:\/\/www.rwg-bayreuth.de\/home\/?p=11780","title":{"rendered":"Gut war nicht genug"},"content":{"rendered":"<div id=\"attachment_11781\" style=\"width: 910px\" class=\"wp-caption aligncenter\"><a href=\"https:\/\/www.rwg-bayreuth.de\/home\/wp-content\/uploads\/2016\/11\/16-17_Voice2_1024.jpg\"><img loading=\"lazy\" decoding=\"async\" aria-describedby=\"caption-attachment-11781\" src=\"https:\/\/www.rwg-bayreuth.de\/home\/wp-content\/uploads\/2016\/11\/16-17_Voice2_1024-1024x721.jpg\" alt=\"&quot;Umbrella&quot; hie\u00df der Song der Mustafa-Schwestern\" width=\"900\" height=\"634\" class=\"size-large wp-image-11781\" srcset=\"https:\/\/www.rwg-bayreuth.de\/home\/wp-content\/uploads\/2016\/11\/16-17_Voice2_1024.jpg 1024w, https:\/\/www.rwg-bayreuth.de\/home\/wp-content\/uploads\/2016\/11\/16-17_Voice2_1024-150x106.jpg 150w, https:\/\/www.rwg-bayreuth.de\/home\/wp-content\/uploads\/2016\/11\/16-17_Voice2_1024-450x317.jpg 450w, https:\/\/www.rwg-bayreuth.de\/home\/wp-content\/uploads\/2016\/11\/16-17_Voice2_1024-768x541.jpg 768w, https:\/\/www.rwg-bayreuth.de\/home\/wp-content\/uploads\/2016\/11\/16-17_Voice2_1024-250x176.jpg 250w\" sizes=\"(max-width: 900px) 100vw, 900px\" \/><\/a><p id=\"caption-attachment-11781\" class=\"wp-caption-text\">&#8222;Umbrella&#8220; hie\u00df der Song der Mustafa-Schwestern<\/p><\/div>\n<p>Schade &#8211; aus der Traum: F\u00fcr die Mustafa-Schwestern hat der Einzug in die n\u00e4chste Runde von \u201eVoice of Germany\u201c leider nicht geklappt.<\/p>\n<p>Nachdem sich Mimoza, Shkurte und Vjollca f\u00fcr die zweite Runde der Casting Show \u201eVoice of Germany\u201c qualifizieren konnten, mussten sie in einem Ausscheidungssingen gegen Fl\u00e1vio Martins antreten: Zusammen performten sie den Song \u201eUmbrella\u201c von Rihanna, doch nur einer w\u00fcrde in die n\u00e4chste Runde kommen, so wollen es die Regeln.<\/p>\n<p>Wer insgeheim gehofft hatte, das Mustafa-Trio k\u00f6nnte vielleicht dem Einzels\u00e4nger Paroli bieten, sah sich leider entt\u00e4uscht: Gegen die stimmliche Pr\u00e4senz von Fl\u00e1vio halfen auch Charme und Ausstrahlung der drei M\u00e4dels, alle Sch\u00fclerinnen am RWG, nur wenig. <\/p>\n<p>Das war auch aus den Meinungen der Jury herauszuh\u00f6ren, und Yvonne Catterfeld, die Team-Mentorin der Mustafa-M\u00e4dels, erkl\u00e4rte ohne viel Z\u00f6gern, dass sie Fl\u00e1vio, dem Sieger der Runde, im weiteren Wettbewerb bessere Chancen einr\u00e4ume. Trotzdem verlie\u00dfen Mimoza, Shkurte und Vjollca freudestrahlend und mit hoch erhobenen Haupt die B\u00fchne: F\u00fcr sie war es eine wundervolle Erfahrung, auf einer so gro\u00dfen B\u00fchne stehen zu d\u00fcrfen und am Wettbewerb teilgenommen zu haben, sagten sie im Interview. Ihre Eltern nahmen sie nach dem Auftritt hinter der B\u00fchne in Empfang, voller Stolz, und stolz d\u00fcrfen sie auch sein.<\/p>\n","protected":false},"excerpt":{"rendered":"<p>Schade &#8211; aus der Traum: F\u00fcr die Mustafa-Schwestern hat der Einzug in die n\u00e4chste Runde von \u201eVoice of Germany\u201c leider nicht geklappt. Nachdem sich Mimoza, Shkurte und Vjollca f\u00fcr die zweite Runde der Casting Show \u201eVoice of Germany\u201c qualifizieren konnten, mussten sie in einem Ausscheidungssingen gegen Fl\u00e1vio Martins antreten: Zusammen performten sie den Song \u201eUmbrella\u201c&hellip;<\/p>\n","protected":false},"author":2,"featured_media":11783,"comment_status":"closed","ping_status":"closed","sticky":false,"template":"","format":"standard","meta":{"footnotes":""},"categories":[1],"tags":[51],"_links":{"self":[{"href":"https:\/\/www.rwg-bayreuth.de\/home\/index.php?rest_route=\/wp\/v2\/posts\/11780"}],"collection":[{"href":"https:\/\/www.rwg-bayreuth.de\/home\/index.php?rest_route=\/wp\/v2\/posts"}],"about":[{"href":"https:\/\/www.rwg-bayreuth.de\/home\/index.php?rest_route=\/wp\/v2\/types\/post"}],"author":[{"embeddable":true,"href":"https:\/\/www.rwg-bayreuth.de\/home\/index.php?rest_route=\/wp\/v2\/users\/2"}],"replies":[{"embeddable":true,"href":"https:\/\/www.rwg-bayreuth.de\/home\/index.php?rest_route=%2Fwp%2Fv2%2Fcomments&post=11780"}],"version-history":[{"count":4,"href":"https:\/\/www.rwg-bayreuth.de\/home\/index.php?rest_route=\/wp\/v2\/posts\/11780\/revisions"}],"predecessor-version":[{"id":11787,"href":"https:\/\/www.rwg-bayreuth.de\/home\/index.php?rest_route=\/wp\/v2\/posts\/11780\/revisions\/11787"}],"wp:featuredmedia":[{"embeddable":true,"href":"https:\/\/www.rwg-bayreuth.de\/home\/index.php?rest_route=\/wp\/v2\/media\/11783"}],"wp:attachment":[{"href":"https:\/\/www.rwg-bayreuth.de\/home\/index.php?rest_route=%2Fwp%2Fv2%2Fmedia&parent=11780"}],"wp:term":[{"taxonomy":"category","embeddable":true,"href":"https:\/\/www.rwg-bayreuth.de\/home\/index.php?rest_route=%2Fwp%2Fv2%2Fcategories&post=11780"},{"taxonomy":"post_tag","embeddable":true,"href":"https:\/\/www.rwg-bayreuth.de\/home\/index.php?rest_route=%2Fwp%2Fv2%2Ftags&post=11780"}],"curies":[{"name":"wp","href":"https:\/\/api.w.org\/{rel}","templated":true}]}}