{"id":11693,"date":"2016-11-19T17:33:49","date_gmt":"2016-11-19T16:33:49","guid":{"rendered":"http:\/\/www.rwg-bayreuth.de\/home\/?p=11693"},"modified":"2017-03-21T17:05:15","modified_gmt":"2017-03-21T16:05:15","slug":"einer-liest-und-alle-lauschen","status":"publish","type":"post","link":"https:\/\/www.rwg-bayreuth.de\/home\/?p=11693","title":{"rendered":"Eine(r) liest und alle lauschen"},"content":{"rendered":"<div id=\"attachment_11692\" style=\"width: 910px\" class=\"wp-caption aligncenter\"><a href=\"https:\/\/www.rwg-bayreuth.de\/home\/wp-content\/uploads\/2009\/11\/16-17-Vorlesen-Graf-1024.jpg\"><img loading=\"lazy\" decoding=\"async\" aria-describedby=\"caption-attachment-11692\" src=\"https:\/\/www.rwg-bayreuth.de\/home\/wp-content\/uploads\/2009\/11\/16-17-Vorlesen-Graf-1024.jpg\" alt=\"Schulleiterin Ursula Graf las in der Klasse 5b vor.\" width=\"900\" height=\"597\" class=\"size-large wp-image-11692\" \/><\/a><p id=\"caption-attachment-11692\" class=\"wp-caption-text\">Schulleiterin Ursula Graf las in der Klasse 5b vor.<\/p><\/div>\n<p>Jedes Jahr am dritten Freitag im November ist der \u201eBundesweite Vorlesetag\u201c. Nat\u00fcrlich war unsere Schule mit dabei.<\/p>\n<p>Die Idee dahinter ist ganz einfach: Jeder, der Spa\u00df am Vorlesen hat, liest an diesem Freitag anderen vor. Im letzten Jahr waren es in ganz Deutschland \u00fcber 110.000 registrierte Vorleserinnen und Vorleser, die sich an diesem Aktionstag beteiligten. <\/p>\n<div id=\"attachment_11694\" style=\"width: 460px\" class=\"wp-caption alignleft\"><a href=\"https:\/\/www.rwg-bayreuth.de\/home\/wp-content\/uploads\/2016\/11\/16-17-Vorlesen-Sch\u00fcler-450.jpg\"><img loading=\"lazy\" decoding=\"async\" aria-describedby=\"caption-attachment-11694\" src=\"https:\/\/www.rwg-bayreuth.de\/home\/wp-content\/uploads\/2016\/11\/16-17-Vorlesen-Sch\u00fcler-450.jpg\" alt=\"Im Lesenden herrschte die richtige Leseatmosph\u00e4re.\" width=\"450\" height=\"288\" class=\"size-full wp-image-11694\" srcset=\"https:\/\/www.rwg-bayreuth.de\/home\/wp-content\/uploads\/2016\/11\/16-17-Vorlesen-Sch\u00fcler-450.jpg 450w, https:\/\/www.rwg-bayreuth.de\/home\/wp-content\/uploads\/2016\/11\/16-17-Vorlesen-Sch\u00fcler-450-150x96.jpg 150w, https:\/\/www.rwg-bayreuth.de\/home\/wp-content\/uploads\/2016\/11\/16-17-Vorlesen-Sch\u00fcler-450-300x192.jpg 300w, https:\/\/www.rwg-bayreuth.de\/home\/wp-content\/uploads\/2016\/11\/16-17-Vorlesen-Sch\u00fcler-450-250x160.jpg 250w\" sizes=\"(max-width: 450px) 100vw, 450px\" \/><\/a><p id=\"caption-attachment-11694\" class=\"wp-caption-text\">Im Lesenden herrschte die richtige Leseatmosph\u00e4re.<\/p><\/div>\n<p>An unserer Schule war es heuer die Unterstufe, welche schwerpunktm\u00e4\u00dfig mitmachte. Nat\u00fcrlich war das \u201eLesende Klassenzimmer\u201c an diesem Tag ausgebucht, denn was bietet ein besseres Ambiente f\u00fcr einen Vorlesetag als ein Zimmer voller B\u00fccher? Kerzenlichter lie\u00dfen die n\u00f6tige Gem\u00fctlichkeit aufkommen.<br \/>\nDa nicht alle ins Lesende Klassenzimmer konnten, wurden kurzerhand auch verschiedene Klassenzimmer in Lesezimmer umfunktioniert. So machte es sich die Klasse 5b auf ihren bunten Sitzs\u00e4cken im hinteren Teil des Klassenzimmers gem\u00fctlich. <\/p>\n<p>Als Vorleserin war unsere Schulleiterin Ursula Graf pers\u00f6nlich erschienen. Sie las aus \u201eCaius, der Lausbub aus dem alten Rom\u201c, einem Jugendbuchklassiker von Henry Winterfeld. <\/p>\n<p>Die Lesef\u00f6rderung ist ein wichtiges Anliegen des Richard-Wagner-Gymnasiums: Wer gut liest, tut sich mit allen F\u00e4chern leichter. <a href=\"https:\/\/www.rwg-bayreuth.de\/home\/?page_id=89\">[mehr zur Lesef\u00f6rderung am RWG\u2026]<\/a><\/p>\n","protected":false},"excerpt":{"rendered":"<p>Jedes Jahr am dritten Freitag im November ist der \u201eBundesweite Vorlesetag\u201c. Nat\u00fcrlich war unsere Schule mit dabei. Die Idee dahinter ist ganz einfach: Jeder, der Spa\u00df am Vorlesen hat, liest an diesem Freitag anderen vor. Im letzten Jahr waren es in ganz Deutschland \u00fcber 110.000 registrierte Vorleserinnen und Vorleser, die sich an diesem Aktionstag beteiligten.&hellip;<\/p>\n","protected":false},"author":2,"featured_media":11704,"comment_status":"closed","ping_status":"closed","sticky":false,"template":"","format":"standard","meta":{"footnotes":""},"categories":[1],"tags":[59,51],"_links":{"self":[{"href":"https:\/\/www.rwg-bayreuth.de\/home\/index.php?rest_route=\/wp\/v2\/posts\/11693"}],"collection":[{"href":"https:\/\/www.rwg-bayreuth.de\/home\/index.php?rest_route=\/wp\/v2\/posts"}],"about":[{"href":"https:\/\/www.rwg-bayreuth.de\/home\/index.php?rest_route=\/wp\/v2\/types\/post"}],"author":[{"embeddable":true,"href":"https:\/\/www.rwg-bayreuth.de\/home\/index.php?rest_route=\/wp\/v2\/users\/2"}],"replies":[{"embeddable":true,"href":"https:\/\/www.rwg-bayreuth.de\/home\/index.php?rest_route=%2Fwp%2Fv2%2Fcomments&post=11693"}],"version-history":[{"count":6,"href":"https:\/\/www.rwg-bayreuth.de\/home\/index.php?rest_route=\/wp\/v2\/posts\/11693\/revisions"}],"predecessor-version":[{"id":11732,"href":"https:\/\/www.rwg-bayreuth.de\/home\/index.php?rest_route=\/wp\/v2\/posts\/11693\/revisions\/11732"}],"wp:featuredmedia":[{"embeddable":true,"href":"https:\/\/www.rwg-bayreuth.de\/home\/index.php?rest_route=\/wp\/v2\/media\/11704"}],"wp:attachment":[{"href":"https:\/\/www.rwg-bayreuth.de\/home\/index.php?rest_route=%2Fwp%2Fv2%2Fmedia&parent=11693"}],"wp:term":[{"taxonomy":"category","embeddable":true,"href":"https:\/\/www.rwg-bayreuth.de\/home\/index.php?rest_route=%2Fwp%2Fv2%2Fcategories&post=11693"},{"taxonomy":"post_tag","embeddable":true,"href":"https:\/\/www.rwg-bayreuth.de\/home\/index.php?rest_route=%2Fwp%2Fv2%2Ftags&post=11693"}],"curies":[{"name":"wp","href":"https:\/\/api.w.org\/{rel}","templated":true}]}}