{"id":11532,"date":"2016-11-13T21:50:58","date_gmt":"2016-11-13T20:50:58","guid":{"rendered":"http:\/\/www.rwg-bayreuth.de\/home\/?p=11532"},"modified":"2017-03-21T12:35:30","modified_gmt":"2017-03-21T11:35:30","slug":"musik-fuer-das-jenseits","status":"publish","type":"post","link":"https:\/\/www.rwg-bayreuth.de\/home\/?p=11532","title":{"rendered":"Musik f\u00fcr das Jenseits"},"content":{"rendered":"<div id=\"attachment_11535\" style=\"width: 910px\" class=\"wp-caption aligncenter\"><a href=\"https:\/\/www.rwg-bayreuth.de\/home\/wp-content\/uploads\/2016\/11\/16-17-Requiem-Chor-1024.jpg\"><img loading=\"lazy\" decoding=\"async\" aria-describedby=\"caption-attachment-11535\" class=\"size-large wp-image-11535\" src=\"https:\/\/www.rwg-bayreuth.de\/home\/wp-content\/uploads\/2016\/11\/16-17-Requiem-Chor-1024-1024x404.jpg\" alt=\"Die St. Hedwig Kirche ist f\u00fcr Mozarts &quot;Requiem&quot; passend wie kein anderer Spielort.\" width=\"900\" height=\"355\" srcset=\"https:\/\/www.rwg-bayreuth.de\/home\/wp-content\/uploads\/2016\/11\/16-17-Requiem-Chor-1024.jpg 1024w, https:\/\/www.rwg-bayreuth.de\/home\/wp-content\/uploads\/2016\/11\/16-17-Requiem-Chor-1024-150x59.jpg 150w, https:\/\/www.rwg-bayreuth.de\/home\/wp-content\/uploads\/2016\/11\/16-17-Requiem-Chor-1024-450x178.jpg 450w, https:\/\/www.rwg-bayreuth.de\/home\/wp-content\/uploads\/2016\/11\/16-17-Requiem-Chor-1024-768x303.jpg 768w, https:\/\/www.rwg-bayreuth.de\/home\/wp-content\/uploads\/2016\/11\/16-17-Requiem-Chor-1024-250x99.jpg 250w\" sizes=\"(max-width: 900px) 100vw, 900px\" \/><\/a><p id=\"caption-attachment-11535\" class=\"wp-caption-text\">Die St. Hedwig Kirche ist f\u00fcr Mozarts &#8222;Requiem&#8220; passend wie kein anderer Spielort.<\/p><\/div>\n<p>Mozarts \u201eRequiem\u201c wurde unter der Beteiligung des Kammerchors unserer Schule in der St. Hedwig Kirche aufgef\u00fchrt. Die Leitung hatte Florian Mehling.<\/p>\n<p>Das \u201eRequiem\u201c ist Wolfgang Amadeus Mozarts letztes und zugleich r\u00e4tselhaftestes Musikwerk. Das schwere Oratorium will auf den ersten Blick \u00fcberhaupt nicht zu dem Salzburger Wunderkind passen, das so viele heitere Werke hinterlassen hat. Wer sich aber im Leben Mozarts auskennt und wei\u00df, wie schwer gerade die letzten Jahre oft waren, wird schnell die D\u00fcsterkeit verstehen, welche das Werk ausstrahlt und welche in den einf\u00fchlsam gesungenen leiseren Passagen w\u00e4hrend des Konzertes sch\u00f6n zum Ausdruck kam.<\/p>\n<p>Unklar sind schlie\u00dflich auch die n\u00e4heren Umst\u00e4nde der Entstehung: Man wei\u00df von einem geheimnisvollen Auftraggeber, aber bis heute ist nicht bekannt, wer es war. Entsprechend viele Legenden sind entstanden. Ein weiteres Geheimnis des Werkes ist, dass es Mozart nie fertig gestellt hat. Das besorgte nach Mozarts Tod sein Zeitgenosse Franz Xaver S\u00fc\u00dfmeyer auf eine \u00fcberaus stimmige Art und Weise.<\/p>\n<div id=\"attachment_11539\" style=\"width: 460px\" class=\"wp-caption alignleft\"><a href=\"https:\/\/www.rwg-bayreuth.de\/home\/wp-content\/uploads\/2016\/11\/16-17-Requiem-nah-web.jpg\"><img loading=\"lazy\" decoding=\"async\" aria-describedby=\"caption-attachment-11539\" class=\"size-full wp-image-11539\" src=\"https:\/\/www.rwg-bayreuth.de\/home\/wp-content\/uploads\/2016\/11\/16-17-Requiem-nah-web.jpg\" alt=\"Der Kamemrchor des RWG stellte viele der Mitwirkenden.\" width=\"450\" height=\"285\" srcset=\"https:\/\/www.rwg-bayreuth.de\/home\/wp-content\/uploads\/2016\/11\/16-17-Requiem-nah-web.jpg 450w, https:\/\/www.rwg-bayreuth.de\/home\/wp-content\/uploads\/2016\/11\/16-17-Requiem-nah-web-150x95.jpg 150w, https:\/\/www.rwg-bayreuth.de\/home\/wp-content\/uploads\/2016\/11\/16-17-Requiem-nah-web-300x190.jpg 300w, https:\/\/www.rwg-bayreuth.de\/home\/wp-content\/uploads\/2016\/11\/16-17-Requiem-nah-web-250x158.jpg 250w\" sizes=\"(max-width: 450px) 100vw, 450px\" \/><\/a><p id=\"caption-attachment-11539\" class=\"wp-caption-text\">Der Kammerchor des RWG stellte viele der Mitwirkenden.<\/p><\/div>\n<p>Klar ist indes, worum es geht: Ein Requiem ist eine musikalische Trauerfeier, und der lateinische Text erinnert an den Tod und die irdische Begrenztheit des Menschen. Daf\u00fcr konnte kaum ein passenderer Ort gefunden werden als die St. Hedwig Kirche mit ihrem schlichten Innenraum aus rohen Steinbl\u00f6cken, in dem nichts von den Botschaften ablenkt, die dort verk\u00fcndet werden.<\/p>\n<p>Das tat in dem Konzert ein Chorensemble von gut 120 S\u00e4ngerinnen und S\u00e4ngern, die stimmlich die n\u00f6tige Pr\u00e4senz zeigten, um die Kirche erklingen zu lassen, und auch die n\u00f6tige Einf\u00fchlsamkeit, wenn es um die zarteren Passagen des Werkes ging.<\/p>\n<p>Versammelt hatte Florian Mehling als Chorleiter neben dem Kammerchor des RWG auch den Kaiser-Heinrich-Chor aus Bamberg und den Uni-Chor Bayreuth, die wundervoll harmonierten. Die Solopassagen wurden von Elke Kottmair (Sopran), Jutta Schubert-Friese (Alt), Sebastian K\u00f6chig (Tenor) und Markus Simon (Bassbariton) gesungen. Auf dem Klavier begleitet wurden Sie von Marie-Luise G\u00f6bel und Judith Berner.<\/p>\n","protected":false},"excerpt":{"rendered":"<p>Mozarts \u201eRequiem\u201c wurde unter der Beteiligung des Kammerchors unserer Schule in der St. Hedwig Kirche aufgef\u00fchrt. Die Leitung hatte Florian Mehling. Das \u201eRequiem\u201c ist Wolfgang Amadeus Mozarts letztes und zugleich r\u00e4tselhaftestes Musikwerk. Das schwere Oratorium will auf den ersten Blick \u00fcberhaupt nicht zu dem Salzburger Wunderkind passen, das so viele heitere Werke hinterlassen hat. Wer&hellip;<\/p>\n","protected":false},"author":2,"featured_media":11659,"comment_status":"closed","ping_status":"closed","sticky":false,"template":"","format":"standard","meta":{"footnotes":""},"categories":[1],"tags":[51,44],"_links":{"self":[{"href":"https:\/\/www.rwg-bayreuth.de\/home\/index.php?rest_route=\/wp\/v2\/posts\/11532"}],"collection":[{"href":"https:\/\/www.rwg-bayreuth.de\/home\/index.php?rest_route=\/wp\/v2\/posts"}],"about":[{"href":"https:\/\/www.rwg-bayreuth.de\/home\/index.php?rest_route=\/wp\/v2\/types\/post"}],"author":[{"embeddable":true,"href":"https:\/\/www.rwg-bayreuth.de\/home\/index.php?rest_route=\/wp\/v2\/users\/2"}],"replies":[{"embeddable":true,"href":"https:\/\/www.rwg-bayreuth.de\/home\/index.php?rest_route=%2Fwp%2Fv2%2Fcomments&post=11532"}],"version-history":[{"count":6,"href":"https:\/\/www.rwg-bayreuth.de\/home\/index.php?rest_route=\/wp\/v2\/posts\/11532\/revisions"}],"predecessor-version":[{"id":11668,"href":"https:\/\/www.rwg-bayreuth.de\/home\/index.php?rest_route=\/wp\/v2\/posts\/11532\/revisions\/11668"}],"wp:featuredmedia":[{"embeddable":true,"href":"https:\/\/www.rwg-bayreuth.de\/home\/index.php?rest_route=\/wp\/v2\/media\/11659"}],"wp:attachment":[{"href":"https:\/\/www.rwg-bayreuth.de\/home\/index.php?rest_route=%2Fwp%2Fv2%2Fmedia&parent=11532"}],"wp:term":[{"taxonomy":"category","embeddable":true,"href":"https:\/\/www.rwg-bayreuth.de\/home\/index.php?rest_route=%2Fwp%2Fv2%2Fcategories&post=11532"},{"taxonomy":"post_tag","embeddable":true,"href":"https:\/\/www.rwg-bayreuth.de\/home\/index.php?rest_route=%2Fwp%2Fv2%2Ftags&post=11532"}],"curies":[{"name":"wp","href":"https:\/\/api.w.org\/{rel}","templated":true}]}}