{"id":11321,"date":"2016-11-09T08:24:58","date_gmt":"2016-11-09T07:24:58","guid":{"rendered":"http:\/\/www.rwg-bayreuth.de\/home\/?p=11321"},"modified":"2017-03-21T17:35:04","modified_gmt":"2017-03-21T16:35:04","slug":"die-bastelschere-war-wieder-aktiv","status":"publish","type":"post","link":"https:\/\/www.rwg-bayreuth.de\/home\/?p=11321","title":{"rendered":"Die BastelSchere war wieder aktiv"},"content":{"rendered":"<div id=\"attachment_11318\" style=\"width: 460px\" class=\"wp-caption alignleft\"><a href=\"https:\/\/www.rwg-bayreuth.de\/home\/wp-content\/uploads\/2009\/11\/16-17-Bastelschere-Nov-web.jpg\"><img loading=\"lazy\" decoding=\"async\" aria-describedby=\"caption-attachment-11318\" src=\"https:\/\/www.rwg-bayreuth.de\/home\/wp-content\/uploads\/2009\/11\/16-17-Bastelschere-Nov-web.jpg\" alt=\"Die Gro\u00dfen zeigten den Kleinen, wie es geht.\" width=\"450\" height=\"304\" class=\"size-full wp-image-11318\" srcset=\"https:\/\/www.rwg-bayreuth.de\/home\/wp-content\/uploads\/2009\/11\/16-17-Bastelschere-Nov-web.jpg 450w, https:\/\/www.rwg-bayreuth.de\/home\/wp-content\/uploads\/2009\/11\/16-17-Bastelschere-Nov-web-150x101.jpg 150w, https:\/\/www.rwg-bayreuth.de\/home\/wp-content\/uploads\/2009\/11\/16-17-Bastelschere-Nov-web-300x203.jpg 300w, https:\/\/www.rwg-bayreuth.de\/home\/wp-content\/uploads\/2009\/11\/16-17-Bastelschere-Nov-web-250x169.jpg 250w\" sizes=\"(max-width: 450px) 100vw, 450px\" \/><\/a><p id=\"caption-attachment-11318\" class=\"wp-caption-text\">Die Gro\u00dfen zeigten den Kleinen, wie es geht.<\/p><\/div>\n<p>Unter dem Motto \u201eDer Herbst ist da\u201c stand der Bastelworkshop des Sch\u00fclerunternehmens BastelSchere des Richard-Wagner-Gymnasiums, der mit den Sch\u00fclern der Lerchenb\u00fchlschule durchgef\u00fchrt wurde.<\/p>\n<p>Die Kleinen fertigten mit viel M\u00fche und Eifer herbstliche Dekoration. Sie bastelten kreative Eulen aus Papier, die auf einem Ast befestigt wurden. Au\u00dferdem entstanden bunte Bilder, die die Sch\u00fcler mit einem Bl\u00e4tterbilderrahmen verzierten. Sowohl die Grundsch\u00fcler, als auch die Gymnasiasten hatten viel Spa\u00df bei der Arbeit und verbrachten einen kreativen Nachmittag miteinander. Voller Stolz pr\u00e4sentierten die Grundsch\u00fcler am Ende ihre Kunstwerke den Eltern.<\/p>\n<div id=\"attachment_11322\" style=\"width: 460px\" class=\"wp-caption alignleft\"><a href=\"https:\/\/www.rwg-bayreuth.de\/home\/wp-content\/uploads\/2016\/11\/16-17-Bastelschere-Nov-Gruppe-web.jpg\"><img loading=\"lazy\" decoding=\"async\" aria-describedby=\"caption-attachment-11322\" src=\"https:\/\/www.rwg-bayreuth.de\/home\/wp-content\/uploads\/2016\/11\/16-17-Bastelschere-Nov-Gruppe-web.jpg\" alt=\"Die Bastelschere war in der Lerchenb\u00fchlschule zu Gast.\" width=\"450\" height=\"300\" class=\"size-full wp-image-11322\" srcset=\"https:\/\/www.rwg-bayreuth.de\/home\/wp-content\/uploads\/2016\/11\/16-17-Bastelschere-Nov-Gruppe-web.jpg 450w, https:\/\/www.rwg-bayreuth.de\/home\/wp-content\/uploads\/2016\/11\/16-17-Bastelschere-Nov-Gruppe-web-150x100.jpg 150w, https:\/\/www.rwg-bayreuth.de\/home\/wp-content\/uploads\/2016\/11\/16-17-Bastelschere-Nov-Gruppe-web-300x200.jpg 300w, https:\/\/www.rwg-bayreuth.de\/home\/wp-content\/uploads\/2016\/11\/16-17-Bastelschere-Nov-Gruppe-web-250x167.jpg 250w\" sizes=\"(max-width: 450px) 100vw, 450px\" \/><\/a><p id=\"caption-attachment-11322\" class=\"wp-caption-text\">Die BastelSchere war in der Lerchenb\u00fchlschule zu Gast.<\/p><\/div>\n<p>Ein ganz herzlicher Dank geht an die Rektorin der Lerchenb\u00fchlschule Frau Schmidt, die uns zum wiederholten Male Ihren Werkraum zur Verf\u00fcgung gestellt hat und nat\u00fcrlich allen teilnehmenden Kindern.<\/p>\n<p><em>Das Team der BastelSchere<\/em><\/p>\n","protected":false},"excerpt":{"rendered":"<p>Unter dem Motto \u201eDer Herbst ist da\u201c stand der Bastelworkshop des Sch\u00fclerunternehmens BastelSchere des Richard-Wagner-Gymnasiums, der mit den Sch\u00fclern der Lerchenb\u00fchlschule durchgef\u00fchrt wurde. Die Kleinen fertigten mit viel M\u00fche und Eifer herbstliche Dekoration. Sie bastelten kreative Eulen aus Papier, die auf einem Ast befestigt wurden. Au\u00dferdem entstanden bunte Bilder, die die Sch\u00fcler mit einem Bl\u00e4tterbilderrahmen&hellip;<\/p>\n","protected":false},"author":2,"featured_media":11318,"comment_status":"closed","ping_status":"closed","sticky":false,"template":"","format":"standard","meta":{"footnotes":""},"categories":[1],"tags":[51,64,53],"_links":{"self":[{"href":"https:\/\/www.rwg-bayreuth.de\/home\/index.php?rest_route=\/wp\/v2\/posts\/11321"}],"collection":[{"href":"https:\/\/www.rwg-bayreuth.de\/home\/index.php?rest_route=\/wp\/v2\/posts"}],"about":[{"href":"https:\/\/www.rwg-bayreuth.de\/home\/index.php?rest_route=\/wp\/v2\/types\/post"}],"author":[{"embeddable":true,"href":"https:\/\/www.rwg-bayreuth.de\/home\/index.php?rest_route=\/wp\/v2\/users\/2"}],"replies":[{"embeddable":true,"href":"https:\/\/www.rwg-bayreuth.de\/home\/index.php?rest_route=%2Fwp%2Fv2%2Fcomments&post=11321"}],"version-history":[{"count":5,"href":"https:\/\/www.rwg-bayreuth.de\/home\/index.php?rest_route=\/wp\/v2\/posts\/11321\/revisions"}],"predecessor-version":[{"id":11886,"href":"https:\/\/www.rwg-bayreuth.de\/home\/index.php?rest_route=\/wp\/v2\/posts\/11321\/revisions\/11886"}],"wp:featuredmedia":[{"embeddable":true,"href":"https:\/\/www.rwg-bayreuth.de\/home\/index.php?rest_route=\/wp\/v2\/media\/11318"}],"wp:attachment":[{"href":"https:\/\/www.rwg-bayreuth.de\/home\/index.php?rest_route=%2Fwp%2Fv2%2Fmedia&parent=11321"}],"wp:term":[{"taxonomy":"category","embeddable":true,"href":"https:\/\/www.rwg-bayreuth.de\/home\/index.php?rest_route=%2Fwp%2Fv2%2Fcategories&post=11321"},{"taxonomy":"post_tag","embeddable":true,"href":"https:\/\/www.rwg-bayreuth.de\/home\/index.php?rest_route=%2Fwp%2Fv2%2Ftags&post=11321"}],"curies":[{"name":"wp","href":"https:\/\/api.w.org\/{rel}","templated":true}]}}