{"id":11040,"date":"2016-11-01T11:57:30","date_gmt":"2016-11-01T10:57:30","guid":{"rendered":"http:\/\/www.rwg-bayreuth.de\/home\/?page_id=11040"},"modified":"2017-03-21T17:08:45","modified_gmt":"2017-03-21T16:08:45","slug":"der-neue-elternbeirat-wurde-gewaehlt","status":"publish","type":"post","link":"https:\/\/www.rwg-bayreuth.de\/home\/?p=11040","title":{"rendered":"Der neue Elternbeirat wurde gew\u00e4hlt"},"content":{"rendered":"<div id=\"attachment_11041\" style=\"width: 460px\" class=\"wp-caption aligncenter\"><a href=\"https:\/\/www.rwg-bayreuth.de\/home\/wp-content\/uploads\/2016\/11\/16-17-B-Wahl-web.jpg\"><img loading=\"lazy\" decoding=\"async\" aria-describedby=\"caption-attachment-11041\" src=\"https:\/\/www.rwg-bayreuth.de\/home\/wp-content\/uploads\/2016\/11\/16-17-B-Wahl-web.jpg\" alt=\"Die Wahl des neuen Elternbeirats war in der Aula.\" width=\"450\" height=\"296\" class=\"size-full wp-image-11041\" srcset=\"https:\/\/www.rwg-bayreuth.de\/home\/wp-content\/uploads\/2016\/11\/16-17-B-Wahl-web.jpg 450w, https:\/\/www.rwg-bayreuth.de\/home\/wp-content\/uploads\/2016\/11\/16-17-B-Wahl-web-150x99.jpg 150w, https:\/\/www.rwg-bayreuth.de\/home\/wp-content\/uploads\/2016\/11\/16-17-B-Wahl-web-300x197.jpg 300w, https:\/\/www.rwg-bayreuth.de\/home\/wp-content\/uploads\/2016\/11\/16-17-B-Wahl-web-250x164.jpg 250w\" sizes=\"(max-width: 450px) 100vw, 450px\" \/><\/a><p id=\"caption-attachment-11041\" class=\"wp-caption-text\">Die Wahl des neuen Elternbeirats war in der Aula.<\/p><\/div>\n<p>Es wurde ein neuer Elternbeirat gew\u00e4hlt. Hier sind die Ergebnisse.<\/p>\n<p>Von den anwesenden Eltern gew\u00e4hlt wurden:<\/p>\n<p>D\u00f6rfler, Sieglinde<br \/>\nF\u00e4rber, J\u00fcrgen<br \/>\nHeinekamp, Oliver<br \/>\nH\u00fcttner, Karin Dr.<br \/>\nKapp-Kleineidam, Anne-Kathrin<br \/>\nLeonhardt, Vera<br \/>\nLischkowitz, Stefan<br \/>\nManske, Britta<br \/>\nMeier, Conny<br \/>\nR\u00f6ber, Kerstin<br \/>\nRunge, Stefan<br \/>\nSch\u00f6rner, Sabine<\/p>\n<p>Als Nachr\u00fccker stehen bereit:<\/p>\n<p>Bojanowski, Sebastian<br \/>\nCampos-Bautista, Tanja<br \/>\nHeidel, Sabine<br \/>\nKozluklu, Levent<\/p>\n<p>Demn\u00e4chst wird sich der neue Elternbeirat konstituieren und die Zust\u00e4ndigkeiten festlegen.<\/p>\n","protected":false},"excerpt":{"rendered":"<p>Es wurde ein neuer Elternbeirat gew\u00e4hlt. Hier sind die Ergebnisse. Von den anwesenden Eltern gew\u00e4hlt wurden: D\u00f6rfler, Sieglinde F\u00e4rber, J\u00fcrgen Heinekamp, Oliver H\u00fcttner, Karin Dr. Kapp-Kleineidam, Anne-Kathrin Leonhardt, Vera Lischkowitz, Stefan Manske, Britta Meier, Conny R\u00f6ber, Kerstin Runge, Stefan Sch\u00f6rner, Sabine Als Nachr\u00fccker stehen bereit: Bojanowski, Sebastian Campos-Bautista, Tanja Heidel, Sabine Kozluklu, Levent Demn\u00e4chst wird&hellip;<\/p>\n","protected":false},"author":2,"featured_media":11041,"comment_status":"closed","ping_status":"closed","sticky":false,"template":"","format":"standard","meta":{"footnotes":""},"categories":[1],"tags":[46,51],"_links":{"self":[{"href":"https:\/\/www.rwg-bayreuth.de\/home\/index.php?rest_route=\/wp\/v2\/posts\/11040"}],"collection":[{"href":"https:\/\/www.rwg-bayreuth.de\/home\/index.php?rest_route=\/wp\/v2\/posts"}],"about":[{"href":"https:\/\/www.rwg-bayreuth.de\/home\/index.php?rest_route=\/wp\/v2\/types\/post"}],"author":[{"embeddable":true,"href":"https:\/\/www.rwg-bayreuth.de\/home\/index.php?rest_route=\/wp\/v2\/users\/2"}],"replies":[{"embeddable":true,"href":"https:\/\/www.rwg-bayreuth.de\/home\/index.php?rest_route=%2Fwp%2Fv2%2Fcomments&post=11040"}],"version-history":[{"count":3,"href":"https:\/\/www.rwg-bayreuth.de\/home\/index.php?rest_route=\/wp\/v2\/posts\/11040\/revisions"}],"predecessor-version":[{"id":14843,"href":"https:\/\/www.rwg-bayreuth.de\/home\/index.php?rest_route=\/wp\/v2\/posts\/11040\/revisions\/14843"}],"wp:featuredmedia":[{"embeddable":true,"href":"https:\/\/www.rwg-bayreuth.de\/home\/index.php?rest_route=\/wp\/v2\/media\/11041"}],"wp:attachment":[{"href":"https:\/\/www.rwg-bayreuth.de\/home\/index.php?rest_route=%2Fwp%2Fv2%2Fmedia&parent=11040"}],"wp:term":[{"taxonomy":"category","embeddable":true,"href":"https:\/\/www.rwg-bayreuth.de\/home\/index.php?rest_route=%2Fwp%2Fv2%2Fcategories&post=11040"},{"taxonomy":"post_tag","embeddable":true,"href":"https:\/\/www.rwg-bayreuth.de\/home\/index.php?rest_route=%2Fwp%2Fv2%2Ftags&post=11040"}],"curies":[{"name":"wp","href":"https:\/\/api.w.org\/{rel}","templated":true}]}}