{"id":10979,"date":"2016-10-25T19:00:58","date_gmt":"2016-10-25T17:00:58","guid":{"rendered":"http:\/\/www.rwg-bayreuth.de\/home\/?page_id=10979"},"modified":"2017-03-21T12:35:30","modified_gmt":"2017-03-21T11:35:30","slug":"die-neue-smv-beginnt-ihr-amt","status":"publish","type":"post","link":"https:\/\/www.rwg-bayreuth.de\/home\/?p=10979","title":{"rendered":"Die neue SMV beginnt ihr Amt"},"content":{"rendered":"<div id=\"attachment_10980\" style=\"width: 460px\" class=\"wp-caption alignleft\"><a href=\"https:\/\/www.rwg-bayreuth.de\/home\/wp-content\/uploads\/2016\/10\/16-17-erweit-SMV-web.jpg\"><img loading=\"lazy\" decoding=\"async\" aria-describedby=\"caption-attachment-10980\" src=\"https:\/\/www.rwg-bayreuth.de\/home\/wp-content\/uploads\/2016\/10\/16-17-erweit-SMV-web.jpg\" alt=\"Die Arbeit der SMV verteilt sich auf viele Sch\u00fcler.\" width=\"450\" height=\"338\" class=\"size-full wp-image-10980\" srcset=\"https:\/\/www.rwg-bayreuth.de\/home\/wp-content\/uploads\/2016\/10\/16-17-erweit-SMV-web.jpg 450w, https:\/\/www.rwg-bayreuth.de\/home\/wp-content\/uploads\/2016\/10\/16-17-erweit-SMV-web-150x113.jpg 150w, https:\/\/www.rwg-bayreuth.de\/home\/wp-content\/uploads\/2016\/10\/16-17-erweit-SMV-web-300x225.jpg 300w, https:\/\/www.rwg-bayreuth.de\/home\/wp-content\/uploads\/2016\/10\/16-17-erweit-SMV-web-250x188.jpg 250w\" sizes=\"(max-width: 450px) 100vw, 450px\" \/><\/a><p id=\"caption-attachment-10980\" class=\"wp-caption-text\">Die Arbeit der SMV verteilt sich auf viele Sch\u00fcler.<\/p><\/div>\n<p>Die Klassensprecher des RWG versammelten sich in der Aula, um die neuen Schulsprecher und eine neue SMV, die die Schule vertreten soll, zu w\u00e4hlen.<\/p>\n<p>Wichtig bei der Wahl f\u00fcr die Schulsprecher waren Zuverl\u00e4ssigkeit und das Einhalten der Pflichten, die auf die neue SMV zukommen w\u00fcrden. Dazu geh\u00f6rt zum Beispiel die Organisation von Events, die Kontakte mit dem Elternbeirat sowie das Wahrnehmen von schulischen Problemen und der Austausch mit der Schulleitung.<\/p>\n<p>Die Klassensprecher entschieden, dass erster Sch\u00fclersprecher Jonas Heinekamp (10a) sein soll, der auch schon letztes Jahr als Sch\u00fclersprecher das RWG vertrat, sowie Jessica Brandt (Q11), die schon seit einiger Zeit auch immer wieder bei der SMV mitwirkte, und Luca Jahreis (10d), der im Vorjahr auch schon Sch\u00fclersprecher war.<\/p>\n<p>Zur erweiterten SMV, deren Aufgaben zum einen die Unterst\u00fctzung der Sch\u00fclersprecher in ihren Pflichten und zum anderen die Planung von Schulevents ist, kamen noch freiwillige Klassensprecher, die auf die Anregung von Herrn Bauer nun die M\u00f6glichkeit haben, die SMV zu unterst\u00fctzen. <\/p>\n","protected":false},"excerpt":{"rendered":"<p>Die Klassensprecher des RWG versammelten sich in der Aula, um die neuen Schulsprecher und eine neue SMV, die die Schule vertreten soll, zu w\u00e4hlen. Wichtig bei der Wahl f\u00fcr die Schulsprecher waren Zuverl\u00e4ssigkeit und das Einhalten der Pflichten, die auf die neue SMV zukommen w\u00fcrden. Dazu geh\u00f6rt zum Beispiel die Organisation von Events, die Kontakte&hellip;<\/p>\n","protected":false},"author":2,"featured_media":10980,"comment_status":"closed","ping_status":"closed","sticky":false,"template":"","format":"standard","meta":{"footnotes":""},"categories":[1],"tags":[51,35],"_links":{"self":[{"href":"https:\/\/www.rwg-bayreuth.de\/home\/index.php?rest_route=\/wp\/v2\/posts\/10979"}],"collection":[{"href":"https:\/\/www.rwg-bayreuth.de\/home\/index.php?rest_route=\/wp\/v2\/posts"}],"about":[{"href":"https:\/\/www.rwg-bayreuth.de\/home\/index.php?rest_route=\/wp\/v2\/types\/post"}],"author":[{"embeddable":true,"href":"https:\/\/www.rwg-bayreuth.de\/home\/index.php?rest_route=\/wp\/v2\/users\/2"}],"replies":[{"embeddable":true,"href":"https:\/\/www.rwg-bayreuth.de\/home\/index.php?rest_route=%2Fwp%2Fv2%2Fcomments&post=10979"}],"version-history":[{"count":3,"href":"https:\/\/www.rwg-bayreuth.de\/home\/index.php?rest_route=\/wp\/v2\/posts\/10979\/revisions"}],"predecessor-version":[{"id":10986,"href":"https:\/\/www.rwg-bayreuth.de\/home\/index.php?rest_route=\/wp\/v2\/posts\/10979\/revisions\/10986"}],"wp:featuredmedia":[{"embeddable":true,"href":"https:\/\/www.rwg-bayreuth.de\/home\/index.php?rest_route=\/wp\/v2\/media\/10980"}],"wp:attachment":[{"href":"https:\/\/www.rwg-bayreuth.de\/home\/index.php?rest_route=%2Fwp%2Fv2%2Fmedia&parent=10979"}],"wp:term":[{"taxonomy":"category","embeddable":true,"href":"https:\/\/www.rwg-bayreuth.de\/home\/index.php?rest_route=%2Fwp%2Fv2%2Fcategories&post=10979"},{"taxonomy":"post_tag","embeddable":true,"href":"https:\/\/www.rwg-bayreuth.de\/home\/index.php?rest_route=%2Fwp%2Fv2%2Ftags&post=10979"}],"curies":[{"name":"wp","href":"https:\/\/api.w.org\/{rel}","templated":true}]}}