{"id":10620,"date":"2016-09-25T11:23:32","date_gmt":"2016-09-25T09:23:32","guid":{"rendered":"http:\/\/www.rwg-bayreuth.de\/home\/?page_id=10620"},"modified":"2017-03-21T17:16:53","modified_gmt":"2017-03-21T16:16:53","slug":"rwg-aktionstag-auf-der-gartenschau","status":"publish","type":"post","link":"https:\/\/www.rwg-bayreuth.de\/home\/?p=10620","title":{"rendered":"RWG-Aktionstag auf der Gartenschau"},"content":{"rendered":"<div id=\"attachment_10621\" style=\"width: 360px\" class=\"wp-caption alignleft\"><a href=\"https:\/\/www.rwg-bayreuth.de\/home\/wp-content\/uploads\/2016\/09\/2016-17-Gartenschau-Aktionen.jpg\"><img loading=\"lazy\" decoding=\"async\" aria-describedby=\"caption-attachment-10621\" class=\"size-full wp-image-10621\" src=\"https:\/\/www.rwg-bayreuth.de\/home\/wp-content\/uploads\/2016\/09\/2016-17-Gartenschau-Aktionen.jpg\" alt=\"Es gab viele RWG-Aktionen zu sehen.\" width=\"350\" height=\"270\" srcset=\"https:\/\/www.rwg-bayreuth.de\/home\/wp-content\/uploads\/2016\/09\/2016-17-Gartenschau-Aktionen.jpg 350w, https:\/\/www.rwg-bayreuth.de\/home\/wp-content\/uploads\/2016\/09\/2016-17-Gartenschau-Aktionen-150x116.jpg 150w, https:\/\/www.rwg-bayreuth.de\/home\/wp-content\/uploads\/2016\/09\/2016-17-Gartenschau-Aktionen-300x231.jpg 300w, https:\/\/www.rwg-bayreuth.de\/home\/wp-content\/uploads\/2016\/09\/2016-17-Gartenschau-Aktionen-250x193.jpg 250w\" sizes=\"(max-width: 350px) 100vw, 350px\" \/><\/a><p id=\"caption-attachment-10621\" class=\"wp-caption-text\">Es gab viele RWG-Aktionen zu sehen.<\/p><\/div>\n<p>Einen sch\u00f6nen Tag konnten die Besucher des RWG-Aktionstages auf der Landesgartenschau verleben.<\/p>\n<p>Bei herrlichem Sp\u00e4tsommerwetter war das Gartenschaugel\u00e4nde in den Mainauen ein viel besuchter Anziehungspunkt f\u00fcr G\u00e4ste aus nah und fern. Auf den Wegen durch das Gel\u00e4nde war manchmal gar kein rechtes Durchkommen mehr, die Getr\u00e4nke- und Verpflegungsstationen waren dicht umlagert und es gab eine immer noch pr\u00e4chtig bl\u00fchende Pflanzenwelt zu bestaunen.<\/p>\n<p>Inmitten der Parklandschaft war auch das RWG vertreten. Wer den Hauptweg entlanglief, den wiesen die beiden gro\u00dfen RWG-Infotafeln den Weg zum Heckentheater. Dort spielten die Theatergruppen von Frau Guder-Sp\u00e4th Molieres \u201eB\u00fcrger als Edelmann\u201c und sp\u00e4ter die \u201eChinesischen Gartenzwerge\u201c.<\/p>\n<p>Wer den Weg weiter zum n\u00f6rdlichen Teil des Gel\u00e4ndes nahm und zur \u201eJungen B\u00fchne\u201c kam, der konnte vielf\u00e4ltige andere Aktivit\u00e4ten bestaunen, welche Sch\u00fcler und Lehrer des RWG vorbereitet hatten.<\/p>\n<div id=\"attachment_10622\" style=\"width: 360px\" class=\"wp-caption alignleft\"><a href=\"https:\/\/www.rwg-bayreuth.de\/home\/wp-content\/uploads\/2016\/09\/2016-17-Gartenschau-Mode-web.jpg\"><img loading=\"lazy\" decoding=\"async\" aria-describedby=\"caption-attachment-10622\" class=\"size-full wp-image-10622\" src=\"https:\/\/www.rwg-bayreuth.de\/home\/wp-content\/uploads\/2016\/09\/2016-17-Gartenschau-Mode-web.jpg\" alt=\"Die Sch\u00fclerinnen pr\u00e4sentierten ihre Kleider.\" width=\"350\" height=\"252\" srcset=\"https:\/\/www.rwg-bayreuth.de\/home\/wp-content\/uploads\/2016\/09\/2016-17-Gartenschau-Mode-web.jpg 350w, https:\/\/www.rwg-bayreuth.de\/home\/wp-content\/uploads\/2016\/09\/2016-17-Gartenschau-Mode-web-150x108.jpg 150w, https:\/\/www.rwg-bayreuth.de\/home\/wp-content\/uploads\/2016\/09\/2016-17-Gartenschau-Mode-web-300x216.jpg 300w, https:\/\/www.rwg-bayreuth.de\/home\/wp-content\/uploads\/2016\/09\/2016-17-Gartenschau-Mode-web-250x180.jpg 250w\" sizes=\"(max-width: 350px) 100vw, 350px\" \/><\/a><p id=\"caption-attachment-10622\" class=\"wp-caption-text\">Die Sch\u00fclerinnen pr\u00e4sentierten ihre Kleider.<\/p><\/div>\n<p>Besondere Aufmerksamkeit fand die Modenschau, welche das P-Seminar von Frau Gerdes auf die \u201eJunge B\u00fchne\u201c zauberte: Das Thema des Seminars hie\u00df \u201eKleidobjekte in Anlehnung an die Natur\u201c. Hinter dem etwas sperrigen Titel verbirgt sich das Bem\u00fchen, bei Kleidern in Bezug auf Material, aber auch Form und Design m\u00f6glichst enge Verbindungen zur Natur sichtbar zu machen. Nat\u00fcrlich wurden die Entw\u00fcrfe mit Schere, Nadel und N\u00e4hmaschine auch in die Realit\u00e4t umgesetzt und geschneidert. Auf der Landesgartenschau wurden die Kleider nun pr\u00e4sentiert: Zu sehen gab es durchaus extravagante Schnitte, die phantasievoll mit dem Thema Natur spielten.<\/p>\n<p><a href=\"https:\/\/www.rwg-bayreuth.de\/home\/wp-content\/uploads\/2016\/09\/2016-17-Gartenschau-windlichterjpg.jpg\"><img loading=\"lazy\" decoding=\"async\" class=\"alignleft size-full wp-image-10624\" src=\"https:\/\/www.rwg-bayreuth.de\/home\/wp-content\/uploads\/2016\/09\/2016-17-Gartenschau-windlichterjpg.jpg\" alt=\"2016-17-gartenschau-windlichterjpg\" width=\"350\" height=\"256\" srcset=\"https:\/\/www.rwg-bayreuth.de\/home\/wp-content\/uploads\/2016\/09\/2016-17-Gartenschau-windlichterjpg.jpg 350w, https:\/\/www.rwg-bayreuth.de\/home\/wp-content\/uploads\/2016\/09\/2016-17-Gartenschau-windlichterjpg-150x110.jpg 150w, https:\/\/www.rwg-bayreuth.de\/home\/wp-content\/uploads\/2016\/09\/2016-17-Gartenschau-windlichterjpg-300x219.jpg 300w, https:\/\/www.rwg-bayreuth.de\/home\/wp-content\/uploads\/2016\/09\/2016-17-Gartenschau-windlichterjpg-250x183.jpg 250w\" sizes=\"(max-width: 350px) 100vw, 350px\" \/><\/a><\/p>\n<p>W\u00e4hrend des ganzen Tages wurde au\u00dferdem gezeigt, wie man Windlichth\u00fcllen mit Naturmotiven gestalten kann. Es gab Mathematik zum Anfassen, eine Gartentombola und einen Schulgarten-Pflanzenverkauf.<\/p>\n<p>Auch die Bigband hatte einen gro\u00dfen Auftritt und zeigte unter der Leitung von Florian Mehling, was sie alles einge\u00fcbt hat. Zu lateinamerikanischen Rhythmen, Bigband-Musik und Rock-and-Roll lie\u00df es sich prima relaxen und die F\u00fc\u00dfe der Besucher konnten im Takt der Musik mitwippen. Schade nur, dass es keine Tanzfl\u00e4che gab, denn der eine oder andere w\u00e4re sicher gern dem Drang gefolgt, die Musik unserer Bigband in Bewegung umzusetzen.<\/p>\n<div id=\"attachment_10623\" style=\"width: 360px\" class=\"wp-caption alignright\"><a href=\"https:\/\/www.rwg-bayreuth.de\/home\/wp-content\/uploads\/2016\/09\/2016-17-Gartenschau-Bigband.jpg\"><img loading=\"lazy\" decoding=\"async\" aria-describedby=\"caption-attachment-10623\" class=\"size-full wp-image-10623\" src=\"https:\/\/www.rwg-bayreuth.de\/home\/wp-content\/uploads\/2016\/09\/2016-17-Gartenschau-Bigband.jpg\" alt=\"Die Bigband zeigte ein gro\u00dfes Repertoire.\" width=\"350\" height=\"246\" srcset=\"https:\/\/www.rwg-bayreuth.de\/home\/wp-content\/uploads\/2016\/09\/2016-17-Gartenschau-Bigband.jpg 350w, https:\/\/www.rwg-bayreuth.de\/home\/wp-content\/uploads\/2016\/09\/2016-17-Gartenschau-Bigband-150x105.jpg 150w, https:\/\/www.rwg-bayreuth.de\/home\/wp-content\/uploads\/2016\/09\/2016-17-Gartenschau-Bigband-300x211.jpg 300w, https:\/\/www.rwg-bayreuth.de\/home\/wp-content\/uploads\/2016\/09\/2016-17-Gartenschau-Bigband-250x176.jpg 250w\" sizes=\"(max-width: 350px) 100vw, 350px\" \/><\/a><p id=\"caption-attachment-10623\" class=\"wp-caption-text\">Die Bigband zeigte ein gro\u00dfes Repertoire.<\/p><\/div>\n<p>Gratis war eine kleine Zugabe, bevor man weiter durch das Gel\u00e4nde streifen konnte, um die Details zu erkunden.<\/p>\n<p>Aufmerksamkeit verdienten zum Beispiel die gro\u00dfen Windspiele, die Herr Just mit seinen Sch\u00fclern eigens f\u00fcr die Gartenschau gebastelt hat: In Schmetterlings- und Bl\u00fctenform drehen sie sich im Wind und die vielf\u00e4ltigen bunten Motive, mit denen sie bemalt sind, zogen die Blicke der aufmerksamen Besucher auf sich. Es soll sogar schon Anfragen gegeben haben, ob man sie nicht kaufen k\u00f6nne. Nun ja &#8211; noch werden sie auf der Gartenschau gebraucht.<\/p>\n<div id=\"attachment_10627\" style=\"width: 160px\" class=\"wp-caption alignleft\"><a href=\"https:\/\/www.rwg-bayreuth.de\/home\/wp-content\/uploads\/2016\/09\/2016-17-Gartenschau-Windspiel.jpg\"><img loading=\"lazy\" decoding=\"async\" aria-describedby=\"caption-attachment-10627\" class=\"size-full wp-image-10627\" src=\"https:\/\/www.rwg-bayreuth.de\/home\/wp-content\/uploads\/2016\/09\/2016-17-Gartenschau-Windspiel.jpg\" alt=\"Ein Windspiel des RWG.\" width=\"150\" height=\"217\" srcset=\"https:\/\/www.rwg-bayreuth.de\/home\/wp-content\/uploads\/2016\/09\/2016-17-Gartenschau-Windspiel.jpg 250w, https:\/\/www.rwg-bayreuth.de\/home\/wp-content\/uploads\/2016\/09\/2016-17-Gartenschau-Windspiel-104x150.jpg 104w, https:\/\/www.rwg-bayreuth.de\/home\/wp-content\/uploads\/2016\/09\/2016-17-Gartenschau-Windspiel-208x300.jpg 208w\" sizes=\"(max-width: 150px) 100vw, 150px\" \/><\/a><p id=\"caption-attachment-10627\" class=\"wp-caption-text\">Ein Windspiel des RWG.<\/p><\/div>\n","protected":false},"excerpt":{"rendered":"<p>Einen sch\u00f6nen Tag konnten die Besucher des RWG-Aktionstages auf der Landesgartenschau verleben. Bei herrlichem Sp\u00e4tsommerwetter war das Gartenschaugel\u00e4nde in den Mainauen ein viel besuchter Anziehungspunkt f\u00fcr G\u00e4ste aus nah und fern. Auf den Wegen durch das Gel\u00e4nde war manchmal gar kein rechtes Durchkommen mehr, die Getr\u00e4nke- und Verpflegungsstationen waren dicht umlagert und es gab eine&hellip;<\/p>\n","protected":false},"author":2,"featured_media":10621,"comment_status":"closed","ping_status":"closed","sticky":false,"template":"","format":"standard","meta":{"footnotes":""},"categories":[1],"tags":[51],"_links":{"self":[{"href":"https:\/\/www.rwg-bayreuth.de\/home\/index.php?rest_route=\/wp\/v2\/posts\/10620"}],"collection":[{"href":"https:\/\/www.rwg-bayreuth.de\/home\/index.php?rest_route=\/wp\/v2\/posts"}],"about":[{"href":"https:\/\/www.rwg-bayreuth.de\/home\/index.php?rest_route=\/wp\/v2\/types\/post"}],"author":[{"embeddable":true,"href":"https:\/\/www.rwg-bayreuth.de\/home\/index.php?rest_route=\/wp\/v2\/users\/2"}],"replies":[{"embeddable":true,"href":"https:\/\/www.rwg-bayreuth.de\/home\/index.php?rest_route=%2Fwp%2Fv2%2Fcomments&post=10620"}],"version-history":[{"count":12,"href":"https:\/\/www.rwg-bayreuth.de\/home\/index.php?rest_route=\/wp\/v2\/posts\/10620\/revisions"}],"predecessor-version":[{"id":14849,"href":"https:\/\/www.rwg-bayreuth.de\/home\/index.php?rest_route=\/wp\/v2\/posts\/10620\/revisions\/14849"}],"wp:featuredmedia":[{"embeddable":true,"href":"https:\/\/www.rwg-bayreuth.de\/home\/index.php?rest_route=\/wp\/v2\/media\/10621"}],"wp:attachment":[{"href":"https:\/\/www.rwg-bayreuth.de\/home\/index.php?rest_route=%2Fwp%2Fv2%2Fmedia&parent=10620"}],"wp:term":[{"taxonomy":"category","embeddable":true,"href":"https:\/\/www.rwg-bayreuth.de\/home\/index.php?rest_route=%2Fwp%2Fv2%2Fcategories&post=10620"},{"taxonomy":"post_tag","embeddable":true,"href":"https:\/\/www.rwg-bayreuth.de\/home\/index.php?rest_route=%2Fwp%2Fv2%2Ftags&post=10620"}],"curies":[{"name":"wp","href":"https:\/\/api.w.org\/{rel}","templated":true}]}}