{"id":10384,"date":"2016-07-29T09:06:11","date_gmt":"2016-07-29T07:06:11","guid":{"rendered":"http:\/\/www.rwg-bayreuth.de\/home\/?page_id=10384"},"modified":"2017-03-21T21:07:07","modified_gmt":"2017-03-21T20:07:07","slug":"koffer-packen-fuer-die-ferien","status":"publish","type":"post","link":"https:\/\/www.rwg-bayreuth.de\/home\/?p=10384","title":{"rendered":"Koffer packen f\u00fcr die Ferien"},"content":{"rendered":"<p><a href=\"https:\/\/www.rwg-bayreuth.de\/home\/wp-content\/uploads\/2016\/07\/2015-16_Gottesdiens_webt.jpg\"><img loading=\"lazy\" decoding=\"async\" src=\"https:\/\/www.rwg-bayreuth.de\/home\/wp-content\/uploads\/2016\/07\/2015-16_Gottesdiens_webt.jpg\" alt=\"2015-16_Gottesdiens_webt\" width=\"600\" height=\"258\" class=\"aligncenter size-full wp-image-10385\" srcset=\"https:\/\/www.rwg-bayreuth.de\/home\/wp-content\/uploads\/2016\/07\/2015-16_Gottesdiens_webt.jpg 600w, https:\/\/www.rwg-bayreuth.de\/home\/wp-content\/uploads\/2016\/07\/2015-16_Gottesdiens_webt-150x65.jpg 150w, https:\/\/www.rwg-bayreuth.de\/home\/wp-content\/uploads\/2016\/07\/2015-16_Gottesdiens_webt-450x194.jpg 450w, https:\/\/www.rwg-bayreuth.de\/home\/wp-content\/uploads\/2016\/07\/2015-16_Gottesdiens_webt-250x108.jpg 250w\" sizes=\"(max-width: 600px) 100vw, 600px\" \/><\/a><\/p>\n<p>Mit einem Gottesdienst in der Stadtkirche ging das Schuljahr 2015-16 zu Ende.<\/p>\n<p>Er stand unter dem Motto \u201eKoffer packen\u201c: Wenn wir verreisen, dann machen wir oft die Erfahrung, dass wir zu viel, zu wenig  oder schlicht und ergreifend das Falsche dabei haben. Aufs Leben \u00fcbertragen, sollten wir Stress, \u00c4rger und Unerfreuliches aus unseren Koffern verbannen. Doch was geh\u00f6rt hinein? Menschliche W\u00e4rme, Freude, Freundschaft und Liebe \u2013 und Jesus, zusammen mit allem, wof\u00fcr er steht.<\/p>\n<p>Das RWG w\u00fcnscht in diesem Sinne sch\u00f6ne Sommerferien!<\/p>\n","protected":false},"excerpt":{"rendered":"<p>Mit einem Gottesdienst in der Stadtkirche ging das Schuljahr 2015-16 zu Ende. Er stand unter dem Motto \u201eKoffer packen\u201c: Wenn wir verreisen, dann machen wir oft die Erfahrung, dass wir zu viel, zu wenig oder schlicht und ergreifend das Falsche dabei haben. Aufs Leben \u00fcbertragen, sollten wir Stress, \u00c4rger und Unerfreuliches aus unseren Koffern verbannen.&hellip;<\/p>\n","protected":false},"author":2,"featured_media":10385,"comment_status":"closed","ping_status":"closed","sticky":false,"template":"","format":"standard","meta":{"footnotes":""},"categories":[1],"tags":[51,61,62],"_links":{"self":[{"href":"https:\/\/www.rwg-bayreuth.de\/home\/index.php?rest_route=\/wp\/v2\/posts\/10384"}],"collection":[{"href":"https:\/\/www.rwg-bayreuth.de\/home\/index.php?rest_route=\/wp\/v2\/posts"}],"about":[{"href":"https:\/\/www.rwg-bayreuth.de\/home\/index.php?rest_route=\/wp\/v2\/types\/post"}],"author":[{"embeddable":true,"href":"https:\/\/www.rwg-bayreuth.de\/home\/index.php?rest_route=\/wp\/v2\/users\/2"}],"replies":[{"embeddable":true,"href":"https:\/\/www.rwg-bayreuth.de\/home\/index.php?rest_route=%2Fwp%2Fv2%2Fcomments&post=10384"}],"version-history":[{"count":4,"href":"https:\/\/www.rwg-bayreuth.de\/home\/index.php?rest_route=\/wp\/v2\/posts\/10384\/revisions"}],"predecessor-version":[{"id":10397,"href":"https:\/\/www.rwg-bayreuth.de\/home\/index.php?rest_route=\/wp\/v2\/posts\/10384\/revisions\/10397"}],"wp:featuredmedia":[{"embeddable":true,"href":"https:\/\/www.rwg-bayreuth.de\/home\/index.php?rest_route=\/wp\/v2\/media\/10385"}],"wp:attachment":[{"href":"https:\/\/www.rwg-bayreuth.de\/home\/index.php?rest_route=%2Fwp%2Fv2%2Fmedia&parent=10384"}],"wp:term":[{"taxonomy":"category","embeddable":true,"href":"https:\/\/www.rwg-bayreuth.de\/home\/index.php?rest_route=%2Fwp%2Fv2%2Fcategories&post=10384"},{"taxonomy":"post_tag","embeddable":true,"href":"https:\/\/www.rwg-bayreuth.de\/home\/index.php?rest_route=%2Fwp%2Fv2%2Ftags&post=10384"}],"curies":[{"name":"wp","href":"https:\/\/api.w.org\/{rel}","templated":true}]}}