{"id":10337,"date":"2016-07-27T19:40:25","date_gmt":"2016-07-27T17:40:25","guid":{"rendered":"http:\/\/www.rwg-bayreuth.de\/home\/?page_id=10337"},"modified":"2021-12-01T14:53:39","modified_gmt":"2021-12-01T13:53:39","slug":"10337-2","status":"publish","type":"post","link":"https:\/\/www.rwg-bayreuth.de\/home\/?p=10337","title":{"rendered":"Schulfest im Sonnenschein"},"content":{"rendered":"<div id=\"attachment_10338\" style=\"width: 460px\" class=\"wp-caption alignleft\"><a href=\"https:\/\/www.rwg-bayreuth.de\/home\/wp-content\/uploads\/2016\/07\/1-A-Schulfest.jpg\"><img loading=\"lazy\" decoding=\"async\" aria-describedby=\"caption-attachment-10338\" class=\"size-full wp-image-10338\" src=\"https:\/\/www.rwg-bayreuth.de\/home\/wp-content\/uploads\/2016\/07\/1-A-Schulfest.jpg\" alt=\"Das Wetter war prima und es gab viele Aktivit\u00e4ten.\" width=\"450\" height=\"299\" srcset=\"https:\/\/www.rwg-bayreuth.de\/home\/wp-content\/uploads\/2016\/07\/1-A-Schulfest.jpg 450w, https:\/\/www.rwg-bayreuth.de\/home\/wp-content\/uploads\/2016\/07\/1-A-Schulfest-150x100.jpg 150w, https:\/\/www.rwg-bayreuth.de\/home\/wp-content\/uploads\/2016\/07\/1-A-Schulfest-300x199.jpg 300w, https:\/\/www.rwg-bayreuth.de\/home\/wp-content\/uploads\/2016\/07\/1-A-Schulfest-250x166.jpg 250w\" sizes=\"(max-width: 450px) 100vw, 450px\" \/><\/a><p id=\"caption-attachment-10338\" class=\"wp-caption-text\">Das Wetter war prima und es gab viele Aktivit\u00e4ten.<\/p><\/div>\n<p>Bei pr\u00e4chtigstem Wetter ging das Sommerfest unserer Schule \u00fcber die B\u00fchne. Auf dem Pausenhof und dem Sportplatz war jede Menge los und es herrschte eine sch\u00f6ne Stimmung.<\/p>\n<p>Wenn auch in den fr\u00fchen Nachmittagsstunden einige dunkle Gewitterwolken am Himmel standen, so hatte der in diesem Jahr ja recht unnachsichtige Wettergott ein Einsehen und schickte bestes Biergartenwetter, das auch viele G\u00e4ste auf das RWG-Schulgel\u00e4nde zog. Ursula Graf, die Leiterin unserer Schule, freute sich bei der Begr\u00fc\u00dfung, so viele willkommen hei\u00dfen zu k\u00f6nnen. Sie hatten es sich, wie es sich geh\u00f6rt, gleich auf den schattigen Bierb\u00e4nken unter den B\u00e4umen gem\u00fctlich gemacht, um zu plaudern und sich zu unterhalten, sich an den von der Q11 reichlich ausgeschenkten Getr\u00e4nken und den kulinarischen K\u00f6stlichkeiten des Elternbeirates zu laben.<\/p>\n<div id=\"attachment_10339\" style=\"width: 360px\" class=\"wp-caption alignleft\"><a href=\"https:\/\/www.rwg-bayreuth.de\/home\/wp-content\/uploads\/2016\/07\/8-Gummischlange2.jpg\"><img loading=\"lazy\" decoding=\"async\" aria-describedby=\"caption-attachment-10339\" class=\"size-full wp-image-10339\" src=\"https:\/\/www.rwg-bayreuth.de\/home\/wp-content\/uploads\/2016\/07\/8-Gummischlange2.jpg\" alt=\"Wer hat die bessere Balance?\" width=\"350\" height=\"240\" srcset=\"https:\/\/www.rwg-bayreuth.de\/home\/wp-content\/uploads\/2016\/07\/8-Gummischlange2.jpg 450w, https:\/\/www.rwg-bayreuth.de\/home\/wp-content\/uploads\/2016\/07\/8-Gummischlange2-150x103.jpg 150w, https:\/\/www.rwg-bayreuth.de\/home\/wp-content\/uploads\/2016\/07\/8-Gummischlange2-300x206.jpg 300w, https:\/\/www.rwg-bayreuth.de\/home\/wp-content\/uploads\/2016\/07\/8-Gummischlange2-250x172.jpg 250w\" sizes=\"(max-width: 350px) 100vw, 350px\" \/><\/a><p id=\"caption-attachment-10339\" class=\"wp-caption-text\">Wer hat die bessere Balance?<\/p><\/div>\n<p>Wer wollte, konnte auf dem Hof herumstreifen und die vielen Aktivit\u00e4ten bestaunen, welche die Klassen ausgedacht und unter der Regie der SMV vorbereitet hatten. Die ganz Mutigen getrauten sich auch mitzumachen und wurden mit jeder Menge Spa\u00df belohnt. Wer schon immer einmal bei einem Sackh\u00fcpf-Wettbewerb mitmachen wollte oder bei einem Bobby-Car-Rennen, war auf dem Hartplatz an der richtigen Stelle. Beim Torwandschie\u00dfen konnten die Fu\u00dfballer jeden Alters ihr Schussk\u00f6nnen unter Beweis stellen. Wer statt der n\u00f6tigen Beinkraft die n\u00f6tige Beinbalance mitbrachte, konnte sich auch auf dem Schwebebalken versuchen: Ziel war es, Freund oder Feind mit einer Gumminudel zu traktieren, um ihn so zum unfreiwilligen Abstieg vom Sportger\u00e4t zu veranlassen.<\/p>\n<div id=\"attachment_10340\" style=\"width: 360px\" class=\"wp-caption alignleft\"><a href=\"https:\/\/www.rwg-bayreuth.de\/home\/wp-content\/uploads\/2016\/07\/9-Fingern\u00e4gel.jpg\"><img loading=\"lazy\" decoding=\"async\" aria-describedby=\"caption-attachment-10340\" class=\"size-full wp-image-10340\" src=\"https:\/\/www.rwg-bayreuth.de\/home\/wp-content\/uploads\/2016\/07\/9-Fingern\u00e4gel.jpg\" alt=\"Nagelpflege erfordert den richtigen Lack.\" width=\"350\" height=\"240\" \/><\/a><p id=\"caption-attachment-10340\" class=\"wp-caption-text\">Nagelpflege erfordert den richtigen Lack.<\/p><\/div>\n<p>Wer auf andere Weise sein Gl\u00fcck herausfordern wollte, konnte dies an einem Gl\u00fccksrad tun. Auch Styling war angesagt: Eine Klasse lackierte gegen eine kleine Spende Fingern\u00e4gel: So entstanden kleine Kunstwerke als Nagelschmuck, aber die weniger Mutigen konnten sich auch sang- und klanglos einen Farbloslack verpassen lassen. Wer wollte, der konnte sich auch mit Farbe das Gesicht verzieren lassen. Besonders die Kleinen haben stets sehr viel Freude an den so entstehenden Masken.<\/p>\n<div id=\"attachment_10341\" style=\"width: 360px\" class=\"wp-caption alignleft\"><a href=\"https:\/\/www.rwg-bayreuth.de\/home\/wp-content\/uploads\/2016\/07\/9-Traumzauberbaum.jpg\"><img loading=\"lazy\" decoding=\"async\" aria-describedby=\"caption-attachment-10341\" class=\"size-full wp-image-10341\" src=\"https:\/\/www.rwg-bayreuth.de\/home\/wp-content\/uploads\/2016\/07\/9-Traumzauberbaum.jpg\" alt=\"Das Warten vor dem Auftritt.\" width=\"350\" height=\"245\" \/><\/a><p id=\"caption-attachment-10341\" class=\"wp-caption-text\">Das Warten vor dem Auftritt.<\/p><\/div>\n<p>Auch ein kleiner B\u00fccherbazar war vorhanden, und eine Klasse gestaltete individuelle Stofftaschen mit bunten Aufdrucken. Auch das RWG-Musical \u201eDer Traumzauberbaum\u201c wurde in der Turnhalle noch einmal aufgef\u00fchrt, nachdem es schon bei der Landesgartenschau Premiere gehabt hatte.<\/p>\n<p>Schon am Anfang des Festes war die Turnhalle Schauplatz einer ganz anderen Inszenierung gewesen, denn sie war der Treffpunkt f\u00fcr die neuen F\u00fcnftkl\u00e4ssler, die jetzt schon einmal ihre neuen Mitsch\u00fcler und die Schule kennenlernen konnten. Sie seien hier noch einmal ganz herzlich willkommen gehei\u00dfen.<\/p>\n<div id=\"attachment_10343\" style=\"width: 360px\" class=\"wp-caption alignleft\"><a href=\"https:\/\/www.rwg-bayreuth.de\/home\/wp-content\/uploads\/2016\/07\/9-Ref2.jpg\"><img loading=\"lazy\" decoding=\"async\" aria-describedby=\"caption-attachment-10343\" class=\"size-full wp-image-10343\" src=\"https:\/\/www.rwg-bayreuth.de\/home\/wp-content\/uploads\/2016\/07\/9-Ref2.jpg\" alt=\"Die Referendare stie\u00dfen auf das bestandene Examen an.\" width=\"350\" height=\"258\" srcset=\"https:\/\/www.rwg-bayreuth.de\/home\/wp-content\/uploads\/2016\/07\/9-Ref2.jpg 450w, https:\/\/www.rwg-bayreuth.de\/home\/wp-content\/uploads\/2016\/07\/9-Ref2-150x111.jpg 150w, https:\/\/www.rwg-bayreuth.de\/home\/wp-content\/uploads\/2016\/07\/9-Ref2-300x221.jpg 300w, https:\/\/www.rwg-bayreuth.de\/home\/wp-content\/uploads\/2016\/07\/9-Ref2-250x184.jpg 250w\" sizes=\"(max-width: 350px) 100vw, 350px\" \/><\/a><p id=\"caption-attachment-10343\" class=\"wp-caption-text\">Die Referendare stie\u00dfen auf das bestandene Examen an.<\/p><\/div>\n<p>Abschied nehmen hie\u00df es indes f\u00fcr unsere Studienreferendare, die mit dem Schuljahr ihre zweij\u00e4hrige Ausbildung beendet haben und sich nun mit dem stolzen Titel \u201eStudienassessor\u201c schm\u00fccken d\u00fcrfen. Darauf durfte schon mit einem Gl\u00e4schen Sekt angesto\u00dfen werden.<\/p>\n<p>Auch ihnen w\u00fcnscht die ganze Schule alles Gute f\u00fcr die weitere berufliche Zukunft!<\/p>\n<p><!--Hier sind noch einige Fotos:\n\n\n<div style=\"visibility: visible; width: 460px; margin: auto;\"><embed style=\"height: 350px; width: 460px;\" src=\"http:\/\/flash.picturetrail.com\/pflicks\/3\/spflick.swf\" type=\"application\/x-shockwave-flash\" width=\"460\" height=\"350\" align=\"middle\" name=\"Schulfest 2016\"><\/embed><\/div>\n\n--><\/p>\n","protected":false},"excerpt":{"rendered":"<p>Bei pr\u00e4chtigstem Wetter ging das Sommerfest unserer Schule \u00fcber die B\u00fchne. Auf dem Pausenhof und dem Sportplatz war jede Menge los und es herrschte eine sch\u00f6ne Stimmung. Wenn auch in den fr\u00fchen Nachmittagsstunden einige dunkle Gewitterwolken am Himmel standen, so hatte der in diesem Jahr ja recht unnachsichtige Wettergott ein Einsehen und schickte bestes Biergartenwetter,&hellip;<\/p>\n","protected":false},"author":2,"featured_media":10338,"comment_status":"closed","ping_status":"closed","sticky":false,"template":"","format":"standard","meta":{"footnotes":""},"categories":[1],"tags":[47,46,51,35,115],"_links":{"self":[{"href":"https:\/\/www.rwg-bayreuth.de\/home\/index.php?rest_route=\/wp\/v2\/posts\/10337"}],"collection":[{"href":"https:\/\/www.rwg-bayreuth.de\/home\/index.php?rest_route=\/wp\/v2\/posts"}],"about":[{"href":"https:\/\/www.rwg-bayreuth.de\/home\/index.php?rest_route=\/wp\/v2\/types\/post"}],"author":[{"embeddable":true,"href":"https:\/\/www.rwg-bayreuth.de\/home\/index.php?rest_route=\/wp\/v2\/users\/2"}],"replies":[{"embeddable":true,"href":"https:\/\/www.rwg-bayreuth.de\/home\/index.php?rest_route=%2Fwp%2Fv2%2Fcomments&post=10337"}],"version-history":[{"count":18,"href":"https:\/\/www.rwg-bayreuth.de\/home\/index.php?rest_route=\/wp\/v2\/posts\/10337\/revisions"}],"predecessor-version":[{"id":14857,"href":"https:\/\/www.rwg-bayreuth.de\/home\/index.php?rest_route=\/wp\/v2\/posts\/10337\/revisions\/14857"}],"wp:featuredmedia":[{"embeddable":true,"href":"https:\/\/www.rwg-bayreuth.de\/home\/index.php?rest_route=\/wp\/v2\/media\/10338"}],"wp:attachment":[{"href":"https:\/\/www.rwg-bayreuth.de\/home\/index.php?rest_route=%2Fwp%2Fv2%2Fmedia&parent=10337"}],"wp:term":[{"taxonomy":"category","embeddable":true,"href":"https:\/\/www.rwg-bayreuth.de\/home\/index.php?rest_route=%2Fwp%2Fv2%2Fcategories&post=10337"},{"taxonomy":"post_tag","embeddable":true,"href":"https:\/\/www.rwg-bayreuth.de\/home\/index.php?rest_route=%2Fwp%2Fv2%2Ftags&post=10337"}],"curies":[{"name":"wp","href":"https:\/\/api.w.org\/{rel}","templated":true}]}}